{"id":972,"date":"2007-06-21T06:52:48","date_gmt":"2007-06-21T06:52:48","guid":{"rendered":"http:\/\/www.bureau-heuchel-klag.de\/kunsthaus\/?p=972"},"modified":"2012-06-21T06:57:54","modified_gmt":"2012-06-21T06:57:54","slug":"yes-no","status":"publish","type":"post","link":"https:\/\/bureau-heuchel-klag.de\/kunsthaus\/?p=972","title":{"rendered":"YES \/ NO"},"content":{"rendered":"<p><a href=\"https:\/\/bureau-heuchel-klag.de\/kunsthaus\/wp-content\/uploads\/2007\/06\/yes_no.jpg\"><img loading=\"lazy\" decoding=\"async\" src=\"https:\/\/bureau-heuchel-klag.de\/kunsthaus\/wp-content\/uploads\/2007\/06\/yes_no-300x187.jpg\" alt=\"\" title=\"yes_no\" width=\"300\" height=\"187\" class=\"alignnone size-medium wp-image-975\" srcset=\"https:\/\/bureau-heuchel-klag.de\/kunsthaus\/wp-content\/uploads\/2007\/06\/yes_no-300x187.jpg 300w, https:\/\/bureau-heuchel-klag.de\/kunsthaus\/wp-content\/uploads\/2007\/06\/yes_no.jpg 700w\" sizes=\"auto, (max-width: 300px) 100vw, 300px\" \/><\/a><\/p>\n<p><strong>Modernisierung Bundessozialgericht in Kassel 2007<\/strong><\/p>\n<p>YES \/ NO ist eine Bodenarbeit aus zwei diagonal getrennten Farbfl\u00e4chen. Sie schreibt die Geometrie 10 m x 40 m des Hofes vor der Ahnenhalle fort. YES \/ NO legt sich als begehbare Platzfl\u00e4che in das Gr\u00fcn. F\u00fcr die Bel\u00e4ge ca. 400 qm sind zwei Steinsorten mit kulturhistorischer Bedeutung vorgesehen. Eine schwarze Steinfl\u00e4che aus Diorit, das Material der Gesetzesstele Hamurabis. Eine wei\u00dfe Steinfl\u00e4che aus Marmor \u201eStatuario\u201c, der Marmor f\u00fcr Statuen. Die trennende Diagonale mit einer L\u00e4nge von 41 lfm. ist aus Edelstahl mit eingelegten Lichtfasern gefertigt. Sie leuchtet nachts aus sich heraus und kreuzt die fu\u00dfl\u00e4ufige Verbindung zwischen Stadt und Bundessozialgericht. <\/p>\n<!-- PHP 5.x -->","protected":false},"excerpt":{"rendered":"<p>Modernisierung Bundessozialgericht in Kassel 2007 &#8211; YES \/ NO ist eine Bodenarbeit aus zwei diagonal getrennten Farbfl\u00e4chen. Sie schreibt die Geometrie 10 m x 40 m des Hofes vor der Ahnenhalle fort. YES \/ NO legt sich als begehbare Platzfl\u00e4che in das Gr\u00fcn. F\u00fcr die Bel\u00e4ge ca. 400 qm sind zwei Steinsorten mit kulturhistorischer Bedeutung vorgesehen. &#8230;<\/p>\n","protected":false},"author":1,"featured_media":0,"comment_status":"closed","ping_status":"closed","sticky":false,"template":"","format":"standard","meta":{"footnotes":""},"categories":[1,4],"tags":[],"class_list":["post-972","post","type-post","status-publish","format-standard","hentry","category-alle-beitraege","category-kunst-am-bau"],"_links":{"self":[{"href":"https:\/\/bureau-heuchel-klag.de\/kunsthaus\/index.php?rest_route=\/wp\/v2\/posts\/972","targetHints":{"allow":["GET"]}}],"collection":[{"href":"https:\/\/bureau-heuchel-klag.de\/kunsthaus\/index.php?rest_route=\/wp\/v2\/posts"}],"about":[{"href":"https:\/\/bureau-heuchel-klag.de\/kunsthaus\/index.php?rest_route=\/wp\/v2\/types\/post"}],"author":[{"embeddable":true,"href":"https:\/\/bureau-heuchel-klag.de\/kunsthaus\/index.php?rest_route=\/wp\/v2\/users\/1"}],"replies":[{"embeddable":true,"href":"https:\/\/bureau-heuchel-klag.de\/kunsthaus\/index.php?rest_route=%2Fwp%2Fv2%2Fcomments&post=972"}],"version-history":[{"count":3,"href":"https:\/\/bureau-heuchel-klag.de\/kunsthaus\/index.php?rest_route=\/wp\/v2\/posts\/972\/revisions"}],"predecessor-version":[{"id":976,"href":"https:\/\/bureau-heuchel-klag.de\/kunsthaus\/index.php?rest_route=\/wp\/v2\/posts\/972\/revisions\/976"}],"wp:attachment":[{"href":"https:\/\/bureau-heuchel-klag.de\/kunsthaus\/index.php?rest_route=%2Fwp%2Fv2%2Fmedia&parent=972"}],"wp:term":[{"taxonomy":"category","embeddable":true,"href":"https:\/\/bureau-heuchel-klag.de\/kunsthaus\/index.php?rest_route=%2Fwp%2Fv2%2Fcategories&post=972"},{"taxonomy":"post_tag","embeddable":true,"href":"https:\/\/bureau-heuchel-klag.de\/kunsthaus\/index.php?rest_route=%2Fwp%2Fv2%2Ftags&post=972"}],"curies":[{"name":"wp","href":"https:\/\/api.w.org\/{rel}","templated":true}]}}