{"id":943,"date":"2004-04-10T05:45:36","date_gmt":"2004-04-10T05:45:36","guid":{"rendered":"http:\/\/www.bureau-heuchel-klag.de\/kunsthaus\/?p=943"},"modified":"2012-06-21T05:53:55","modified_gmt":"2012-06-21T05:53:55","slug":"zeichen-wien","status":"publish","type":"post","link":"https:\/\/bureau-heuchel-klag.de\/kunsthaus\/?p=943","title":{"rendered":"Zeichen Wien"},"content":{"rendered":"<p>f\u00fcr rheinfl\u00fcgel<br \/>\nWettbewerb Zeichen, Ank\u00fcndigungssystem im Vorfeld des Museumsquartiers Wien 7, 2003\/2004 1.Preis<br \/>\n<a href=\"https:\/\/bureau-heuchel-klag.de\/kunsthaus\/wp-content\/uploads\/2004\/04\/zeichenwien1.jpg\"><img loading=\"lazy\" decoding=\"async\" class=\"alignnone  wp-image-947\" title=\"zeichenwien1\" src=\"https:\/\/bureau-heuchel-klag.de\/kunsthaus\/wp-content\/uploads\/2004\/04\/zeichenwien1-150x150.jpg\" alt=\"\" width=\"85\" height=\"85\" \/><\/a><a href=\"https:\/\/bureau-heuchel-klag.de\/kunsthaus\/wp-content\/uploads\/2004\/04\/zeichenwien2.jpg\"><img loading=\"lazy\" decoding=\"async\" class=\"alignnone  wp-image-948\" title=\"zeichenwien2\" src=\"https:\/\/bureau-heuchel-klag.de\/kunsthaus\/wp-content\/uploads\/2004\/04\/zeichenwien2-150x145.jpg\" alt=\"\" width=\"85\" height=\"85\" \/><\/a><a href=\"https:\/\/bureau-heuchel-klag.de\/kunsthaus\/wp-content\/uploads\/2004\/04\/zeichenwien3.jpg\"><img loading=\"lazy\" decoding=\"async\" class=\"alignnone  wp-image-949\" title=\"zeichenwien3\" src=\"https:\/\/bureau-heuchel-klag.de\/kunsthaus\/wp-content\/uploads\/2004\/04\/zeichenwien3-150x150.jpg\" alt=\"\" width=\"85\" height=\"85\" \/><\/a><a href=\"https:\/\/bureau-heuchel-klag.de\/kunsthaus\/wp-content\/uploads\/2004\/04\/zeichenwien4.jpg\"><img loading=\"lazy\" decoding=\"async\" class=\"alignnone  wp-image-950\" title=\"zeichenwien4\" src=\"https:\/\/bureau-heuchel-klag.de\/kunsthaus\/wp-content\/uploads\/2004\/04\/zeichenwien4-150x150.jpg\" alt=\"\" width=\"85\" height=\"85\" \/><\/a><a href=\"https:\/\/bureau-heuchel-klag.de\/kunsthaus\/wp-content\/uploads\/2004\/04\/153ca74967.jpg\"><img loading=\"lazy\" decoding=\"async\" class=\"alignnone  wp-image-946\" title=\"153ca74967\" src=\"https:\/\/bureau-heuchel-klag.de\/kunsthaus\/wp-content\/uploads\/2004\/04\/153ca74967-150x150.jpg\" alt=\"\" width=\"85\" height=\"85\" \/><\/a><\/p>\n<p><strong>Der Flaneur und das Rondell<\/strong><\/p>\n<p>An prominenter Stelle in der Stadt strahlt ein weit sichtbarer, goldener Schirm. Der Wechsel von Licht und Farbe verleiht dem Rondell seinen zeichenhaften Charakter. Die Nischen beleuchten und schm\u00fccken die historische Fassade. Der Besucher wandert von Nische zu Nische, gelangt zu den sieben leuchtenden Toren. Die Tore werden zu attraktiven Lichtr\u00e4umen. Sie werden in gleichm\u00e4\u00dfiges, schattenfreies Licht getaucht. Die vorhandenen Quader werden mit beleuchtbaren Vitrinen erg\u00e4nzt. Sie bilden eine klare Linie am \u00e4u\u00dferen Rand des Vorplatzes.<\/p>\n<!-- PHP 5.x -->","protected":false},"excerpt":{"rendered":"<p>Zeichen Wien &#8211; f\u00fcr rheinfl\u00fcgel &#8211; Wettbewerb Zeichen, Ank\u00fcndigungssystem im Vorfeld des Museumsquartiers Wien 7, 2003\/2004 1.Preis. Der Flaneur und das Rondell &#8211; An prominenter Stelle in der Stadt strahlt ein weit sichtbarer, goldener Schirm. Der Wechsel von Licht und Farbe verleiht dem Rondell seinen zeichenhaften Charakter. &#8230;<\/p>\n","protected":false},"author":1,"featured_media":0,"comment_status":"closed","ping_status":"closed","sticky":false,"template":"","format":"standard","meta":{"footnotes":""},"categories":[1,4],"tags":[],"class_list":["post-943","post","type-post","status-publish","format-standard","hentry","category-alle-beitraege","category-kunst-am-bau"],"_links":{"self":[{"href":"https:\/\/bureau-heuchel-klag.de\/kunsthaus\/index.php?rest_route=\/wp\/v2\/posts\/943","targetHints":{"allow":["GET"]}}],"collection":[{"href":"https:\/\/bureau-heuchel-klag.de\/kunsthaus\/index.php?rest_route=\/wp\/v2\/posts"}],"about":[{"href":"https:\/\/bureau-heuchel-klag.de\/kunsthaus\/index.php?rest_route=\/wp\/v2\/types\/post"}],"author":[{"embeddable":true,"href":"https:\/\/bureau-heuchel-klag.de\/kunsthaus\/index.php?rest_route=\/wp\/v2\/users\/1"}],"replies":[{"embeddable":true,"href":"https:\/\/bureau-heuchel-klag.de\/kunsthaus\/index.php?rest_route=%2Fwp%2Fv2%2Fcomments&post=943"}],"version-history":[{"count":7,"href":"https:\/\/bureau-heuchel-klag.de\/kunsthaus\/index.php?rest_route=\/wp\/v2\/posts\/943\/revisions"}],"predecessor-version":[{"id":955,"href":"https:\/\/bureau-heuchel-klag.de\/kunsthaus\/index.php?rest_route=\/wp\/v2\/posts\/943\/revisions\/955"}],"wp:attachment":[{"href":"https:\/\/bureau-heuchel-klag.de\/kunsthaus\/index.php?rest_route=%2Fwp%2Fv2%2Fmedia&parent=943"}],"wp:term":[{"taxonomy":"category","embeddable":true,"href":"https:\/\/bureau-heuchel-klag.de\/kunsthaus\/index.php?rest_route=%2Fwp%2Fv2%2Fcategories&post=943"},{"taxonomy":"post_tag","embeddable":true,"href":"https:\/\/bureau-heuchel-klag.de\/kunsthaus\/index.php?rest_route=%2Fwp%2Fv2%2Ftags&post=943"}],"curies":[{"name":"wp","href":"https:\/\/api.w.org\/{rel}","templated":true}]}}