{"id":915,"date":"2003-06-25T05:18:50","date_gmt":"2003-06-25T05:18:50","guid":{"rendered":"http:\/\/www.bureau-heuchel-klag.de\/kunsthaus\/?p=915"},"modified":"2012-06-21T05:27:35","modified_gmt":"2012-06-21T05:27:35","slug":"zapp-ag-schwerte","status":"publish","type":"post","link":"https:\/\/bureau-heuchel-klag.de\/kunsthaus\/?p=915","title":{"rendered":"Zapp AG Schwerte"},"content":{"rendered":"<p>Interdisziplin\u00e4res Projektteam STAHLWERK 2003<br \/>\nrheinfl\u00fcgel baukunst, bHK und Bj\u00f6rn Nolte, Gestaltung des Stahlwerkes Ergste Westig GMBH ein Unternehmen der Zapp AG<br \/>\n<a href=\"https:\/\/bureau-heuchel-klag.de\/kunsthaus\/wp-content\/uploads\/2012\/06\/zappag1.gif\"><img loading=\"lazy\" decoding=\"async\" class=\"alignnone  wp-image-916\" title=\"zappag1\" src=\"https:\/\/bureau-heuchel-klag.de\/kunsthaus\/wp-content\/uploads\/2012\/06\/zappag1-150x150.gif\" alt=\"\" width=\"160\" height=\"160\" \/><\/a><a href=\"https:\/\/bureau-heuchel-klag.de\/kunsthaus\/wp-content\/uploads\/2012\/06\/zappag2.jpg\"><img loading=\"lazy\" decoding=\"async\" class=\"alignnone  wp-image-917\" title=\"zappag2\" src=\"https:\/\/bureau-heuchel-klag.de\/kunsthaus\/wp-content\/uploads\/2012\/06\/zappag2-150x150.jpg\" alt=\"\" width=\"160\" height=\"160\" \/><\/a><a href=\"https:\/\/bureau-heuchel-klag.de\/kunsthaus\/wp-content\/uploads\/2012\/06\/zappag3.jpg\"><img loading=\"lazy\" decoding=\"async\" class=\"alignnone  wp-image-918\" title=\"zappag3\" src=\"https:\/\/bureau-heuchel-klag.de\/kunsthaus\/wp-content\/uploads\/2012\/06\/zappag3-150x150.jpg\" alt=\"\" width=\"160\" height=\"160\" \/><\/a><br \/>\n<strong>Stahlwerk<\/strong><\/p>\n<p>Der metallische Glanz der ausgew\u00e4hlten Materialien heben den Turm hervor. Der leichte Aufbau aus strukturierten und polierten Stahlstangen erh\u00f6ht die Figur des Turmes. Der Abschluss wird beleuchtet. Als Kontrast zur vertikalen Bewegung des Turmes wird die Fassade horizontal gestaltet. Vor das vorhandene Fensterband wird ein gl\u00e4serner Schaukasten geblendet. Er \u00fcberspannt die gesamte Fensterfront und belebt mit auf Glas ge\u00e4tzten Motiven den Stra\u00dfenraum. Stahl als Rohstoff wird zum werbewirksamen Bild eines modernen Unternehmens.<\/p>\n<!-- PHP 5.x -->","protected":false},"excerpt":{"rendered":"<p>Stahlwerk &#8211; Der metallische Glanz der ausgew\u00e4hlten Materialien heben den Turm hervor. Der leichte Aufbau aus strukturierten und polierten Stahlstangen erh\u00f6ht die Figur des Turmes. Der Abschluss wird beleuchtet. Als Kontrast zur vertikalen Bewegung des Turmes wird die Fassade horizontal gestaltet. &#8230;<\/p>\n","protected":false},"author":1,"featured_media":0,"comment_status":"closed","ping_status":"closed","sticky":false,"template":"","format":"standard","meta":{"footnotes":""},"categories":[1,4],"tags":[],"class_list":["post-915","post","type-post","status-publish","format-standard","hentry","category-alle-beitraege","category-kunst-am-bau"],"_links":{"self":[{"href":"https:\/\/bureau-heuchel-klag.de\/kunsthaus\/index.php?rest_route=\/wp\/v2\/posts\/915","targetHints":{"allow":["GET"]}}],"collection":[{"href":"https:\/\/bureau-heuchel-klag.de\/kunsthaus\/index.php?rest_route=\/wp\/v2\/posts"}],"about":[{"href":"https:\/\/bureau-heuchel-klag.de\/kunsthaus\/index.php?rest_route=\/wp\/v2\/types\/post"}],"author":[{"embeddable":true,"href":"https:\/\/bureau-heuchel-klag.de\/kunsthaus\/index.php?rest_route=\/wp\/v2\/users\/1"}],"replies":[{"embeddable":true,"href":"https:\/\/bureau-heuchel-klag.de\/kunsthaus\/index.php?rest_route=%2Fwp%2Fv2%2Fcomments&post=915"}],"version-history":[{"count":3,"href":"https:\/\/bureau-heuchel-klag.de\/kunsthaus\/index.php?rest_route=\/wp\/v2\/posts\/915\/revisions"}],"predecessor-version":[{"id":920,"href":"https:\/\/bureau-heuchel-klag.de\/kunsthaus\/index.php?rest_route=\/wp\/v2\/posts\/915\/revisions\/920"}],"wp:attachment":[{"href":"https:\/\/bureau-heuchel-klag.de\/kunsthaus\/index.php?rest_route=%2Fwp%2Fv2%2Fmedia&parent=915"}],"wp:term":[{"taxonomy":"category","embeddable":true,"href":"https:\/\/bureau-heuchel-klag.de\/kunsthaus\/index.php?rest_route=%2Fwp%2Fv2%2Fcategories&post=915"},{"taxonomy":"post_tag","embeddable":true,"href":"https:\/\/bureau-heuchel-klag.de\/kunsthaus\/index.php?rest_route=%2Fwp%2Fv2%2Ftags&post=915"}],"curies":[{"name":"wp","href":"https:\/\/api.w.org\/{rel}","templated":true}]}}