{"id":899,"date":"1998-02-14T19:56:43","date_gmt":"1998-02-14T19:56:43","guid":{"rendered":"http:\/\/www.bureau-heuchel-klag.de\/kunsthaus\/?p=899"},"modified":"2012-06-20T20:02:46","modified_gmt":"2012-06-20T20:02:46","slug":"hafermagazin-landau","status":"publish","type":"post","link":"https:\/\/bureau-heuchel-klag.de\/kunsthaus\/?p=899","title":{"rendered":"Hafermagazin Landau"},"content":{"rendered":"<p><a href=\"https:\/\/bureau-heuchel-klag.de\/kunsthaus\/wp-content\/uploads\/1998\/02\/hafermagazin_grundriss.gif\"><img loading=\"lazy\" decoding=\"async\" src=\"https:\/\/bureau-heuchel-klag.de\/kunsthaus\/wp-content\/uploads\/1998\/02\/hafermagazin_grundriss-150x150.gif\" alt=\"\" title=\"hafermagazin_grundriss\" width=\"150\" height=\"150\" class=\"alignnone size-thumbnail wp-image-902\" \/><\/a><a href=\"https:\/\/bureau-heuchel-klag.de\/kunsthaus\/wp-content\/uploads\/1998\/02\/hafermagazin_schnitt.gif\"><img loading=\"lazy\" decoding=\"async\" src=\"https:\/\/bureau-heuchel-klag.de\/kunsthaus\/wp-content\/uploads\/1998\/02\/hafermagazin_schnitt-150x150.gif\" alt=\"\" title=\"hafermagazin_schnitt\" width=\"150\" height=\"150\" class=\"alignnone size-thumbnail wp-image-903\" \/><\/a><a href=\"https:\/\/bureau-heuchel-klag.de\/kunsthaus\/wp-content\/uploads\/1998\/02\/hafermagazin_bar2.jpg\"><img loading=\"lazy\" decoding=\"async\" src=\"https:\/\/bureau-heuchel-klag.de\/kunsthaus\/wp-content\/uploads\/1998\/02\/hafermagazin_bar2-150x150.jpg\" alt=\"\" title=\"hafermagazin_bar2\" width=\"150\" height=\"150\" class=\"alignnone size-thumbnail wp-image-901\" \/><\/a><a href=\"https:\/\/bureau-heuchel-klag.de\/kunsthaus\/wp-content\/uploads\/1998\/02\/hafermagazin_spiel.jpg\"><img loading=\"lazy\" decoding=\"async\" src=\"https:\/\/bureau-heuchel-klag.de\/kunsthaus\/wp-content\/uploads\/1998\/02\/hafermagazin_spiel-150x150.jpg\" alt=\"\" title=\"hafermagazin_spiel\" width=\"150\" height=\"150\" class=\"alignnone size-thumbnail wp-image-904\" \/><\/a><a href=\"https:\/\/bureau-heuchel-klag.de\/kunsthaus\/wp-content\/uploads\/1998\/02\/hafermagazin_wolken.jpg\"><img loading=\"lazy\" decoding=\"async\" src=\"https:\/\/bureau-heuchel-klag.de\/kunsthaus\/wp-content\/uploads\/1998\/02\/hafermagazin_wolken-150x150.jpg\" alt=\"\" title=\"hafermagazin_wolken\" width=\"150\" height=\"150\" class=\"alignnone size-thumbnail wp-image-905\" \/><\/a><br \/>\n<strong>Hafermagazin Landau<\/strong><br \/>\nein offenes Baukonzept<\/p>\n<p>&nbsp;<\/p>\n<p>Im Erdgeschoss des Hafermagazins wird eine &#8222;tempor\u00e4re&#8220; Bar f\u00fcr die Sommermonate installiert. Sie spannt durch das Geb\u00e4ude und verbindet das \u201cQuartier Chopin\u201d mit dem Fluss Queich. \u00dcber leichte Trennmaterialien z.B. Folien oder Gazestoff wir der Barraum vom Restraum getrennt. \u00dcber Treppen werden die Zug\u00e4nge markiert. Das Raumprogramm ist eng mit der sp\u00e4teren Nutzung des Hafermagazins und der Stiftung Hafermagazin verkn\u00fcpft.<\/p>\n<!-- PHP 5.x -->","protected":false},"excerpt":{"rendered":"<p>Hafermagazin Landau &#8211; Hafermagazin Landau &#8211; ein offenes Baukonzept &#8211; Im Erdgeschoss des Hafermagazins wird eine &#8222;tempor\u00e4re&#8220; Bar f\u00fcr die Sommermonate installiert. Sie spannt durch das Geb\u00e4ude und verbindet das \u201cQuartier Chopin\u201d mit dem Fluss Queich. \u00dcber leichte Trennmaterialien z.B. Folien oder Gazestoff wir der Barraum vom Restraum getrennt. &#8230;<\/p>\n","protected":false},"author":1,"featured_media":0,"comment_status":"closed","ping_status":"closed","sticky":false,"template":"","format":"standard","meta":{"footnotes":""},"categories":[1,4],"tags":[],"class_list":["post-899","post","type-post","status-publish","format-standard","hentry","category-alle-beitraege","category-kunst-am-bau"],"_links":{"self":[{"href":"https:\/\/bureau-heuchel-klag.de\/kunsthaus\/index.php?rest_route=\/wp\/v2\/posts\/899","targetHints":{"allow":["GET"]}}],"collection":[{"href":"https:\/\/bureau-heuchel-klag.de\/kunsthaus\/index.php?rest_route=\/wp\/v2\/posts"}],"about":[{"href":"https:\/\/bureau-heuchel-klag.de\/kunsthaus\/index.php?rest_route=\/wp\/v2\/types\/post"}],"author":[{"embeddable":true,"href":"https:\/\/bureau-heuchel-klag.de\/kunsthaus\/index.php?rest_route=\/wp\/v2\/users\/1"}],"replies":[{"embeddable":true,"href":"https:\/\/bureau-heuchel-klag.de\/kunsthaus\/index.php?rest_route=%2Fwp%2Fv2%2Fcomments&post=899"}],"version-history":[{"count":3,"href":"https:\/\/bureau-heuchel-klag.de\/kunsthaus\/index.php?rest_route=\/wp\/v2\/posts\/899\/revisions"}],"predecessor-version":[{"id":907,"href":"https:\/\/bureau-heuchel-klag.de\/kunsthaus\/index.php?rest_route=\/wp\/v2\/posts\/899\/revisions\/907"}],"wp:attachment":[{"href":"https:\/\/bureau-heuchel-klag.de\/kunsthaus\/index.php?rest_route=%2Fwp%2Fv2%2Fmedia&parent=899"}],"wp:term":[{"taxonomy":"category","embeddable":true,"href":"https:\/\/bureau-heuchel-klag.de\/kunsthaus\/index.php?rest_route=%2Fwp%2Fv2%2Fcategories&post=899"},{"taxonomy":"post_tag","embeddable":true,"href":"https:\/\/bureau-heuchel-klag.de\/kunsthaus\/index.php?rest_route=%2Fwp%2Fv2%2Ftags&post=899"}],"curies":[{"name":"wp","href":"https:\/\/api.w.org\/{rel}","templated":true}]}}