{"id":826,"date":"2007-05-05T17:43:16","date_gmt":"2007-05-05T17:43:16","guid":{"rendered":"http:\/\/www.bureau-heuchel-klag.de\/kunsthaus\/?p=826"},"modified":"2012-06-20T17:49:25","modified_gmt":"2012-06-20T17:49:25","slug":"dorfmitte-leimersheim","status":"publish","type":"post","link":"https:\/\/bureau-heuchel-klag.de\/kunsthaus\/?p=826","title":{"rendered":"Dorfmitte Leimersheim"},"content":{"rendered":"<p><a href=\"https:\/\/bureau-heuchel-klag.de\/kunsthaus\/wp-content\/uploads\/2007\/05\/7e6d60d6b3.jpg\"><img loading=\"lazy\" decoding=\"async\" class=\"alignnone  wp-image-829\" title=\"7e6d60d6b3\" src=\"https:\/\/bureau-heuchel-klag.de\/kunsthaus\/wp-content\/uploads\/2007\/05\/7e6d60d6b3-150x150.jpg\" alt=\"\" width=\"130\" height=\"130\" \/><\/a><a href=\"https:\/\/bureau-heuchel-klag.de\/kunsthaus\/wp-content\/uploads\/2007\/05\/6a76bbcbc9.jpg\"><img loading=\"lazy\" decoding=\"async\" class=\"alignnone  wp-image-828\" title=\"6a76bbcbc9\" src=\"https:\/\/bureau-heuchel-klag.de\/kunsthaus\/wp-content\/uploads\/2007\/05\/6a76bbcbc9-150x150.jpg\" alt=\"\" width=\"130\" height=\"130\" \/><\/a><a href=\"https:\/\/bureau-heuchel-klag.de\/kunsthaus\/wp-content\/uploads\/2007\/05\/ee18e64c24.jpg\"><img loading=\"lazy\" decoding=\"async\" class=\"alignnone  wp-image-831\" title=\"ee18e64c24\" src=\"https:\/\/bureau-heuchel-klag.de\/kunsthaus\/wp-content\/uploads\/2007\/05\/ee18e64c24-150x150.jpg\" alt=\"\" width=\"130\" height=\"130\" \/><\/a><a href=\"https:\/\/bureau-heuchel-klag.de\/kunsthaus\/wp-content\/uploads\/2007\/05\/bf92ed21b2.jpg\"><img loading=\"lazy\" decoding=\"async\" class=\"alignnone  wp-image-830\" title=\"bf92ed21b2\" src=\"https:\/\/bureau-heuchel-klag.de\/kunsthaus\/wp-content\/uploads\/2007\/05\/bf92ed21b2-150x150.jpg\" alt=\"\" width=\"130\" height=\"130\" \/><\/a><br \/>\nInnenminister Karl Peter Bruch hat im Rahmen des Dorferneuerungsprogramms der Gemeinde Leimersheim eine Anerkennung verliehen. Das ehemalige Fischerdorf in der S\u00fcdpfalz will sein Ortszentrum ver\u00e4ndern und damit einen Grundstein f\u00fcr die nachhaltige Nutzung der umliegenden Auenlandschaft f\u00fcr den sanften Tourismus legen. Aus diesem Anlass wurde ein architektonischer Realisierungswettbewerb durchgef\u00fchrt.<\/p>\n<p>Mit \u201eHerz und Verstand\u201c f\u00fcr die Gestaltung haben Christian Heuchel bHK + rheinfl\u00fcgel, Klinkott Architekten und FSW Landschaftsarchitekten den 3.Preis erhalten.<\/p>\n<p>Der neue B\u00e4renplatz soll eine gro\u00dfz\u00fcgige zusammenh\u00e4ngende Fl\u00e4che werden. Dazu werden die vorhandenen Bel\u00e4ge durch neue Bel\u00e4ge patchworkartig erg\u00e4nzt. Eine zweite streifenf\u00f6rmige Struktur verbindet die gesamte Belagsfl\u00e4che. Die Waschpl\u00e4tze sind atmosph\u00e4rische Orte am Erlenbach. K\u00fcnstlerische Fragmente in Form von zerbrochenen Marmorplatten im Wasser betonen die Waschpl\u00e4tze als zeitgeschichtliche Orte im Dorfleben.<\/p>\n<!-- PHP 5.x -->","protected":false},"excerpt":{"rendered":"<p>Dorfmitte Leimersheim &#8211;  Innenminister Karl Peter Bruch hat im Rahmen des Dorferneuerungsprogramms der Gemeinde Leimersheim eine Anerkennung verliehen. Das ehemalige Fischerdorf in der S\u00fcdpfalz will sein Ortszentrum ver\u00e4ndern und damit einen Grundstein f\u00fcr die nachhaltige Nutzung der umliegenden Auenlandschaft f\u00fcr den sanften Tourismus legen&#8230;<\/p>\n","protected":false},"author":1,"featured_media":0,"comment_status":"closed","ping_status":"closed","sticky":false,"template":"","format":"standard","meta":{"footnotes":""},"categories":[1,4],"tags":[],"class_list":["post-826","post","type-post","status-publish","format-standard","hentry","category-alle-beitraege","category-kunst-am-bau"],"_links":{"self":[{"href":"https:\/\/bureau-heuchel-klag.de\/kunsthaus\/index.php?rest_route=\/wp\/v2\/posts\/826","targetHints":{"allow":["GET"]}}],"collection":[{"href":"https:\/\/bureau-heuchel-klag.de\/kunsthaus\/index.php?rest_route=\/wp\/v2\/posts"}],"about":[{"href":"https:\/\/bureau-heuchel-klag.de\/kunsthaus\/index.php?rest_route=\/wp\/v2\/types\/post"}],"author":[{"embeddable":true,"href":"https:\/\/bureau-heuchel-klag.de\/kunsthaus\/index.php?rest_route=\/wp\/v2\/users\/1"}],"replies":[{"embeddable":true,"href":"https:\/\/bureau-heuchel-klag.de\/kunsthaus\/index.php?rest_route=%2Fwp%2Fv2%2Fcomments&post=826"}],"version-history":[{"count":4,"href":"https:\/\/bureau-heuchel-klag.de\/kunsthaus\/index.php?rest_route=\/wp\/v2\/posts\/826\/revisions"}],"predecessor-version":[{"id":834,"href":"https:\/\/bureau-heuchel-klag.de\/kunsthaus\/index.php?rest_route=\/wp\/v2\/posts\/826\/revisions\/834"}],"wp:attachment":[{"href":"https:\/\/bureau-heuchel-klag.de\/kunsthaus\/index.php?rest_route=%2Fwp%2Fv2%2Fmedia&parent=826"}],"wp:term":[{"taxonomy":"category","embeddable":true,"href":"https:\/\/bureau-heuchel-klag.de\/kunsthaus\/index.php?rest_route=%2Fwp%2Fv2%2Fcategories&post=826"},{"taxonomy":"post_tag","embeddable":true,"href":"https:\/\/bureau-heuchel-klag.de\/kunsthaus\/index.php?rest_route=%2Fwp%2Fv2%2Ftags&post=826"}],"curies":[{"name":"wp","href":"https:\/\/api.w.org\/{rel}","templated":true}]}}