{"id":814,"date":"2004-05-18T17:24:53","date_gmt":"2004-05-18T17:24:53","guid":{"rendered":"http:\/\/www.bureau-heuchel-klag.de\/kunsthaus\/?p=814"},"modified":"2012-06-20T17:34:25","modified_gmt":"2012-06-20T17:34:25","slug":"campus-st-polten","status":"publish","type":"post","link":"https:\/\/bureau-heuchel-klag.de\/kunsthaus\/?p=814","title":{"rendered":"Campus St. P\u00f6lten"},"content":{"rendered":"<p><a href=\"https:\/\/bureau-heuchel-klag.de\/kunsthaus\/wp-content\/uploads\/2004\/05\/campuskrems-1lageplan.gif\"><img loading=\"lazy\" decoding=\"async\" class=\"alignnone  wp-image-817\" title=\"campuskrems-1lageplan\" src=\"https:\/\/bureau-heuchel-klag.de\/kunsthaus\/wp-content\/uploads\/2004\/05\/campuskrems-1lageplan-150x150.gif\" alt=\"\" width=\"130\" height=\"130\" \/><\/a><a href=\"https:\/\/bureau-heuchel-klag.de\/kunsthaus\/wp-content\/uploads\/2004\/05\/campuskrems-2.jpg\"><img loading=\"lazy\" decoding=\"async\" class=\"alignnone  wp-image-818\" title=\"campuskrems-2\" src=\"https:\/\/bureau-heuchel-klag.de\/kunsthaus\/wp-content\/uploads\/2004\/05\/campuskrems-2-150x150.jpg\" alt=\"\" width=\"130\" height=\"130\" \/><\/a><a href=\"https:\/\/bureau-heuchel-klag.de\/kunsthaus\/wp-content\/uploads\/2004\/05\/campuskrems-3.jpg\"><img loading=\"lazy\" decoding=\"async\" class=\"alignnone  wp-image-819\" title=\"campuskrems-3\" src=\"https:\/\/bureau-heuchel-klag.de\/kunsthaus\/wp-content\/uploads\/2004\/05\/campuskrems-3-150x150.jpg\" alt=\"\" width=\"130\" height=\"130\" \/><\/a><a href=\"https:\/\/bureau-heuchel-klag.de\/kunsthaus\/wp-content\/uploads\/2004\/05\/campuskrems-4.jpg\"><img loading=\"lazy\" decoding=\"async\" class=\"alignnone  wp-image-820\" title=\"campuskrems-4\" src=\"https:\/\/bureau-heuchel-klag.de\/kunsthaus\/wp-content\/uploads\/2004\/05\/campuskrems-4-150x150.jpg\" alt=\"\" width=\"130\" height=\"130\" \/><\/a><\/p>\n<p><strong>Forum Campus Krems St. P\u00f6lten 2004<\/strong><\/p>\n<p>mit Linn\u00e9a Saksi G\u00f6teborg<\/p>\n<h4>Scheibenfeld und Bezugs-Punkte<\/h4>\n<p>Gleich einem Fluss str\u00f6mt die Installation in serieller Ordnung \u00fcber die Platzfl\u00e4che. Es entsteht eine fein strukturierte Oberfl\u00e4che, ein \u201eintelligenter\u201c Belag. Zusammengesetzt aus einer unendlichen Vielzahl im Boden gelagerter interaktiver Informationspunkte. Die Punktpartitur basiert auf dem Prinzip der F\u00fcllung des Ausstellungsraumes mit einem System von plastischen Objekten. Das Scheibenfeld erm\u00f6glicht eine freie und interaktive Nutzung. Licht und Information der einzelnen Punkte werden zentral gesteuert. Sie formulieren die Verbindung mit den Nutzungen der umliegenden Geb\u00e4ude. Sie wechseln von einfacher Beleuchtung, \u00fcber Farbverl\u00e4ufe, Filmsequenzen und Ergebnissen aus der Biotechnologie bis hin zu Erfolgskurven aus dem Managementbereiches. Das begehbare Scheibenfeld ver\u00e4ndert sich durch die flexible Farb- und Lichtgestaltung. Die einzelnen Punkte sind von einer \u00fcberfahrbaren Glasabdeckung gesch\u00fctzt.<\/p>\n<!-- PHP 5.x -->","protected":false},"excerpt":{"rendered":"<p>Campus St. P\u00f6lten &#8211; Scheibenfeld und Bezugs-Punkte &#8211; Gleich einem Fluss str\u00f6mt die Installation in serieller Ordnung \u00fcber die Platzfl\u00e4che. Es entsteht eine fein strukturierte Oberfl\u00e4che, ein \u201eintelligenter\u201c Belag. Zusammengesetzt aus einer unendlichen Vielzahl im Boden gelagerter interaktiver Informationspunkte. &#8230;<\/p>\n","protected":false},"author":1,"featured_media":0,"comment_status":"closed","ping_status":"closed","sticky":false,"template":"","format":"standard","meta":{"footnotes":""},"categories":[1,4],"tags":[],"class_list":["post-814","post","type-post","status-publish","format-standard","hentry","category-alle-beitraege","category-kunst-am-bau"],"_links":{"self":[{"href":"https:\/\/bureau-heuchel-klag.de\/kunsthaus\/index.php?rest_route=\/wp\/v2\/posts\/814","targetHints":{"allow":["GET"]}}],"collection":[{"href":"https:\/\/bureau-heuchel-klag.de\/kunsthaus\/index.php?rest_route=\/wp\/v2\/posts"}],"about":[{"href":"https:\/\/bureau-heuchel-klag.de\/kunsthaus\/index.php?rest_route=\/wp\/v2\/types\/post"}],"author":[{"embeddable":true,"href":"https:\/\/bureau-heuchel-klag.de\/kunsthaus\/index.php?rest_route=\/wp\/v2\/users\/1"}],"replies":[{"embeddable":true,"href":"https:\/\/bureau-heuchel-klag.de\/kunsthaus\/index.php?rest_route=%2Fwp%2Fv2%2Fcomments&post=814"}],"version-history":[{"count":7,"href":"https:\/\/bureau-heuchel-klag.de\/kunsthaus\/index.php?rest_route=\/wp\/v2\/posts\/814\/revisions"}],"predecessor-version":[{"id":822,"href":"https:\/\/bureau-heuchel-klag.de\/kunsthaus\/index.php?rest_route=\/wp\/v2\/posts\/814\/revisions\/822"}],"wp:attachment":[{"href":"https:\/\/bureau-heuchel-klag.de\/kunsthaus\/index.php?rest_route=%2Fwp%2Fv2%2Fmedia&parent=814"}],"wp:term":[{"taxonomy":"category","embeddable":true,"href":"https:\/\/bureau-heuchel-klag.de\/kunsthaus\/index.php?rest_route=%2Fwp%2Fv2%2Fcategories&post=814"},{"taxonomy":"post_tag","embeddable":true,"href":"https:\/\/bureau-heuchel-klag.de\/kunsthaus\/index.php?rest_route=%2Fwp%2Fv2%2Ftags&post=814"}],"curies":[{"name":"wp","href":"https:\/\/api.w.org\/{rel}","templated":true}]}}