{"id":744,"date":"2002-05-24T12:08:24","date_gmt":"2002-05-24T12:08:24","guid":{"rendered":"http:\/\/www.bureau-heuchel-klag.de\/kunsthaus\/?p=744"},"modified":"2012-06-21T07:38:27","modified_gmt":"2012-06-21T07:38:27","slug":"benrather-karee","status":"publish","type":"post","link":"https:\/\/bureau-heuchel-klag.de\/kunsthaus\/?p=744","title":{"rendered":"Benrather Karee"},"content":{"rendered":"<p><a href=\"https:\/\/bureau-heuchel-klag.de\/kunsthaus\/wp-content\/uploads\/2012\/06\/5f5e7655c1.jpg\"><img loading=\"lazy\" decoding=\"async\" class=\"alignnone  wp-image-745\" title=\"5f5e7655c1\" src=\"https:\/\/bureau-heuchel-klag.de\/kunsthaus\/wp-content\/uploads\/2012\/06\/5f5e7655c1.jpg\" alt=\"\" width=\"456\" height=\"57\" srcset=\"https:\/\/bureau-heuchel-klag.de\/kunsthaus\/wp-content\/uploads\/2012\/06\/5f5e7655c1.jpg 760w, https:\/\/bureau-heuchel-klag.de\/kunsthaus\/wp-content\/uploads\/2012\/06\/5f5e7655c1-300x37.jpg 300w\" sizes=\"auto, (max-width: 456px) 100vw, 456px\" \/><\/a><\/p>\n<h3>\u201eNATURA\u201c<\/h3>\n<p>F\u00fcr die Wand des Innenhofes des Benrather Karrees in D\u00fcsseldorf<br \/>\nwird ein Mosaik aus keramischen Fliesen vorgeschlagen. Die Fliesen bedecken die gesamte Wand. Sie sind in einem Edelstahlrahmen eingefasst. Die Farbigkeit des Mosaiks nimmt Bezug auf die vorhandene Farbigkeit der Architektur. Es sind zarte T\u00f6ne: perlwei\u00df, ocker hell und mittel, saftgr\u00fcn hell, mittel und dunkel vorgesehen.<\/p>\n<p><em>Gunter Klag bHK<\/em><\/p>\n<!-- PHP 5.x -->","protected":false},"excerpt":{"rendered":"<p>\u201eNATURA\u201c &#8211; F\u00fcr die Wand des Innenhofes des Benrather Karrees in D\u00fcsseldorf wird ein Mosaik aus keramischen Fliesen vorgeschlagen. Die Fliesen bedecken die gesamte Wand. Sie sind in einem Edelstahlrahmen eingefasst. &#8230;<\/p>\n","protected":false},"author":1,"featured_media":0,"comment_status":"closed","ping_status":"closed","sticky":false,"template":"","format":"standard","meta":{"footnotes":""},"categories":[1,4],"tags":[],"class_list":["post-744","post","type-post","status-publish","format-standard","hentry","category-alle-beitraege","category-kunst-am-bau"],"_links":{"self":[{"href":"https:\/\/bureau-heuchel-klag.de\/kunsthaus\/index.php?rest_route=\/wp\/v2\/posts\/744","targetHints":{"allow":["GET"]}}],"collection":[{"href":"https:\/\/bureau-heuchel-klag.de\/kunsthaus\/index.php?rest_route=\/wp\/v2\/posts"}],"about":[{"href":"https:\/\/bureau-heuchel-klag.de\/kunsthaus\/index.php?rest_route=\/wp\/v2\/types\/post"}],"author":[{"embeddable":true,"href":"https:\/\/bureau-heuchel-klag.de\/kunsthaus\/index.php?rest_route=\/wp\/v2\/users\/1"}],"replies":[{"embeddable":true,"href":"https:\/\/bureau-heuchel-klag.de\/kunsthaus\/index.php?rest_route=%2Fwp%2Fv2%2Fcomments&post=744"}],"version-history":[{"count":5,"href":"https:\/\/bureau-heuchel-klag.de\/kunsthaus\/index.php?rest_route=\/wp\/v2\/posts\/744\/revisions"}],"predecessor-version":[{"id":999,"href":"https:\/\/bureau-heuchel-klag.de\/kunsthaus\/index.php?rest_route=\/wp\/v2\/posts\/744\/revisions\/999"}],"wp:attachment":[{"href":"https:\/\/bureau-heuchel-klag.de\/kunsthaus\/index.php?rest_route=%2Fwp%2Fv2%2Fmedia&parent=744"}],"wp:term":[{"taxonomy":"category","embeddable":true,"href":"https:\/\/bureau-heuchel-klag.de\/kunsthaus\/index.php?rest_route=%2Fwp%2Fv2%2Fcategories&post=744"},{"taxonomy":"post_tag","embeddable":true,"href":"https:\/\/bureau-heuchel-klag.de\/kunsthaus\/index.php?rest_route=%2Fwp%2Fv2%2Ftags&post=744"}],"curies":[{"name":"wp","href":"https:\/\/api.w.org\/{rel}","templated":true}]}}