{"id":738,"date":"2006-06-20T11:58:50","date_gmt":"2006-06-20T11:58:50","guid":{"rendered":"http:\/\/www.bureau-heuchel-klag.de\/kunsthaus\/?p=738"},"modified":"2012-06-20T12:14:53","modified_gmt":"2012-06-20T12:14:53","slug":"alte-synagoge-wiesbaden","status":"publish","type":"post","link":"https:\/\/bureau-heuchel-klag.de\/kunsthaus\/?p=738","title":{"rendered":"Alte Synagoge Wiesbaden"},"content":{"rendered":"<p><a href=\"https:\/\/bureau-heuchel-klag.de\/kunsthaus\/wp-content\/uploads\/2012\/06\/124b4016dc.jpg\"><img loading=\"lazy\" decoding=\"async\" class=\"alignnone  wp-image-739\" title=\"124b4016dc\" src=\"https:\/\/bureau-heuchel-klag.de\/kunsthaus\/wp-content\/uploads\/2012\/06\/124b4016dc-300x212.jpg\" alt=\"\" width=\"160\" height=\"160\" \/><\/a><a href=\"https:\/\/bureau-heuchel-klag.de\/kunsthaus\/wp-content\/uploads\/2012\/06\/795eb053cf.jpg\"><img loading=\"lazy\" decoding=\"async\" class=\"alignnone  wp-image-740\" title=\"795eb053cf\" src=\"https:\/\/bureau-heuchel-klag.de\/kunsthaus\/wp-content\/uploads\/2012\/06\/795eb053cf-300x212.jpg\" alt=\"\" width=\"160\" height=\"160\" \/><\/a><a href=\"https:\/\/bureau-heuchel-klag.de\/kunsthaus\/wp-content\/uploads\/2012\/06\/f6109e5d10.jpg\"><img loading=\"lazy\" decoding=\"async\" class=\"alignnone  wp-image-741\" title=\"f6109e5d10\" src=\"https:\/\/bureau-heuchel-klag.de\/kunsthaus\/wp-content\/uploads\/2012\/06\/f6109e5d10-300x212.jpg\" alt=\"\" width=\"160\" height=\"160\" \/><\/a><\/p>\n<p>Durch die Zerst\u00f6rung der alten Synagoge, das Beseitigen der historischen Treppenanlagen und durch verkehrstechnische Eingriffe hat der Schulberg seine herausgehobene Lage in der Stadt verloren. Dem namentlichen Gedenken wird ein eigener Raum gegeben. Vier W\u00e4nde zum Rechteck geformt schweben \u00fcber einer gro\u00dfz\u00fcgigen Treppenanlage. Der Raum erinnert durch seine Form, seine Farbigkeit und seine Materialit\u00e4t an die alte Synagoge. Der \u201eRaum der Namen\u201c liegt erh\u00f6ht \u00fcber den K\u00f6pfen. Er begleitet den Besucher beim Aufschreiten zum Schulberg. Erhoben aber nicht entr\u00fcckt, offen und nicht hermetisch wird dem Gedenken Raum gegeben. Eine metallene Fassade aus Bronzeelementen sch\u00fctzt den Raum nach au\u00dfen. Innen nimmt bl\u00e4uliches Glas die 1200 Namen auf. Die Namen werden auf die Glaselemente aufgedruckt. Sie sind als umlaufende Textur gedacht und folgen keiner erkennbaren Hierarchie. Die Glasplatten k\u00f6nnen modular erweitert werden und bieten somit Platz f\u00fcr erg\u00e4nzende Namen.<\/p>\n<!-- PHP 5.x -->","protected":false},"excerpt":{"rendered":"<p>Alte Synagoge Wiesbaden &#8211; Durch die Zerst\u00f6rung der alten Synagoge, das Beseitigen der historischen Treppenanlagen und durch verkehrstechnische Eingriffe hat der Schulberg seine herausgehobene Lage in der Stadt verloren. Dem namentlichen Gedenken wird ein eigener Raum gegeben. &#8230;<\/p>\n","protected":false},"author":1,"featured_media":0,"comment_status":"closed","ping_status":"closed","sticky":false,"template":"","format":"standard","meta":{"footnotes":""},"categories":[1,4],"tags":[],"class_list":["post-738","post","type-post","status-publish","format-standard","hentry","category-alle-beitraege","category-kunst-am-bau"],"_links":{"self":[{"href":"https:\/\/bureau-heuchel-klag.de\/kunsthaus\/index.php?rest_route=\/wp\/v2\/posts\/738","targetHints":{"allow":["GET"]}}],"collection":[{"href":"https:\/\/bureau-heuchel-klag.de\/kunsthaus\/index.php?rest_route=\/wp\/v2\/posts"}],"about":[{"href":"https:\/\/bureau-heuchel-klag.de\/kunsthaus\/index.php?rest_route=\/wp\/v2\/types\/post"}],"author":[{"embeddable":true,"href":"https:\/\/bureau-heuchel-klag.de\/kunsthaus\/index.php?rest_route=\/wp\/v2\/users\/1"}],"replies":[{"embeddable":true,"href":"https:\/\/bureau-heuchel-klag.de\/kunsthaus\/index.php?rest_route=%2Fwp%2Fv2%2Fcomments&post=738"}],"version-history":[{"count":3,"href":"https:\/\/bureau-heuchel-klag.de\/kunsthaus\/index.php?rest_route=\/wp\/v2\/posts\/738\/revisions"}],"predecessor-version":[{"id":743,"href":"https:\/\/bureau-heuchel-klag.de\/kunsthaus\/index.php?rest_route=\/wp\/v2\/posts\/738\/revisions\/743"}],"wp:attachment":[{"href":"https:\/\/bureau-heuchel-klag.de\/kunsthaus\/index.php?rest_route=%2Fwp%2Fv2%2Fmedia&parent=738"}],"wp:term":[{"taxonomy":"category","embeddable":true,"href":"https:\/\/bureau-heuchel-klag.de\/kunsthaus\/index.php?rest_route=%2Fwp%2Fv2%2Fcategories&post=738"},{"taxonomy":"post_tag","embeddable":true,"href":"https:\/\/bureau-heuchel-klag.de\/kunsthaus\/index.php?rest_route=%2Fwp%2Fv2%2Ftags&post=738"}],"curies":[{"name":"wp","href":"https:\/\/api.w.org\/{rel}","templated":true}]}}