{"id":699,"date":"2002-01-14T11:09:30","date_gmt":"2002-01-14T11:09:30","guid":{"rendered":"http:\/\/www.bureau-heuchel-klag.de\/kunsthaus\/?p=699"},"modified":"2012-06-20T11:18:42","modified_gmt":"2012-06-20T11:18:42","slug":"nachtstucke","status":"publish","type":"post","link":"https:\/\/bureau-heuchel-klag.de\/kunsthaus\/?p=699","title":{"rendered":"Nachtst\u00fccke"},"content":{"rendered":"<p><a href=\"https:\/\/bureau-heuchel-klag.de\/kunsthaus\/wp-content\/uploads\/2002\/01\/bhk-nachstuecke02.jpg\"><img loading=\"lazy\" decoding=\"async\" src=\"https:\/\/bureau-heuchel-klag.de\/kunsthaus\/wp-content\/uploads\/2002\/01\/bhk-nachstuecke02-150x150.jpg\" alt=\"\" title=\"bhk-nachstuecke02\" width=\"150\" height=\"150\" class=\"alignnone size-thumbnail wp-image-703\" \/><\/a><a href=\"https:\/\/bureau-heuchel-klag.de\/kunsthaus\/wp-content\/uploads\/2002\/01\/bhk-nachstuecke03.jpg\"><img loading=\"lazy\" decoding=\"async\" src=\"https:\/\/bureau-heuchel-klag.de\/kunsthaus\/wp-content\/uploads\/2002\/01\/bhk-nachstuecke03-150x150.jpg\" alt=\"\" title=\"bhk-nachstuecke03\" width=\"150\" height=\"150\" class=\"alignnone size-thumbnail wp-image-704\" \/><\/a><a href=\"https:\/\/bureau-heuchel-klag.de\/kunsthaus\/wp-content\/uploads\/2002\/01\/bhk-nachstuecke04.jpg\"><img loading=\"lazy\" decoding=\"async\" src=\"https:\/\/bureau-heuchel-klag.de\/kunsthaus\/wp-content\/uploads\/2002\/01\/bhk-nachstuecke04-150x150.jpg\" alt=\"\" title=\"bhk-nachstuecke04\" width=\"150\" height=\"150\" class=\"alignnone size-thumbnail wp-image-705\" \/><\/a><a href=\"https:\/\/bureau-heuchel-klag.de\/kunsthaus\/wp-content\/uploads\/2002\/01\/bhk-nachstuecke05.jpg\"><img loading=\"lazy\" decoding=\"async\" src=\"https:\/\/bureau-heuchel-klag.de\/kunsthaus\/wp-content\/uploads\/2002\/01\/bhk-nachstuecke05-150x150.jpg\" alt=\"\" title=\"bhk-nachstuecke05\" width=\"150\" height=\"150\" class=\"alignnone size-thumbnail wp-image-706\" \/><\/a><a href=\"https:\/\/bureau-heuchel-klag.de\/kunsthaus\/wp-content\/uploads\/2002\/01\/bhk-nachstuecke06.jpg\"><img loading=\"lazy\" decoding=\"async\" src=\"https:\/\/bureau-heuchel-klag.de\/kunsthaus\/wp-content\/uploads\/2002\/01\/bhk-nachstuecke06-150x150.jpg\" alt=\"\" title=\"bhk-nachstuecke06\" width=\"150\" height=\"150\" class=\"alignnone size-thumbnail wp-image-707\" \/><\/a><a href=\"https:\/\/bureau-heuchel-klag.de\/kunsthaus\/wp-content\/uploads\/2002\/01\/bhk-nachstuecke07.jpg\"><img loading=\"lazy\" decoding=\"async\" src=\"https:\/\/bureau-heuchel-klag.de\/kunsthaus\/wp-content\/uploads\/2002\/01\/bhk-nachstuecke07-150x150.jpg\" alt=\"\" title=\"bhk-nachstuecke07\" width=\"150\" height=\"150\" class=\"alignnone size-thumbnail wp-image-708\" \/><\/a><a href=\"https:\/\/bureau-heuchel-klag.de\/kunsthaus\/wp-content\/uploads\/2002\/01\/bhk-nachstuecke08.jpg\"><img loading=\"lazy\" decoding=\"async\" src=\"https:\/\/bureau-heuchel-klag.de\/kunsthaus\/wp-content\/uploads\/2002\/01\/bhk-nachstuecke08-150x150.jpg\" alt=\"\" title=\"bhk-nachstuecke08\" width=\"150\" height=\"150\" class=\"alignnone size-thumbnail wp-image-709\" \/><\/a><a href=\"https:\/\/bureau-heuchel-klag.de\/kunsthaus\/wp-content\/uploads\/2002\/01\/b4b74e6014.jpg\"><img loading=\"lazy\" decoding=\"async\" src=\"https:\/\/bureau-heuchel-klag.de\/kunsthaus\/wp-content\/uploads\/2002\/01\/b4b74e6014-150x150.jpg\" alt=\"\" title=\"b4b74e6014\" width=\"150\" height=\"150\" class=\"alignnone size-thumbnail wp-image-702\" \/><\/a><\/p>\n<p>Ein Paradetext Schwarzer Romantik wird ans Tageslicht bef\u00f6rdert. Die 1804 ver\u00f6ffentlichten \u201eNachtwachen des Bonaventura\u201c reflektieren die gebrochene und dunkle Sicht auf die Verh\u00e4ltnisse. Als Lebens- wie Enth\u00fcllungsraum setzt das N\u00e4chtliche die Phantasie frei. \u201ePr\u00e4logische\u201d Denkformen tauchen im n\u00e4chtlichen Raum auf, die sich im kaleidoskophaften Erz\u00e4hlen spiegeln. Heuchel, Klag und Ruch schaffen hierzu bildk\u00fcnstlerische Raumbilder und Nachtst\u00fccke.<br \/>\nKlingemanns Roman bietet Vexier-Bilder in 16 Nachtwachen. Das K\u00fcnstlerbuch erz\u00e4hlt diese n\u00e4chtlichen Vexier-Bilder weiter.<\/p>\n<p>Ein K\u00fcnstlerbuch mit 16 Linolschnitten von Christian Heuchel, Gunter Klag und Thomas Ruch. Textkonzeption Ralph Musielski nach Bonaventuras \u201eNachtwachen\u201c. Gedruckt im Jahre 2002 im Kunsthaus des bHK Bellheim auf Zerkall B\u00fcttenkarton Alt Mei\u00dfen 210 g\/qm.<br \/>\n<strong><br \/>\nNormalausgabe:<\/strong> 25,5 x 18 cm, 21 Seiten, signiert und numeriert 1\/16 bis 16\/16.<br \/>\n<strong>Suite libre:<\/strong> signiert und numeriert I\/III bis III\/III.<\/p>\n<p>Preis auf Anfrage<\/p>\n<!-- PHP 5.x -->","protected":false},"excerpt":{"rendered":"<p>Ein Paradetext Schwarzer Romantik wird ans Tageslicht bef\u00f6rdert. Die 1804 ver\u00f6ffentlichten \u201eNachtwachen des Bonaventura\u201c reflektieren die gebrochene und dunkle Sicht auf die Verh\u00e4ltnisse. Als Lebens- wie Enth\u00fcllungsraum setzt das N\u00e4chtliche die Phantasie frei. \u201ePr\u00e4logische\u201d Denkformen tauchen im n\u00e4chtlichen Raum auf, &#8230;<\/p>\n","protected":false},"author":1,"featured_media":0,"comment_status":"closed","ping_status":"closed","sticky":false,"template":"","format":"standard","meta":{"footnotes":""},"categories":[1,10],"tags":[],"class_list":["post-699","post","type-post","status-publish","format-standard","hentry","category-alle-beitraege","category-kuenstlerbuecher"],"_links":{"self":[{"href":"https:\/\/bureau-heuchel-klag.de\/kunsthaus\/index.php?rest_route=\/wp\/v2\/posts\/699","targetHints":{"allow":["GET"]}}],"collection":[{"href":"https:\/\/bureau-heuchel-klag.de\/kunsthaus\/index.php?rest_route=\/wp\/v2\/posts"}],"about":[{"href":"https:\/\/bureau-heuchel-klag.de\/kunsthaus\/index.php?rest_route=\/wp\/v2\/types\/post"}],"author":[{"embeddable":true,"href":"https:\/\/bureau-heuchel-klag.de\/kunsthaus\/index.php?rest_route=\/wp\/v2\/users\/1"}],"replies":[{"embeddable":true,"href":"https:\/\/bureau-heuchel-klag.de\/kunsthaus\/index.php?rest_route=%2Fwp%2Fv2%2Fcomments&post=699"}],"version-history":[{"count":4,"href":"https:\/\/bureau-heuchel-klag.de\/kunsthaus\/index.php?rest_route=\/wp\/v2\/posts\/699\/revisions"}],"predecessor-version":[{"id":711,"href":"https:\/\/bureau-heuchel-klag.de\/kunsthaus\/index.php?rest_route=\/wp\/v2\/posts\/699\/revisions\/711"}],"wp:attachment":[{"href":"https:\/\/bureau-heuchel-klag.de\/kunsthaus\/index.php?rest_route=%2Fwp%2Fv2%2Fmedia&parent=699"}],"wp:term":[{"taxonomy":"category","embeddable":true,"href":"https:\/\/bureau-heuchel-klag.de\/kunsthaus\/index.php?rest_route=%2Fwp%2Fv2%2Fcategories&post=699"},{"taxonomy":"post_tag","embeddable":true,"href":"https:\/\/bureau-heuchel-klag.de\/kunsthaus\/index.php?rest_route=%2Fwp%2Fv2%2Ftags&post=699"}],"curies":[{"name":"wp","href":"https:\/\/api.w.org\/{rel}","templated":true}]}}