{"id":550,"date":"2001-02-01T21:36:24","date_gmt":"2001-02-01T21:36:24","guid":{"rendered":"http:\/\/www.bureau-heuchel-klag.de\/kunsthaus\/?p=550"},"modified":"2012-09-26T11:45:04","modified_gmt":"2012-09-26T11:45:04","slug":"solitude","status":"publish","type":"post","link":"https:\/\/bureau-heuchel-klag.de\/kunsthaus\/?p=550","title":{"rendered":"Solitude"},"content":{"rendered":"<p>\u201edie Erweiterung der Akademie\u201c 2001<\/p>\n<h3><a href=\"https:\/\/bureau-heuchel-klag.de\/kunsthaus\/wp-content\/uploads\/2001\/02\/solitude1.jpg\"><img loading=\"lazy\" decoding=\"async\" class=\"alignnone size-thumbnail wp-image-556\" title=\"solitude1\" src=\"https:\/\/bureau-heuchel-klag.de\/kunsthaus\/wp-content\/uploads\/2001\/02\/solitude1-150x150.jpg\" alt=\"\" width=\"150\" height=\"150\" \/><\/a><a href=\"https:\/\/bureau-heuchel-klag.de\/kunsthaus\/wp-content\/uploads\/2001\/02\/solitude2.jpg\"><img loading=\"lazy\" decoding=\"async\" class=\"alignnone size-thumbnail wp-image-557\" title=\"solitude2\" src=\"https:\/\/bureau-heuchel-klag.de\/kunsthaus\/wp-content\/uploads\/2001\/02\/solitude2-150x150.jpg\" alt=\"\" width=\"150\" height=\"150\" \/><\/a><a href=\"https:\/\/bureau-heuchel-klag.de\/kunsthaus\/wp-content\/uploads\/2001\/02\/solitude3.jpg\"><img loading=\"lazy\" decoding=\"async\" class=\"alignnone size-thumbnail wp-image-558\" title=\"solitude3\" src=\"https:\/\/bureau-heuchel-klag.de\/kunsthaus\/wp-content\/uploads\/2001\/02\/solitude3-150x150.jpg\" alt=\"\" width=\"150\" height=\"150\" \/><\/a><a href=\"https:\/\/bureau-heuchel-klag.de\/kunsthaus\/wp-content\/uploads\/2001\/02\/solitude4.jpg\"><img loading=\"lazy\" decoding=\"async\" class=\"alignnone size-thumbnail wp-image-559\" title=\"solitude4\" src=\"https:\/\/bureau-heuchel-klag.de\/kunsthaus\/wp-content\/uploads\/2001\/02\/solitude4-150x150.jpg\" alt=\"\" width=\"150\" height=\"150\" \/><\/a><a href=\"https:\/\/bureau-heuchel-klag.de\/kunsthaus\/wp-content\/uploads\/2001\/02\/solitude5.jpg\"><img loading=\"lazy\" decoding=\"async\" class=\"alignnone size-thumbnail wp-image-560\" title=\"solitude5\" src=\"https:\/\/bureau-heuchel-klag.de\/kunsthaus\/wp-content\/uploads\/2001\/02\/solitude5-150x150.jpg\" alt=\"\" width=\"150\" height=\"150\" \/><\/a><a href=\"https:\/\/bureau-heuchel-klag.de\/kunsthaus\/wp-content\/uploads\/2001\/02\/solitude6.jpg\"><img loading=\"lazy\" decoding=\"async\" class=\"alignnone size-thumbnail wp-image-561\" title=\"solitude6\" src=\"https:\/\/bureau-heuchel-klag.de\/kunsthaus\/wp-content\/uploads\/2001\/02\/solitude6-150x150.jpg\" alt=\"\" width=\"150\" height=\"150\" \/><\/a><a href=\"https:\/\/bureau-heuchel-klag.de\/kunsthaus\/wp-content\/uploads\/2001\/02\/solitude7.jpg\"><img loading=\"lazy\" decoding=\"async\" class=\"alignnone size-thumbnail wp-image-562\" title=\"solitude7\" src=\"https:\/\/bureau-heuchel-klag.de\/kunsthaus\/wp-content\/uploads\/2001\/02\/solitude7-150x150.jpg\" alt=\"\" width=\"150\" height=\"150\" \/><\/a><a href=\"https:\/\/bureau-heuchel-klag.de\/kunsthaus\/wp-content\/uploads\/2001\/02\/solitude8.jpg\"><img loading=\"lazy\" decoding=\"async\" class=\"alignnone size-thumbnail wp-image-563\" title=\"solitude8\" src=\"https:\/\/bureau-heuchel-klag.de\/kunsthaus\/wp-content\/uploads\/2001\/02\/solitude8-150x150.jpg\" alt=\"\" width=\"150\" height=\"150\" \/><\/a><a href=\"https:\/\/bureau-heuchel-klag.de\/kunsthaus\/wp-content\/uploads\/2001\/02\/solitude9.jpg\"><img loading=\"lazy\" decoding=\"async\" class=\"alignnone size-thumbnail wp-image-564\" title=\"solitude9\" src=\"https:\/\/bureau-heuchel-klag.de\/kunsthaus\/wp-content\/uploads\/2001\/02\/solitude9-150x150.jpg\" alt=\"\" width=\"150\" height=\"150\" \/><\/a><\/h3>\n<h3>A wie Architekt \u2013 Exposition<\/h3>\n<p>Unerw\u00fcnscht tritt der Architekt auf, vom Bauherren nicht gerufen. Der Bauherr schaut ungl\u00e4ubig, hat er doch keinen Auftrag erteilt, nicht gestern nicht heute. Der Baumeister dr\u00e4ngt sich auf, erfindet einen Lebenslauf und eine Bauidee. Seine Vorschl\u00e4ge erscheinen als Kampfansage und wollen die Unausweichlichkeit von Architektur darstellen: die notorische Tr\u00e4gheit der Immobilie ver\u00e4ndern.<\/p>\n<p>Der Architekt wird nicht in das Spiel eingef\u00fchrt, er f\u00fchrt sich selbst ein. Er informiert \u00fcber die zur\u00fcckliegenden Geschehnisse und erhellt die Ausgangssituation. Ein Monolog \u00fcber Idee, Modell, Zeichnung, Bau, Betrachtung. Und vor allem ein Pl\u00e4doyer f\u00fcr das Delegieren s\u00e4mtlicher Bauma\u00dfnahmen. Dies enthebt ihn der umfassenden Diskussion \u00fcber die Identit\u00e4t von Architekt, K\u00fcnstler, Designer, Stadtplaner. Auf der Ebene komplexer Konzepte wird die Frage nach der beruflichen Herkunft durch die nach der Absicht ersetzt. Der angestrebte Bau ist Chim\u00e4re der Disziplinen. Ein Ideengeber und Irritationserfinder ist vonn\u00f6ten, der diese Vernetzungen leitet. Er nennt sich Architekt und l\u00e4dt zu Missverst\u00e4ndnissen ein, die zum Zeichen der Qualit\u00e4t werden. Seine reale Anwesenheit ist nicht notwendig. Es gen\u00fcgt ein Tonband, Dias.<\/p>\n<p>Seine Strategien: F\u00fcr ihn steht nicht mehr die endg\u00fcltig definierte Raumordnung im Vordergrund. Als Baumeister wie Kontextdesigner arbeitet er an adaptierbaren R\u00e4umen. R\u00e4ume, die akute Bed\u00fcrfnisse vorwegnehmen. R\u00e4umliche Grundkonstruktionen sollen in gleicher Bedeutsamkeit geschaffen werden wie Atmosph\u00e4re und Identit\u00e4t. Es muss inszeniert, pr\u00e4sentiert und gebaut werden. Der Architekt ist ungeduldig, will die Materialisation erzwingen, mit all ihren Fehlern, Pannen und Irritationen. Er will intervenieren.<\/p>\n<p>Warum ich diese Kisten liebe. Ich mag sie, die langen und kurzen, die gro\u00dfen und kleinen, die schmalen und dicken, die einfachen und komplexen. Ich mag sie als W\u00fcrfel und als Stange. Man sollte nur Kisten bauen.<br \/>\nC. Heuchel<\/p>\n<p>Die expositorische Geschichte ist erz\u00e4hlt. Der Architekt entl\u00e4sst die Idee f\u00fcr den heuristischen Dialog.<\/p>\n<p>Dr. Ralph Musielski<br \/>\nAuszug aus <strong>\u201eBauen!? \u2013 Lesehilfen f\u00fcr Baumeister und Bauherren&#8220;<\/strong>.<br \/>\n<strong>Bauherr<\/strong><br \/>\nAkademie Schloss Solitude<br \/>\nSolitude 3<br \/>\n70197 Stuttgart<br \/>\n<a title=\"\u00d6ffnet einen externen Link in einem neuen Fenster\" href=\"http:\/\/www.akademie-solitude.de\" target=\"_blank\">www.akademie-solitude.de<\/a><br \/>\n<a title=\"\u00d6ffnet einen externen Link in einem neuen Fenster\" href=\"http:\/\/www.aknw.de\" target=\"_blank\">www.aknw.de<\/a><\/p>\n<p><strong>Architekt<\/strong><br \/>\nChristian Heuchel<strong><\/strong><\/p>\n<p><strong>Fachberater<\/strong><br \/>\nbHK<br \/>\nBellheim \/ K\u00f6ln \/ Hamburg<br \/>\n<a title=\"http:\/\/www.bureau-Heuchel-Klag.de\/\" href=\"http:\/\/www.bureau-Heuchel-Klag.de\/\" target=\"_blank\">www.bureau-Heuchel-Klag.de<\/a><\/p>\n<p>rheinfl\u00fcgel Baukunst, D\u00fcsseldorf<br \/>\n<a title=\"http:\/\/www.rheinfluegel.de\" href=\"http:\/\/www.rheinfluegel.de\" target=\"_blank\">www.rheinfluegel.de<\/a><\/p>\n<p><strong>Sponsoren<\/strong><br \/>\nHeudorfer digitale Gro\u00dfbilder<br \/>\nLEG Landesentwicklungsgesellschaft Baden- W\u00fcrttemberg mbH<\/p>\n<!-- PHP 5.x -->","protected":false},"excerpt":{"rendered":"<p>A wie Architekt \u2013 Exposition &#8211; Unerw\u00fcnscht tritt der Architekt auf, vom Bauherren nicht gerufen. Der Bauherr schaut ungl\u00e4ubig, hat er doch keinen Auftrag erteilt, nicht gestern nicht heute. Der Baumeister dr\u00e4ngt sich auf, erfindet einen Lebenslauf und eine Bauidee. &#8230;<\/p>\n","protected":false},"author":1,"featured_media":0,"comment_status":"closed","ping_status":"closed","sticky":false,"template":"","format":"standard","meta":{"footnotes":""},"categories":[1,4],"tags":[],"class_list":["post-550","post","type-post","status-publish","format-standard","hentry","category-alle-beitraege","category-kunst-am-bau"],"_links":{"self":[{"href":"https:\/\/bureau-heuchel-klag.de\/kunsthaus\/index.php?rest_route=\/wp\/v2\/posts\/550","targetHints":{"allow":["GET"]}}],"collection":[{"href":"https:\/\/bureau-heuchel-klag.de\/kunsthaus\/index.php?rest_route=\/wp\/v2\/posts"}],"about":[{"href":"https:\/\/bureau-heuchel-klag.de\/kunsthaus\/index.php?rest_route=\/wp\/v2\/types\/post"}],"author":[{"embeddable":true,"href":"https:\/\/bureau-heuchel-klag.de\/kunsthaus\/index.php?rest_route=\/wp\/v2\/users\/1"}],"replies":[{"embeddable":true,"href":"https:\/\/bureau-heuchel-klag.de\/kunsthaus\/index.php?rest_route=%2Fwp%2Fv2%2Fcomments&post=550"}],"version-history":[{"count":8,"href":"https:\/\/bureau-heuchel-klag.de\/kunsthaus\/index.php?rest_route=\/wp\/v2\/posts\/550\/revisions"}],"predecessor-version":[{"id":1601,"href":"https:\/\/bureau-heuchel-klag.de\/kunsthaus\/index.php?rest_route=\/wp\/v2\/posts\/550\/revisions\/1601"}],"wp:attachment":[{"href":"https:\/\/bureau-heuchel-klag.de\/kunsthaus\/index.php?rest_route=%2Fwp%2Fv2%2Fmedia&parent=550"}],"wp:term":[{"taxonomy":"category","embeddable":true,"href":"https:\/\/bureau-heuchel-klag.de\/kunsthaus\/index.php?rest_route=%2Fwp%2Fv2%2Fcategories&post=550"},{"taxonomy":"post_tag","embeddable":true,"href":"https:\/\/bureau-heuchel-klag.de\/kunsthaus\/index.php?rest_route=%2Fwp%2Fv2%2Ftags&post=550"}],"curies":[{"name":"wp","href":"https:\/\/api.w.org\/{rel}","templated":true}]}}