{"id":5319,"date":"2026-01-06T19:19:39","date_gmt":"2026-01-06T19:19:39","guid":{"rendered":"https:\/\/bureau-heuchel-klag.de\/kunsthaus\/?p=5319"},"modified":"2026-08-29T08:01:40","modified_gmt":"2026-08-29T08:01:40","slug":"tag-der-druckkunst-2026","status":"publish","type":"post","link":"https:\/\/bureau-heuchel-klag.de\/kunsthaus\/?p=5319","title":{"rendered":""},"content":{"rendered":"<p align=\"center\"><strong>Edition zur Ausstellung von Christian Heuchel<\/strong><br \/><strong>\u201emother and child divided\u201c, 2026<\/strong><\/p>\n\n\n<figure class=\"wp-block-image size-large\"><img loading=\"lazy\" decoding=\"async\" width=\"1200\" height=\"818\" src=\"https:\/\/bureau-heuchel-klag.de\/kunsthaus\/wp-content\/uploads\/2026\/01\/Kartoffeledition_doppel_02-1200x818.jpg\" alt=\"Edition zur Ausstellung von Christian Heuchel\n\u201emother and child divided\u201c, 2026\" class=\"wp-image-5344\" srcset=\"https:\/\/bureau-heuchel-klag.de\/kunsthaus\/wp-content\/uploads\/2026\/01\/Kartoffeledition_doppel_02-1200x818.jpg 1200w, https:\/\/bureau-heuchel-klag.de\/kunsthaus\/wp-content\/uploads\/2026\/01\/Kartoffeledition_doppel_02-300x204.jpg 300w, https:\/\/bureau-heuchel-klag.de\/kunsthaus\/wp-content\/uploads\/2026\/01\/Kartoffeledition_doppel_02-768x523.jpg 768w, https:\/\/bureau-heuchel-klag.de\/kunsthaus\/wp-content\/uploads\/2026\/01\/Kartoffeledition_doppel_02-1536x1047.jpg 1536w, https:\/\/bureau-heuchel-klag.de\/kunsthaus\/wp-content\/uploads\/2026\/01\/Kartoffeledition_doppel_02-2048x1395.jpg 2048w\" sizes=\"auto, (max-width: 1200px) 100vw, 1200px\" \/><\/figure>\n\n\n<p>Seit Jahrhunderten steht die Kartoffel f\u00fcr Bodenst\u00e4ndigkeit, Nahrung und \u00dcberleben. Christian Heuchel halbiert Kartoffeln, fasst ihre Schalen in Gold, ihr Inneres in Blau und konserviert sie in Epoxidharz. Der Titel der Arbeit \u201emother and child divided\u201c verbindet das Motiv des Wachsens und Hervorgebrachten mit der Erfahrung von Trennung: Aus einem gemeinsamen Ursprung entstehen zwei eigenst\u00e4ndige K\u00f6rper. Ob stehend oder liegend pr\u00e4sentiert, er\u00f6ffnen sich vielf\u00e4ltige Assoziationen.<br \/><br \/>Der Kartoffel wurden im Laufe der Geschichte zahlreiche Bedeutungen zugeschrieben. Sie steht f\u00fcr Einfachheit und Bodenst\u00e4ndigkeit, f\u00fcr harte k\u00f6rperliche Arbeit und Demut. Weil sie unter der Erde w\u00e4chst, kann sie auch als Symbol f\u00fcr innere Reifung verstanden werden. Gleichzeitig wurde sie immer wieder zu einem politischen Symbol und ist heute ebenso Teil der digitalen Bildkultur.<br \/>Die Verwendung der Farben Gold und Blau kn\u00fcpft an die europ\u00e4ische Kunstgeschichte an. Als sakrale Farbkombination, die der \u00dcberh\u00f6hung der Bildinhalte dienten.<br \/><br \/>Zwischen Naturfund und Kunstobjekt entsteht so eine Einladung, den Blick auf das Vertraute zu ver\u00e4ndern: Gerade weil die Kartoffel so unspektakul\u00e4r erscheint, eignet sie sich hervorragend als Symbol f\u00fcr das Wertvolle im Verborgenen. Sie w\u00e4chst unsichtbar, speichert Energie, ern\u00e4hrt Menschen und tritt dennoch nie prunkvoll auf.<br \/>Aus einem verg\u00e4nglichen Lebensmittel wird ein dauerhaftes Objekt \u2013 eine Reliquie des Allt\u00e4glichen.<\/p>\n<p>K\u00fcnstler: Christian Heuchel<br \/>Titel: \u201emother and child divided\u201c 2026<br \/>Technik: Kartoffel, halbiert und lackiert, in Kunstharz gegossen.<br \/>Ma\u00dfe Doppelh\u00e4lfte : ca. H 8cm x B 9cm x T 2cm<br \/>Ma\u00dfe Einzelh\u00e4lfte: ca. H 8cm x B 4,5 cm x T 2cm<br \/><br \/>Preis, Doppelh\u00e4lfte je 130,00 Euro, Einzelh\u00e4lfte je 70,00 Euro<\/p>\n<p style=\"text-align: center;\">***<\/p>\n<p>&nbsp;<\/p>\n\n<p style=\"text-align: center;\"><strong><span id=\"isPasted\">GOLDENES CABARET\u00a0<\/span><\/strong><br \/><br \/><strong>Ausstellungser\u00f6ffnung: Samstag, 12. September 2026, 19.00 Uhr<\/strong><br \/><strong>in unserem Kunsthaus in Bellheim<\/strong><\/p>\n\n\n<figure class=\"wp-block-image size-large\"><img loading=\"lazy\" decoding=\"async\" width=\"1200\" height=\"742\" src=\"https:\/\/bureau-heuchel-klag.de\/kunsthaus\/wp-content\/uploads\/2026\/01\/Atelierfoto-1200x742.jpg\" alt=\"Atelierfoto, bHK Bellheim\" class=\"wp-image-5339\" srcset=\"https:\/\/bureau-heuchel-klag.de\/kunsthaus\/wp-content\/uploads\/2026\/01\/Atelierfoto-1200x742.jpg 1200w, https:\/\/bureau-heuchel-klag.de\/kunsthaus\/wp-content\/uploads\/2026\/01\/Atelierfoto-300x185.jpg 300w, https:\/\/bureau-heuchel-klag.de\/kunsthaus\/wp-content\/uploads\/2026\/01\/Atelierfoto-768x475.jpg 768w, https:\/\/bureau-heuchel-klag.de\/kunsthaus\/wp-content\/uploads\/2026\/01\/Atelierfoto-1536x949.jpg 1536w, https:\/\/bureau-heuchel-klag.de\/kunsthaus\/wp-content\/uploads\/2026\/01\/Atelierfoto-2048x1266.jpg 2048w\" sizes=\"auto, (max-width: 1200px) 100vw, 1200px\" \/><\/figure>\n\n\n<p>Im Rahmen des Kultursommers Rheinland-Pfalz zeigen wir in unserem Kunsthaus in Bellheim<br \/>GOLDENES CABARET \u2013 eine Ausstellung, die die Zwanzigerjahre aus heutiger Perspektive betrachtet.<\/p>\n<p>Die Zwanzigerjahre waren eine Zeit voller Gegens\u00e4tze: Glamour und Krise, Aufbruch und Unsicherheit, Inszenierung und gesellschaftlicher Wandel lagen nah beieinander. Neue Formen des Feierns und der Kunst entstanden \u2013 Lebenslust und Krisenerfahrung geh\u00f6rten gleicherma\u00dfen zu dieser Zeit.<\/p>\n<p>Im Mittelpunkt stehen f\u00fcnf gro\u00dfformatige Arbeiten von Christian Heuchel, Gunter Klag und Mike \u00dcberall. Geometrische Formen und pr\u00e4zise Raster treffen auf kr\u00e4ftige Farben, \u00dcberlagerungen und sichtbare Farbspuren. Die Bilder entstanden gemeinsam: Motive und Druckschablonen wurden \u00fcbereinandergelegt, ver\u00e4ndert und weitergef\u00fchrt. Jeder griff in die Arbeit des anderen ein und gab sie weiter. So ver\u00e4nderten sich die Motive Schritt f\u00fcr Schritt und entwickelten sich zu neuen Bildern. Begleitet werden die f\u00fcnf Arbeiten von drei experimentellen Filmen.<\/p>\n<p>Die Ausstellung spielt mit Zitaten und Collagen, mit Reihen, Ordnungen und Wiederholungen \u2013 und mit Bildern, die mehr als eine Bedeutung haben.<\/p>\n<p>Ausstellung im Rahmen des Kultursommers\u00a0<br \/>Rheinland-Pfalz 2026<br \/>12. September \u2013 20. September 2026<br \/>\u00d6ffnungszeiten am Wochenende jeweils ab 14.00 Uhr<\/p>\n<p><br \/>Kunsthaus des bHK<br \/>Hauptstra\u00dfe 129<br \/>76756 Bellheim<\/p>\n<p style=\"text-align: center;\">***<\/p>\n\n\n<p><strong>Vorbereitungen zu unserer n\u00e4chsten Ausstellung &#8218;GOLDENES CABARET&#8216;<\/strong><\/p>\n\n\n\n<figure class=\"wp-block-embed is-type-video is-provider-vimeo wp-block-embed-vimeo\"><div class=\"wp-block-embed__wrapper\">\n<iframe loading=\"lazy\" title=\"Ausstellungsvorbereitung &#039;Goldenes Cabaret&#039; im Kunsthaus bHK in Bellheim\" src=\"https:\/\/player.vimeo.com\/video\/1222272657?dnt=1&amp;app_id=122963\" width=\"500\" height=\"667\" frameborder=\"0\" allow=\"autoplay; fullscreen; picture-in-picture; clipboard-write; encrypted-media; web-share\" referrerpolicy=\"strict-origin-when-cross-origin\"><\/iframe>\n<\/div><\/figure>\n\n\n<p>Das Kunsthaus Bellheim nimmt die \u00c4sthetik, den Geist und die Experimentierfreude der 1920er Jahre zum Ausgangspunkt einer k\u00fcnstlerischen Neudeutung. <br \/>Unsere n\u00e4chste Ausstellung versteht sich als Hommage an das Cabaret als Ort des Aufbruchs, der Kritik und der kollektiven Imagination. Wie einst das Cabaret Voltaire in Z\u00fcrich ein Zufluchtsort f\u00fcr Kunst, Musik und Poesie war, soll auch das Kunsthaus Bellheim ein Raum f\u00fcr freie Experimente und neue Ausdrucksformen sein \u2013 im Dialog zwischen Vergangenheit und Gegenwart, Tradition und digitaler Moderne. <br \/>Wir freuen uns auf alle, die uns besuchen \u2013 und auf einen gemeinsamen Tanz auf dem Vulkan.<\/p>\n<p>Ausstellung im Rahmen des <a href=\"https:\/\/kultursommer.de\/\">Kultursommers Rheinland-Pfalz 2026<\/a><br \/>12. September \u2013 20. September 2026<br \/>\u00d6ffnungszeiten am Wochenende jeweils ab 14.00 Uhr<\/p>\n<p><a href=\"https:\/\/maps.app.goo.gl\/3DfH3du9nTgLcBqT8\">Kunsthaus des bHK<\/a><br \/>Hauptstra\u00dfe 129<br \/>76756 Bellheim<\/p>\n<p>Wir freuen uns auf alle, die uns besuchen \u2013 und auf einen gemeinsamen Tanz auf dem Vulkan!<\/p>\n<p style=\"text-align: center;\">***<\/p>\n<p>&nbsp;<\/p>\n\n<p><strong>Tag der Druckkunst 2026<\/strong><\/p>\n\n<div class=\"wp-block-image\">\n<figure class=\"aligncenter size-full\"><img loading=\"lazy\" decoding=\"async\" width=\"1200\" height=\"832\" src=\"https:\/\/bureau-heuchel-klag.de\/kunsthaus\/wp-content\/uploads\/2026\/01\/Venatorwebsite.jpg\" alt=\"\" class=\"wp-image-5326\" srcset=\"https:\/\/bureau-heuchel-klag.de\/kunsthaus\/wp-content\/uploads\/2026\/01\/Venatorwebsite.jpg 1200w, https:\/\/bureau-heuchel-klag.de\/kunsthaus\/wp-content\/uploads\/2026\/01\/Venatorwebsite-300x208.jpg 300w, https:\/\/bureau-heuchel-klag.de\/kunsthaus\/wp-content\/uploads\/2026\/01\/Venatorwebsite-768x532.jpg 768w\" sizes=\"auto, (max-width: 1200px) 100vw, 1200px\" \/><\/figure>\n<\/div>\n\n<p class=\"_ap3a _aaco _aacu _aacx _aad7 _aade\" dir=\"auto\">Am 15. M\u00e4rz feiern wir ein lebendiges Kulturerbe! <br \/>Seit 2018 geh\u00f6ren die traditionellen Drucktechniken zum immateriellen Kulturerbe der UNESCO \u2013 und wir sind dabei!<\/p>\n<p>Am 15. M\u00e4rz 2026 \u00f6ffnen wir unsere Druckwerkstatt und zeigen grafischen Mappen und K\u00fcnstlerb\u00fccher von Christian Heuchel, Gunter Klag, Mike \u00dcberall und Ralph Musielski.<\/p>\n<p>Von 14 bis 18 Uhr ge\u00f6ffnet \u2013 kommt vorbei!<\/p>\n<p><a href=\"https:\/\/www.tag-der-druckkunst.de\/\">www.tag-der-druckkunst.de<\/a><br \/><a class=\"x1i10hfl xjbqb8w x1ejq31n x18oe1m7 x1sy0etr xstzfhl x972fbf x10w94by x1qhh985 x14e42zd x9f619 x1ypdohk xt0psk2 x3ct3a4 xdj266r x14z9mp xat24cr x1lziwak xexx8yu xyri2b x18d9i69 x1c1uobl x16tdsg8 x1hl2dhg xggy1nq x1a2a7pz notranslate _a6hd\" tabindex=\"0\" role=\"link\" href=\"https:\/\/www.instagram.com\/tagderdruckkunst\/\">@tagderdruckkunst<\/a><br \/><a href=\"https:\/\/www.instagram.com\/heuchelklag_art\/\">@<span class=\"x1lliihq x193iq5w x6ikm8r x10wlt62 xlyipyv xuxw1ft\">heuchelklag_art<\/span><\/a><\/p>\n<p class=\"_ap3a _aaco _aacu _aacx _aad7 _aade\" dir=\"auto\">Veranstaltungsort:<br \/>Kunsthaus des bHK<br \/>Hauptstra\u00dfe<br \/>76756 Bellheim, Rheinland-Pfalz<br \/>Deutschland<\/p>\n<p dir=\"auto\">\n<p dir=\"auto\" style=\"text-align: center;\"><strong>***<\/strong><\/p>\n\n\n<div class=\"wp-block-cover\"><img loading=\"lazy\" decoding=\"async\" width=\"960\" height=\"1200\" class=\"wp-block-cover__image-background wp-image-5325\" alt=\"\" src=\"https:\/\/bureau-heuchel-klag.de\/kunsthaus\/wp-content\/uploads\/2026\/01\/2026_MitgliederausstellungKarlsruhe-960x1200.png\" data-object-fit=\"cover\" srcset=\"https:\/\/bureau-heuchel-klag.de\/kunsthaus\/wp-content\/uploads\/2026\/01\/2026_MitgliederausstellungKarlsruhe-960x1200.png 960w, https:\/\/bureau-heuchel-klag.de\/kunsthaus\/wp-content\/uploads\/2026\/01\/2026_MitgliederausstellungKarlsruhe-240x300.png 240w, https:\/\/bureau-heuchel-klag.de\/kunsthaus\/wp-content\/uploads\/2026\/01\/2026_MitgliederausstellungKarlsruhe-768x960.png 768w, https:\/\/bureau-heuchel-klag.de\/kunsthaus\/wp-content\/uploads\/2026\/01\/2026_MitgliederausstellungKarlsruhe.png 1080w\" sizes=\"auto, (max-width: 960px) 100vw, 960px\" \/><span aria-hidden=\"true\" class=\"wp-block-cover__background has-background-dim\"><\/span><div class=\"wp-block-cover__inner-container is-layout-flow wp-block-cover-is-layout-flow\">\n<p>Wir sind bei der diesj\u00e4hrigen Mitgliederausstellung des Badischen Kunstvereins wieder dabei und zeigen unsere Grafikmappe \u201eFarben des S\u00fcdens\u201c \u2013 eine limitierte Edition mit Arbeiten von uns: Christian Heuchel, Gunter Klag und Mike \u00dcberall.<\/p>\n\n\n\n<p>Die Mappe besteht aus f\u00fcnf Bl\u00e4ttern (Deckblatt, Gedicht, drei Grafiken)<br>Technik: Linolschnitt und Bleisatz auf B\u00fcttenpapier.<br>Auflage: 80 Exemplare, signiert und datiert.<\/p>\n\n\n\n<p>Abstrakte Farbformen, poetische Bildwelten und eine kraftvolle, sonnendurchflutete Bildsprache verbinden sich zu einem vielstimmigen Dialog \u00fcber Farbe, Raum und Bewegung.<\/p>\n\n\n\n<p>Die Mitgliederausstellung zeigt au\u00dferdem die mediale Vielfalt der K\u00fcnstler:innen des Badischen Kunstvereins \u2013 alle Werke sind k\u00e4uflich. Parallel zu sehen: die Jahresgaben der ausstellenden K\u00fcnstler:innen.<\/p>\n\n\n\n<p class=\"has-white-color has-text-color has-link-color wp-elements-c79bc9b55bcb10cbba3fc0f4b9f98a8d\"><a href=\"https:\/\/www.badischer-kunstverein.de\/\">Badischer Kunstverein<\/a>, Waldstra\u00dfe 3, Karlsruhe<br>Laufzeit bis 18.01.2026<\/p>\n\n\n\n<p>Kommt vorbei, schaut euch die Ausstellung an und sichert euch eine Edition!<\/p>\n<\/div><\/div>\n\n\n<p style=\"text-align: center;\"><strong>***<\/strong><\/p><!-- PHP 5.x -->","protected":false},"excerpt":{"rendered":"<p>Edition zur Ausstellung von Christian Heuchel\u201emother and child divided\u201c, 2026 Seit Jahrhunderten steht die Kartoffel f\u00fcr Bodenst\u00e4ndigkeit, Nahrung und \u00dcberleben. Christian Heuchel halbiert Kartoffeln, fasst ihre Schalen in Gold, ihr Inneres in Blau und konserviert sie in Epoxidharz. Der Titel der Arbeit \u201emother and child divided\u201c verbindet das Motiv des Wachsens und Hervorgebrachten mit der [&hellip;]<\/p>\n","protected":false},"author":2,"featured_media":0,"comment_status":"closed","ping_status":"closed","sticky":false,"template":"","format":"standard","meta":{"footnotes":""},"categories":[1,20],"tags":[],"class_list":["post-5319","post","type-post","status-publish","format-standard","hentry","category-alle-beitraege","category-ausstellungen"],"_links":{"self":[{"href":"https:\/\/bureau-heuchel-klag.de\/kunsthaus\/index.php?rest_route=\/wp\/v2\/posts\/5319","targetHints":{"allow":["GET"]}}],"collection":[{"href":"https:\/\/bureau-heuchel-klag.de\/kunsthaus\/index.php?rest_route=\/wp\/v2\/posts"}],"about":[{"href":"https:\/\/bureau-heuchel-klag.de\/kunsthaus\/index.php?rest_route=\/wp\/v2\/types\/post"}],"author":[{"embeddable":true,"href":"https:\/\/bureau-heuchel-klag.de\/kunsthaus\/index.php?rest_route=\/wp\/v2\/users\/2"}],"replies":[{"embeddable":true,"href":"https:\/\/bureau-heuchel-klag.de\/kunsthaus\/index.php?rest_route=%2Fwp%2Fv2%2Fcomments&post=5319"}],"version-history":[{"count":15,"href":"https:\/\/bureau-heuchel-klag.de\/kunsthaus\/index.php?rest_route=\/wp\/v2\/posts\/5319\/revisions"}],"predecessor-version":[{"id":5355,"href":"https:\/\/bureau-heuchel-klag.de\/kunsthaus\/index.php?rest_route=\/wp\/v2\/posts\/5319\/revisions\/5355"}],"wp:attachment":[{"href":"https:\/\/bureau-heuchel-klag.de\/kunsthaus\/index.php?rest_route=%2Fwp%2Fv2%2Fmedia&parent=5319"}],"wp:term":[{"taxonomy":"category","embeddable":true,"href":"https:\/\/bureau-heuchel-klag.de\/kunsthaus\/index.php?rest_route=%2Fwp%2Fv2%2Fcategories&post=5319"},{"taxonomy":"post_tag","embeddable":true,"href":"https:\/\/bureau-heuchel-klag.de\/kunsthaus\/index.php?rest_route=%2Fwp%2Fv2%2Ftags&post=5319"}],"curies":[{"name":"wp","href":"https:\/\/api.w.org\/{rel}","templated":true}]}}