{"id":5252,"date":"2025-07-07T20:03:39","date_gmt":"2025-07-07T20:03:39","guid":{"rendered":"https:\/\/bureau-heuchel-klag.de\/kunsthaus\/?p=5252"},"modified":"2025-07-07T20:05:41","modified_gmt":"2025-07-07T20:05:41","slug":"2-preis-fuer-blatt-im-wind","status":"publish","type":"post","link":"https:\/\/bureau-heuchel-klag.de\/kunsthaus\/?p=5252","title":{"rendered":"2. Preis f\u00fcr &#8218;Blatt im Wind&#8216;"},"content":{"rendered":"\n<p>Am Wormser Hauptbahnhof soll ein Lern- und Gedenkort entstehen, der an die Deportationen w\u00e4hrend der NS-Zeit erinnert.<\/p>\n\n\n\n<figure class=\"wp-block-image size-large\"><img loading=\"lazy\" decoding=\"async\" width=\"960\" height=\"1200\" src=\"https:\/\/bureau-heuchel-klag.de\/kunsthaus\/wp-content\/uploads\/2025\/07\/insta_WormsBlatt-960x1200.jpg\" alt=\"\" class=\"wp-image-5253\" srcset=\"https:\/\/bureau-heuchel-klag.de\/kunsthaus\/wp-content\/uploads\/2025\/07\/insta_WormsBlatt-960x1200.jpg 960w, https:\/\/bureau-heuchel-klag.de\/kunsthaus\/wp-content\/uploads\/2025\/07\/insta_WormsBlatt-240x300.jpg 240w, https:\/\/bureau-heuchel-klag.de\/kunsthaus\/wp-content\/uploads\/2025\/07\/insta_WormsBlatt-768x960.jpg 768w, https:\/\/bureau-heuchel-klag.de\/kunsthaus\/wp-content\/uploads\/2025\/07\/insta_WormsBlatt.jpg 1080w\" sizes=\"auto, (max-width: 960px) 100vw, 960px\" \/><\/figure>\n\n\n\n<p>Im Rahmen des Wettbewerbs zur Errichtung eines Lern- und Gedenkortes in Worms wurde unser Entwurf \u201eBlatt im Wind\u201c mit dem 2. Preis ausgezeichnet.<br>Die Arbeit soll an die systematische Deportation von Sinti sowie j\u00fcdischen B\u00fcrgerinnen und B\u00fcrgern aus Worms w\u00e4hrend der NS-Zeit erinnern.<br>Unser Entwurf versteht sich nicht als Monument, sondern als Denkraum: offen, begehbar, zug\u00e4nglich \u2013 und damit ein lebendiger Teil der Stadtgesellschaft.<br>Am historischen Ort der Abfahrten, dem heutigen Sankt-Albans-Platz vor dem Wormser Hauptbahnhof, symbolisiert ein stilisiertes, flach liegendes \u201eBlatt im Wind\u201c das gewaltsame Herausbrechen der Opfer aus ihrem Alltag. Die Form erinnert an Buchseiten, Akten, Listen \u2013 an das b\u00fcrokratische System der Deportationen. In das Denkmal eingelassene Vornamen holen die Geschichte ins Heute zur\u00fcck: Sie sollen den anonymisierten Opfern Individualit\u00e4t und Pr\u00e4senz verleihen.<br>Aus Edelstahl gefertigt, vandalismussicher, wartungsfrei und beleuchtet, integriert sich das Objekt in den \u00f6ffentlichen Raum, als leises, starkes Zeichen gegen das Vergessen und f\u00fcr eine verantwortungsbewusste Zukunft.<br>Entwickelt wurde das Konzept unter der Leitung von Prof. Christian Heuchel, Kunsthaus des bHK.<\/p>\n\n\n\n<p>Ein begleitendes p\u00e4dagogisches Konzept erweitert den Ort digital wie analog: mit Informationen zu Biografien, historischen Zusammenh\u00e4ngen und Angeboten zur politischen Bildung. Langfristig soll das Denkmal Teil eines st\u00e4dtischen Gesamtkonzepts werden, das die bestehenden Erinnerungsorte in Worms miteinander vernetzt.<\/p>\n\n\n\n<p>Die drei besten Konzept-Ideen werden vom 14. bis 25. Juli im SchUM Lab am Neumarkt ausgestellt.<br>Weitere Informationen unter:<br><a href=\"https:\/\/www.worms.de\/neu-de\/aktuelles\/meldungen\/2025-07-02-09-06-50.php\">https:\/\/www.worms.de\/neu-de\/aktuelles\/meldungen\/2025-07-02-09-06-50.php<\/a><\/p>\n\n\n\n<figure class=\"wp-block-gallery has-nested-images columns-default is-cropped wp-block-gallery-1 is-layout-flex wp-block-gallery-is-layout-flex\">\n<figure data-wp-context=\"{&quot;imageId&quot;:&quot;69f14528d23f2&quot;}\" data-wp-interactive=\"core\/image\" data-wp-key=\"69f14528d23f2\" class=\"wp-block-image size-large wp-lightbox-container\"><img loading=\"lazy\" decoding=\"async\" width=\"855\" height=\"1200\" data-wp-class--hide=\"state.isContentHidden\" data-wp-class--show=\"state.isContentVisible\" data-wp-init=\"callbacks.setButtonStyles\" data-wp-on--click=\"actions.showLightbox\" data-wp-on--load=\"callbacks.setButtonStyles\" data-wp-on-window--resize=\"callbacks.setButtonStyles\" data-id=\"5258\" src=\"https:\/\/bureau-heuchel-klag.de\/kunsthaus\/wp-content\/uploads\/2025\/07\/Bildschirmfoto-2025-07-07-um-20.04.02-855x1200.jpg\" alt=\"\" class=\"wp-image-5258\" srcset=\"https:\/\/bureau-heuchel-klag.de\/kunsthaus\/wp-content\/uploads\/2025\/07\/Bildschirmfoto-2025-07-07-um-20.04.02-855x1200.jpg 855w, https:\/\/bureau-heuchel-klag.de\/kunsthaus\/wp-content\/uploads\/2025\/07\/Bildschirmfoto-2025-07-07-um-20.04.02-214x300.jpg 214w, https:\/\/bureau-heuchel-klag.de\/kunsthaus\/wp-content\/uploads\/2025\/07\/Bildschirmfoto-2025-07-07-um-20.04.02-768x1078.jpg 768w, https:\/\/bureau-heuchel-klag.de\/kunsthaus\/wp-content\/uploads\/2025\/07\/Bildschirmfoto-2025-07-07-um-20.04.02-1094x1536.jpg 1094w, https:\/\/bureau-heuchel-klag.de\/kunsthaus\/wp-content\/uploads\/2025\/07\/Bildschirmfoto-2025-07-07-um-20.04.02.jpg 1292w\" sizes=\"auto, (max-width: 855px) 100vw, 855px\" \/><button\n\t\t\tclass=\"lightbox-trigger\"\n\t\t\ttype=\"button\"\n\t\t\taria-haspopup=\"dialog\"\n\t\t\taria-label=\"Vergr\u00f6\u00dfern\"\n\t\t\tdata-wp-init=\"callbacks.initTriggerButton\"\n\t\t\tdata-wp-on--click=\"actions.showLightbox\"\n\t\t\tdata-wp-style--right=\"state.imageButtonRight\"\n\t\t\tdata-wp-style--top=\"state.imageButtonTop\"\n\t\t>\n\t\t\t<svg xmlns=\"http:\/\/www.w3.org\/2000\/svg\" width=\"12\" height=\"12\" fill=\"none\" viewBox=\"0 0 12 12\">\n\t\t\t\t<path fill=\"#fff\" d=\"M2 0a2 2 0 0 0-2 2v2h1.5V2a.5.5 0 0 1 .5-.5h2V0H2Zm2 10.5H2a.5.5 0 0 1-.5-.5V8H0v2a2 2 0 0 0 2 2h2v-1.5ZM8 12v-1.5h2a.5.5 0 0 0 .5-.5V8H12v2a2 2 0 0 1-2 2H8Zm2-12a2 2 0 0 1 2 2v2h-1.5V2a.5.5 0 0 0-.5-.5H8V0h2Z\" \/>\n\t\t\t<\/svg>\n\t\t<\/button><\/figure>\n\n\n\n<figure data-wp-context=\"{&quot;imageId&quot;:&quot;69f14528d27bf&quot;}\" data-wp-interactive=\"core\/image\" data-wp-key=\"69f14528d27bf\" class=\"wp-block-image size-large wp-lightbox-container\"><img loading=\"lazy\" decoding=\"async\" width=\"702\" height=\"1200\" data-wp-class--hide=\"state.isContentHidden\" data-wp-class--show=\"state.isContentVisible\" data-wp-init=\"callbacks.setButtonStyles\" data-wp-on--click=\"actions.showLightbox\" data-wp-on--load=\"callbacks.setButtonStyles\" data-wp-on-window--resize=\"callbacks.setButtonStyles\" data-id=\"5254\" src=\"https:\/\/bureau-heuchel-klag.de\/kunsthaus\/wp-content\/uploads\/2025\/07\/Bildschirmfoto-2025-07-07-um-19.21.53-702x1200.png\" alt=\"\" class=\"wp-image-5254\" srcset=\"https:\/\/bureau-heuchel-klag.de\/kunsthaus\/wp-content\/uploads\/2025\/07\/Bildschirmfoto-2025-07-07-um-19.21.53-702x1200.png 702w, https:\/\/bureau-heuchel-klag.de\/kunsthaus\/wp-content\/uploads\/2025\/07\/Bildschirmfoto-2025-07-07-um-19.21.53-176x300.png 176w, https:\/\/bureau-heuchel-klag.de\/kunsthaus\/wp-content\/uploads\/2025\/07\/Bildschirmfoto-2025-07-07-um-19.21.53-768x1312.png 768w, https:\/\/bureau-heuchel-klag.de\/kunsthaus\/wp-content\/uploads\/2025\/07\/Bildschirmfoto-2025-07-07-um-19.21.53.png 886w\" sizes=\"auto, (max-width: 702px) 100vw, 702px\" \/><button\n\t\t\tclass=\"lightbox-trigger\"\n\t\t\ttype=\"button\"\n\t\t\taria-haspopup=\"dialog\"\n\t\t\taria-label=\"Vergr\u00f6\u00dfern\"\n\t\t\tdata-wp-init=\"callbacks.initTriggerButton\"\n\t\t\tdata-wp-on--click=\"actions.showLightbox\"\n\t\t\tdata-wp-style--right=\"state.imageButtonRight\"\n\t\t\tdata-wp-style--top=\"state.imageButtonTop\"\n\t\t>\n\t\t\t<svg xmlns=\"http:\/\/www.w3.org\/2000\/svg\" width=\"12\" height=\"12\" fill=\"none\" viewBox=\"0 0 12 12\">\n\t\t\t\t<path fill=\"#fff\" d=\"M2 0a2 2 0 0 0-2 2v2h1.5V2a.5.5 0 0 1 .5-.5h2V0H2Zm2 10.5H2a.5.5 0 0 1-.5-.5V8H0v2a2 2 0 0 0 2 2h2v-1.5ZM8 12v-1.5h2a.5.5 0 0 0 .5-.5V8H12v2a2 2 0 0 1-2 2H8Zm2-12a2 2 0 0 1 2 2v2h-1.5V2a.5.5 0 0 0-.5-.5H8V0h2Z\" \/>\n\t\t\t<\/svg>\n\t\t<\/button><\/figure>\n\n\n\n<figure data-wp-context=\"{&quot;imageId&quot;:&quot;69f14528d2adf&quot;}\" data-wp-interactive=\"core\/image\" data-wp-key=\"69f14528d2adf\" class=\"wp-block-image size-large wp-lightbox-container\"><img loading=\"lazy\" decoding=\"async\" width=\"1200\" height=\"900\" data-wp-class--hide=\"state.isContentHidden\" data-wp-class--show=\"state.isContentVisible\" data-wp-init=\"callbacks.setButtonStyles\" data-wp-on--click=\"actions.showLightbox\" data-wp-on--load=\"callbacks.setButtonStyles\" data-wp-on-window--resize=\"callbacks.setButtonStyles\" data-id=\"5259\" src=\"https:\/\/bureau-heuchel-klag.de\/kunsthaus\/wp-content\/uploads\/2025\/07\/Oberperspektiv-2-1200x900.jpg\" alt=\"\" class=\"wp-image-5259\" srcset=\"https:\/\/bureau-heuchel-klag.de\/kunsthaus\/wp-content\/uploads\/2025\/07\/Oberperspektiv-2-1200x900.jpg 1200w, https:\/\/bureau-heuchel-klag.de\/kunsthaus\/wp-content\/uploads\/2025\/07\/Oberperspektiv-2-300x225.jpg 300w, https:\/\/bureau-heuchel-klag.de\/kunsthaus\/wp-content\/uploads\/2025\/07\/Oberperspektiv-2-768x576.jpg 768w, https:\/\/bureau-heuchel-klag.de\/kunsthaus\/wp-content\/uploads\/2025\/07\/Oberperspektiv-2-1536x1152.jpg 1536w, https:\/\/bureau-heuchel-klag.de\/kunsthaus\/wp-content\/uploads\/2025\/07\/Oberperspektiv-2.jpg 2000w\" sizes=\"auto, (max-width: 1200px) 100vw, 1200px\" \/><button\n\t\t\tclass=\"lightbox-trigger\"\n\t\t\ttype=\"button\"\n\t\t\taria-haspopup=\"dialog\"\n\t\t\taria-label=\"Vergr\u00f6\u00dfern\"\n\t\t\tdata-wp-init=\"callbacks.initTriggerButton\"\n\t\t\tdata-wp-on--click=\"actions.showLightbox\"\n\t\t\tdata-wp-style--right=\"state.imageButtonRight\"\n\t\t\tdata-wp-style--top=\"state.imageButtonTop\"\n\t\t>\n\t\t\t<svg xmlns=\"http:\/\/www.w3.org\/2000\/svg\" width=\"12\" height=\"12\" fill=\"none\" viewBox=\"0 0 12 12\">\n\t\t\t\t<path fill=\"#fff\" d=\"M2 0a2 2 0 0 0-2 2v2h1.5V2a.5.5 0 0 1 .5-.5h2V0H2Zm2 10.5H2a.5.5 0 0 1-.5-.5V8H0v2a2 2 0 0 0 2 2h2v-1.5ZM8 12v-1.5h2a.5.5 0 0 0 .5-.5V8H12v2a2 2 0 0 1-2 2H8Zm2-12a2 2 0 0 1 2 2v2h-1.5V2a.5.5 0 0 0-.5-.5H8V0h2Z\" \/>\n\t\t\t<\/svg>\n\t\t<\/button><\/figure>\n\n\n\n<figure data-wp-context=\"{&quot;imageId&quot;:&quot;69f14528d2dda&quot;}\" data-wp-interactive=\"core\/image\" data-wp-key=\"69f14528d2dda\" class=\"wp-block-image size-large wp-lightbox-container\"><img loading=\"lazy\" decoding=\"async\" width=\"1200\" height=\"900\" data-wp-class--hide=\"state.isContentHidden\" data-wp-class--show=\"state.isContentVisible\" data-wp-init=\"callbacks.setButtonStyles\" data-wp-on--click=\"actions.showLightbox\" data-wp-on--load=\"callbacks.setButtonStyles\" data-wp-on-window--resize=\"callbacks.setButtonStyles\" data-id=\"5263\" src=\"https:\/\/bureau-heuchel-klag.de\/kunsthaus\/wp-content\/uploads\/2025\/07\/Perspektiv-7-1200x900.jpg\" alt=\"\" class=\"wp-image-5263\" srcset=\"https:\/\/bureau-heuchel-klag.de\/kunsthaus\/wp-content\/uploads\/2025\/07\/Perspektiv-7-1200x900.jpg 1200w, https:\/\/bureau-heuchel-klag.de\/kunsthaus\/wp-content\/uploads\/2025\/07\/Perspektiv-7-300x225.jpg 300w, https:\/\/bureau-heuchel-klag.de\/kunsthaus\/wp-content\/uploads\/2025\/07\/Perspektiv-7-768x576.jpg 768w, https:\/\/bureau-heuchel-klag.de\/kunsthaus\/wp-content\/uploads\/2025\/07\/Perspektiv-7.jpg 1500w\" sizes=\"auto, (max-width: 1200px) 100vw, 1200px\" \/><button\n\t\t\tclass=\"lightbox-trigger\"\n\t\t\ttype=\"button\"\n\t\t\taria-haspopup=\"dialog\"\n\t\t\taria-label=\"Vergr\u00f6\u00dfern\"\n\t\t\tdata-wp-init=\"callbacks.initTriggerButton\"\n\t\t\tdata-wp-on--click=\"actions.showLightbox\"\n\t\t\tdata-wp-style--right=\"state.imageButtonRight\"\n\t\t\tdata-wp-style--top=\"state.imageButtonTop\"\n\t\t>\n\t\t\t<svg xmlns=\"http:\/\/www.w3.org\/2000\/svg\" width=\"12\" height=\"12\" fill=\"none\" viewBox=\"0 0 12 12\">\n\t\t\t\t<path fill=\"#fff\" d=\"M2 0a2 2 0 0 0-2 2v2h1.5V2a.5.5 0 0 1 .5-.5h2V0H2Zm2 10.5H2a.5.5 0 0 1-.5-.5V8H0v2a2 2 0 0 0 2 2h2v-1.5ZM8 12v-1.5h2a.5.5 0 0 0 .5-.5V8H12v2a2 2 0 0 1-2 2H8Zm2-12a2 2 0 0 1 2 2v2h-1.5V2a.5.5 0 0 0-.5-.5H8V0h2Z\" \/>\n\t\t\t<\/svg>\n\t\t<\/button><\/figure>\n\n\n\n<figure data-wp-context=\"{&quot;imageId&quot;:&quot;69f14528d30b6&quot;}\" data-wp-interactive=\"core\/image\" data-wp-key=\"69f14528d30b6\" class=\"wp-block-image size-medium wp-lightbox-container\"><img loading=\"lazy\" decoding=\"async\" width=\"300\" height=\"225\" data-wp-class--hide=\"state.isContentHidden\" data-wp-class--show=\"state.isContentVisible\" data-wp-init=\"callbacks.setButtonStyles\" data-wp-on--click=\"actions.showLightbox\" data-wp-on--load=\"callbacks.setButtonStyles\" data-wp-on-window--resize=\"callbacks.setButtonStyles\" data-id=\"5260\" src=\"https:\/\/bureau-heuchel-klag.de\/kunsthaus\/wp-content\/uploads\/2025\/07\/Perspektiv-4-Abend-300x225.jpg\" alt=\"\" class=\"wp-image-5260\" srcset=\"https:\/\/bureau-heuchel-klag.de\/kunsthaus\/wp-content\/uploads\/2025\/07\/Perspektiv-4-Abend-300x225.jpg 300w, https:\/\/bureau-heuchel-klag.de\/kunsthaus\/wp-content\/uploads\/2025\/07\/Perspektiv-4-Abend-768x576.jpg 768w, https:\/\/bureau-heuchel-klag.de\/kunsthaus\/wp-content\/uploads\/2025\/07\/Perspektiv-4-Abend.jpg 1200w\" sizes=\"auto, (max-width: 300px) 100vw, 300px\" \/><button\n\t\t\tclass=\"lightbox-trigger\"\n\t\t\ttype=\"button\"\n\t\t\taria-haspopup=\"dialog\"\n\t\t\taria-label=\"Vergr\u00f6\u00dfern\"\n\t\t\tdata-wp-init=\"callbacks.initTriggerButton\"\n\t\t\tdata-wp-on--click=\"actions.showLightbox\"\n\t\t\tdata-wp-style--right=\"state.imageButtonRight\"\n\t\t\tdata-wp-style--top=\"state.imageButtonTop\"\n\t\t>\n\t\t\t<svg xmlns=\"http:\/\/www.w3.org\/2000\/svg\" width=\"12\" height=\"12\" fill=\"none\" viewBox=\"0 0 12 12\">\n\t\t\t\t<path fill=\"#fff\" d=\"M2 0a2 2 0 0 0-2 2v2h1.5V2a.5.5 0 0 1 .5-.5h2V0H2Zm2 10.5H2a.5.5 0 0 1-.5-.5V8H0v2a2 2 0 0 0 2 2h2v-1.5ZM8 12v-1.5h2a.5.5 0 0 0 .5-.5V8H12v2a2 2 0 0 1-2 2H8Zm2-12a2 2 0 0 1 2 2v2h-1.5V2a.5.5 0 0 0-.5-.5H8V0h2Z\" \/>\n\t\t\t<\/svg>\n\t\t<\/button><\/figure>\n<\/figure>\n<!-- PHP 5.x -->","protected":false},"excerpt":{"rendered":"<p>Am Wormser Hauptbahnhof soll ein Lern- und Gedenkort entstehen, der an die Deportationen w\u00e4hrend der NS-Zeit erinnert. Im Rahmen des Wettbewerbs zur Errichtung eines Lern- und Gedenkortes in Worms wurde unser Entwurf \u201eBlatt im Wind\u201c mit dem 2. Preis ausgezeichnet.Die Arbeit soll an die systematische Deportation von Sinti sowie j\u00fcdischen B\u00fcrgerinnen und B\u00fcrgern aus Worms [&hellip;]<\/p>\n","protected":false},"author":2,"featured_media":0,"comment_status":"closed","ping_status":"closed","sticky":false,"template":"","format":"standard","meta":{"footnotes":""},"categories":[1,4],"tags":[],"class_list":["post-5252","post","type-post","status-publish","format-standard","hentry","category-alle-beitraege","category-kunst-am-bau"],"_links":{"self":[{"href":"https:\/\/bureau-heuchel-klag.de\/kunsthaus\/index.php?rest_route=\/wp\/v2\/posts\/5252","targetHints":{"allow":["GET"]}}],"collection":[{"href":"https:\/\/bureau-heuchel-klag.de\/kunsthaus\/index.php?rest_route=\/wp\/v2\/posts"}],"about":[{"href":"https:\/\/bureau-heuchel-klag.de\/kunsthaus\/index.php?rest_route=\/wp\/v2\/types\/post"}],"author":[{"embeddable":true,"href":"https:\/\/bureau-heuchel-klag.de\/kunsthaus\/index.php?rest_route=\/wp\/v2\/users\/2"}],"replies":[{"embeddable":true,"href":"https:\/\/bureau-heuchel-klag.de\/kunsthaus\/index.php?rest_route=%2Fwp%2Fv2%2Fcomments&post=5252"}],"version-history":[{"count":4,"href":"https:\/\/bureau-heuchel-klag.de\/kunsthaus\/index.php?rest_route=\/wp\/v2\/posts\/5252\/revisions"}],"predecessor-version":[{"id":5266,"href":"https:\/\/bureau-heuchel-klag.de\/kunsthaus\/index.php?rest_route=\/wp\/v2\/posts\/5252\/revisions\/5266"}],"wp:attachment":[{"href":"https:\/\/bureau-heuchel-klag.de\/kunsthaus\/index.php?rest_route=%2Fwp%2Fv2%2Fmedia&parent=5252"}],"wp:term":[{"taxonomy":"category","embeddable":true,"href":"https:\/\/bureau-heuchel-klag.de\/kunsthaus\/index.php?rest_route=%2Fwp%2Fv2%2Fcategories&post=5252"},{"taxonomy":"post_tag","embeddable":true,"href":"https:\/\/bureau-heuchel-klag.de\/kunsthaus\/index.php?rest_route=%2Fwp%2Fv2%2Ftags&post=5252"}],"curies":[{"name":"wp","href":"https:\/\/api.w.org\/{rel}","templated":true}]}}