{"id":498,"date":"2012-08-25T13:47:29","date_gmt":"2012-08-25T13:47:29","guid":{"rendered":"http:\/\/www.bureau-heuchel-klag.de\/kunsthaus\/?p=498"},"modified":"2012-10-12T18:29:39","modified_gmt":"2012-10-12T18:29:39","slug":"offene-ateliers-2012","status":"publish","type":"post","link":"https:\/\/bureau-heuchel-klag.de\/kunsthaus\/?p=498","title":{"rendered":"Einladung &#8211; Offene Ateliers 2012"},"content":{"rendered":"<p><a href=\"https:\/\/bureau-heuchel-klag.de\/kunsthaus\/wp-content\/uploads\/2012\/05\/Dat_head_offeneAt.jpg\"><img loading=\"lazy\" decoding=\"async\" class=\"alignnone size-full wp-image-1537\" title=\"22.09.-23.09.2012\" src=\"https:\/\/bureau-heuchel-klag.de\/kunsthaus\/wp-content\/uploads\/2012\/05\/Dat_head_offeneAt.jpg\" alt=\"\" width=\"400\" height=\"100\" srcset=\"https:\/\/bureau-heuchel-klag.de\/kunsthaus\/wp-content\/uploads\/2012\/05\/Dat_head_offeneAt.jpg 400w, https:\/\/bureau-heuchel-klag.de\/kunsthaus\/wp-content\/uploads\/2012\/05\/Dat_head_offeneAt-300x75.jpg 300w\" sizes=\"auto, (max-width: 400px) 100vw, 400px\" \/><\/a><br \/>\n<strong>Das Kunsthaus des <\/strong><strong>bHK \u00f6ffnet sein Atelier<\/strong><\/p>\n<p>Ausstellung im Kunsthaus des bHK Bellheim,<strong> <\/strong><\/p>\n<p><strong>SA. 22. bis SO. 23. September 2012<\/strong><\/p>\n<p><a href=\"https:\/\/bureau-heuchel-klag.de\/kunsthaus\/wp-content\/uploads\/2012\/08\/bHK_Einladungskarte_digital_2012.jpg\"><img loading=\"lazy\" decoding=\"async\" class=\"alignnone  wp-image-1917\" title=\"bHK_Einladungskarte_digital_2012\" src=\"https:\/\/bureau-heuchel-klag.de\/kunsthaus\/wp-content\/uploads\/2012\/08\/bHK_Einladungskarte_digital_2012.jpg\" alt=\"\" width=\"640\" height=\"452\" srcset=\"https:\/\/bureau-heuchel-klag.de\/kunsthaus\/wp-content\/uploads\/2012\/08\/bHK_Einladungskarte_digital_2012.jpg 800w, https:\/\/bureau-heuchel-klag.de\/kunsthaus\/wp-content\/uploads\/2012\/08\/bHK_Einladungskarte_digital_2012-300x211.jpg 300w\" sizes=\"auto, (max-width: 640px) 100vw, 640px\" \/><\/a><\/p>\n<p>Das Kunsthaus in Bellheim zeigt am Samstag, den 22.09.12 und Sonntag, den 23.09.12, von 14.00 bis 19.00 Uhr, neue Arbeiten von Christian Frick (Hagenbach), Mike \u00dcberall (Karlsruhe), Christian Heuchel (K\u00f6ln), Gunter Klag (Bellheim)<\/p>\n<p>Die Kunst braucht einen Ort, der nicht unter dem permanenten Einfluss unserer schnelllebigen Zeit steht. Einen Alltag, der noch allt\u00e4glich ist. Ein Refugium, das keiner Mode und keinen Trends unterworfen ist. Das Kunsthaus des bHK ist langsam und st\u00f6rrisch \u2500 ein Ort, an dem man seine Phantasien und seine Autonomie ausleben kann. Ein Ort, der konzentriertes Arbeiten m\u00f6glich macht.<\/p>\n<p>Das bHK macht keine Kunst f\u00fcr die Masse und will nie dem breiten Publikum gefallen, Zugest\u00e4ndnisse sind ihm fremd. Das bHK ist Basis f\u00fcr eine hochwertige und nachhaltige Kunstproduktion.<\/p>\n<p><strong>Vier K\u00fcnstler geben Einblick in ihr aktuelles Werk:<\/strong><\/p>\n<p>Christian Frick (K\u00fcnstler, Hagenbach)<\/p>\n<p>Mike \u00dcberall (K\u00fcnstler, Karlsruhe)<\/p>\n<p>Gunter Klag (K\u00fcnstler, Bellheim)<\/p>\n<p>Christian Heuchel (Architekt, K\u00f6ln).<\/p>\n<p><strong>Ausstellungsdauer: <\/strong><br \/>\nSA. 22. bis SO. 23. September 2012<br \/>\n<strong>\u00d6ffnungszeiten der Ausstellung:<\/strong><br \/>\njeweils SA. und SO., 14 Uhr bis 19 Uhr<br \/>\nund nach Vereinbarung<\/p>\n<!-- PHP 5.x -->","protected":false},"excerpt":{"rendered":"<p>Das Kunsthaus in Bellheim zeigt am Samstag, den 22.09.12 und Sonntag, den 23.09.12, von 14.00 bis 19.00 Uhr, neue Arbeiten von Christian Frick (Hagenbach), Mike \u00dcberall (Karlsruhe), Christian Heuchel (K\u00f6ln), Gunter Klag (Bellheim) &#8230;<\/p>\n","protected":false},"author":1,"featured_media":0,"comment_status":"closed","ping_status":"closed","sticky":false,"template":"","format":"standard","meta":{"footnotes":""},"categories":[1,20,21],"tags":[],"class_list":["post-498","post","type-post","status-publish","format-standard","hentry","category-alle-beitraege","category-ausstellungen","category-einladungen"],"_links":{"self":[{"href":"https:\/\/bureau-heuchel-klag.de\/kunsthaus\/index.php?rest_route=\/wp\/v2\/posts\/498","targetHints":{"allow":["GET"]}}],"collection":[{"href":"https:\/\/bureau-heuchel-klag.de\/kunsthaus\/index.php?rest_route=\/wp\/v2\/posts"}],"about":[{"href":"https:\/\/bureau-heuchel-klag.de\/kunsthaus\/index.php?rest_route=\/wp\/v2\/types\/post"}],"author":[{"embeddable":true,"href":"https:\/\/bureau-heuchel-klag.de\/kunsthaus\/index.php?rest_route=\/wp\/v2\/users\/1"}],"replies":[{"embeddable":true,"href":"https:\/\/bureau-heuchel-klag.de\/kunsthaus\/index.php?rest_route=%2Fwp%2Fv2%2Fcomments&post=498"}],"version-history":[{"count":24,"href":"https:\/\/bureau-heuchel-klag.de\/kunsthaus\/index.php?rest_route=\/wp\/v2\/posts\/498\/revisions"}],"predecessor-version":[{"id":2148,"href":"https:\/\/bureau-heuchel-klag.de\/kunsthaus\/index.php?rest_route=\/wp\/v2\/posts\/498\/revisions\/2148"}],"wp:attachment":[{"href":"https:\/\/bureau-heuchel-klag.de\/kunsthaus\/index.php?rest_route=%2Fwp%2Fv2%2Fmedia&parent=498"}],"wp:term":[{"taxonomy":"category","embeddable":true,"href":"https:\/\/bureau-heuchel-klag.de\/kunsthaus\/index.php?rest_route=%2Fwp%2Fv2%2Fcategories&post=498"},{"taxonomy":"post_tag","embeddable":true,"href":"https:\/\/bureau-heuchel-klag.de\/kunsthaus\/index.php?rest_route=%2Fwp%2Fv2%2Ftags&post=498"}],"curies":[{"name":"wp","href":"https:\/\/api.w.org\/{rel}","templated":true}]}}