{"id":493,"date":"2012-06-23T13:37:49","date_gmt":"2012-06-23T13:37:49","guid":{"rendered":"http:\/\/www.bureau-heuchel-klag.de\/kunsthaus\/?p=493"},"modified":"2012-10-12T18:30:50","modified_gmt":"2012-10-12T18:30:50","slug":"%e2%80%9erapport-reloaded-2","status":"publish","type":"post","link":"https:\/\/bureau-heuchel-klag.de\/kunsthaus\/?p=493","title":{"rendered":"Einladung zur Ausstellung \u201erapport\u201c reloaded"},"content":{"rendered":"<p><a href=\"https:\/\/bureau-heuchel-klag.de\/kunsthaus\/wp-content\/uploads\/2012\/06\/Dat_head_rapport.jpg\"><img loading=\"lazy\" decoding=\"async\" class=\"alignnone size-full wp-image-1535\" title=\"Dat_head_rapport\" src=\"https:\/\/bureau-heuchel-klag.de\/kunsthaus\/wp-content\/uploads\/2012\/06\/Dat_head_rapport.jpg\" alt=\"\" width=\"400\" height=\"100\" srcset=\"https:\/\/bureau-heuchel-klag.de\/kunsthaus\/wp-content\/uploads\/2012\/06\/Dat_head_rapport.jpg 400w, https:\/\/bureau-heuchel-klag.de\/kunsthaus\/wp-content\/uploads\/2012\/06\/Dat_head_rapport-300x75.jpg 300w\" sizes=\"auto, (max-width: 400px) 100vw, 400px\" \/><\/a><\/p>\n<p>Das bureau Heuchel Klag l\u00e4dt Sie und Ihre Freunde herzlich ein zur Er\u00f6ffnung der Kunstausstellung:<\/p>\n<p><a href=\"https:\/\/bureau-heuchel-klag.de\/kunsthaus\/wp-content\/uploads\/2012\/06\/einladung_rapport_digital_72.jpg\"><img loading=\"lazy\" decoding=\"async\" class=\"alignnone size-medium wp-image-1384\" title=\"einladung_rapport_digital_72\" src=\"https:\/\/bureau-heuchel-klag.de\/kunsthaus\/wp-content\/uploads\/2012\/06\/einladung_rapport_digital_72-300x300.jpg\" alt=\"\" width=\"300\" height=\"300\" srcset=\"https:\/\/bureau-heuchel-klag.de\/kunsthaus\/wp-content\/uploads\/2012\/06\/einladung_rapport_digital_72-300x300.jpg 300w, https:\/\/bureau-heuchel-klag.de\/kunsthaus\/wp-content\/uploads\/2012\/06\/einladung_rapport_digital_72-150x150.jpg 150w, https:\/\/bureau-heuchel-klag.de\/kunsthaus\/wp-content\/uploads\/2012\/06\/einladung_rapport_digital_72.jpg 800w\" sizes=\"auto, (max-width: 300px) 100vw, 300px\" \/><\/a><\/p>\n<p><strong>\u201erapport\u201c reloaded &#8211; eine Raum- und Klanginstallation des bHK<\/strong><\/p>\n<p style=\"padding-left: 30px;\">im Rahmen des<\/p>\n<p><strong>Kultursommers Rheinland-Pfalz 2012 \u201eGott und die Welt\u201c<\/strong><\/p>\n<p style=\"padding-left: 30px;\">Ausstellung im Kunsthaus des bHK Bellheim,<span style=\"color: #ff0000;\"><strong> am FR. 27. Juli bis SO. 05. August 2012<\/strong><\/span><\/p>\n<p><a href=\"https:\/\/bureau-heuchel-klag.de\/kunsthaus\/wp-content\/uploads\/2012\/06\/rapport_saalkirche_72.jpg\"><img loading=\"lazy\" decoding=\"async\" class=\"alignnone size-thumbnail wp-image-1385\" title=\"rapport_saalkirche_72\" src=\"https:\/\/bureau-heuchel-klag.de\/kunsthaus\/wp-content\/uploads\/2012\/06\/rapport_saalkirche_72-150x150.jpg\" alt=\"\" width=\"150\" height=\"150\" \/><\/a><\/p>\n<p>\u201eGott und die Welt\u201c, das Thema des Kultursommers Rheinland-Pfalz 2012, ist f\u00fcr das bHK ein willkommener Anlass, sein Archiv zu \u00f6ffnen. Angesichts des diesj\u00e4hrigen Kultursommerthemas erscheint es dem bHK sinnvoll, eine gelungene und beeindruckende Installation wie \u201erapport\u201c erneut der \u00d6ffentlichkeit in Form einer Ausstellung im <strong>Kunsthaus des bHK<\/strong> in Bellheim zug\u00e4nglich zu machen. Damit soll die Ausstellungsreihe \u201eKunst im Haus\u201c fortgesetzt werden.<\/p>\n<p><a href=\"https:\/\/bureau-heuchel-klag.de\/kunsthaus\/wp-content\/uploads\/2012\/06\/bhk_ingelh_rapport.jpg\"><img loading=\"lazy\" decoding=\"async\" class=\"alignnone size-thumbnail wp-image-496\" title=\"bhk_ingelh_rapport\" src=\"https:\/\/bureau-heuchel-klag.de\/kunsthaus\/wp-content\/uploads\/2012\/06\/bhk_ingelh_rapport-150x150.jpg\" alt=\"\" width=\"150\" height=\"150\" \/><\/a><a href=\"https:\/\/bureau-heuchel-klag.de\/kunsthaus\/wp-content\/uploads\/2012\/03\/rapport_saalkirche_3_c.jpg\"><img loading=\"lazy\" decoding=\"async\" class=\"alignnone size-thumbnail wp-image-415\" title=\"rapport_saalkirche_3\" src=\"https:\/\/bureau-heuchel-klag.de\/kunsthaus\/wp-content\/uploads\/2012\/03\/rapport_saalkirche_3_c-150x150.jpg\" alt=\"\" width=\"150\" height=\"150\" \/><\/a><a href=\"https:\/\/bureau-heuchel-klag.de\/kunsthaus\/wp-content\/uploads\/2012\/03\/rapport_saalkirche_1_c.jpg\"><img loading=\"lazy\" decoding=\"async\" class=\"alignnone size-thumbnail wp-image-414\" title=\"rapport_saalkirche_1\" src=\"https:\/\/bureau-heuchel-klag.de\/kunsthaus\/wp-content\/uploads\/2012\/03\/rapport_saalkirche_1_c-150x150.jpg\" alt=\"\" width=\"150\" height=\"150\" \/><\/a><\/p>\n<p><strong>Das Ausstellungsprojekt \u201erapport\u201c<\/strong><\/p>\n<p>Das bHK hat sich als K\u00fcnstlergruppe in den letzten 20 Jahren immer wieder kritisch mit dem Thema \u201eReligion und Sakralit\u00e4t\u201c auseinandergesetzt. So z.B. in \u201erapport,\u201c einer Rauminstallation in der Saalkirche Ingelheim (1996), \u201eHildegard von Bingen \u2013 ein mobiler Schrein\u201c (Bingen und R\u00fcdesheim, 1997), \u201eBuddha 2009\u201c im Forum \u201eS\u201c in Landau (2009) und \u201eDie Pfalz malt f\u00fcr den Speyrer Dom \u2013 eine Kunstpostkartenaktion\u201c (2010).<\/p>\n<p><strong>bHK &#8211; Kunst im Haus 2012<\/strong><\/p>\n<p>Das bHK \u00f6ffnet sein Archiv und dekomprimiert die Ausstellungskiste \u201erapport\u201c aus dem Jahr 1996. Die materiellen Bestandteile von \u201erapport\u201c werden entfaltet und dem Ausstellungsraum im Kunsthaus des bHK angepasst. Die dazugeh\u00f6rige Klang- und Lautsprecherinstallation (auf Basis eines Textleseger\u00e4tes f\u00fcr Blinde) wird mit neuer Technik im Raum pr\u00e4sentiert.<\/p>\n<p><strong>Ausstellungsbegleitender Workshop <\/strong><\/p>\n<p>Erg\u00e4nzend zur Ausstellung findet ein \u00f6ffentlicher eint\u00e4giger Workshop (SA., 28. Juli, 10.00 Uhr bis 14.00 Uhr) statt. Sinn und Zweck der Veranstaltung ist es, \u201erapport\u201c und die damit verbundenen medialen Prinzipien der Komprimation und Dekomprimation zu erl\u00e4utern und die inhaltlichen Bestandteile zu vermitteln.<\/p>\n<p><strong>Mitwirkende Wissenschaftler und K\u00fcnstler sind:<\/strong><\/p>\n<p>Dr. Hauser F\u00fchlberg (Mineraloge, Karlsruhe), Dr. Ralph Musielski (Komparatist, Hamburg), Gunter Klag (K\u00fcnstler, Bellheim), Christian Heuchel (Architekt, K\u00f6ln).<\/p>\n<p><strong>Die Veranstaltung:<\/strong><br \/>\n\u201erapport\u201c reloaded \u2013 eine Raum- und Klanginstallation des bHK<\/p>\n<p><strong>Ausstellungsdauer: <\/strong><br \/>\nFR., 27. Juli bis SO., 05. August 2012<\/p>\n<p><strong>Vernissage:<\/strong><br \/>\nFR., 27. Juli, 19.00 Uhr<br \/>\nEr\u00f6ffnungsrede: Dr. Ralph Musielski<br \/>\nEinlesen der Textpartitur \u201eRapport\u201c<\/p>\n<p><strong>\u00d6ffentlicher Workshop:<\/strong><br \/>\n<strong>KUNST MENSCH GLAUBE<\/strong><br \/>\nSA., 28. Juli, 10.00 Uhr bis 14.00 Uhr<br \/>\nMit: Dr. Markus Hauser-Fuhlberg, Dr. Ralph Musielski und dem bHK.<\/p>\n<p><strong>Finissage:<\/strong><br \/>\nSO., 05. August, 19.00 Uhr mit<br \/>\nKonzert im Au\u00dfenraum<br \/>\n<strong>Musik:<\/strong> JONNY LAS VEGAS, Karlsruhe<\/p>\n<p><strong>\u00d6ffnungszeiten der Ausstellung:<\/strong><br \/>\njeweils SA. und SO., 14 Uhr bis 19 Uhr<br \/>\nund nach Vereinbarung<\/p>\n<p>&nbsp;<\/p>\n<p>Mit freundlicher Unterst\u00fctzung des Kultursommers Rheinland-Pfalz 2012<img loading=\"lazy\" decoding=\"async\" class=\" wp-image-408 alignleft\" title=\"KultursommerRLP\" src=\"https:\/\/bureau-heuchel-klag.de\/kunsthaus\/wp-content\/uploads\/2012\/03\/KultursommerRLP_LOGO_4C-150x150.jpg\" alt=\"\" width=\"120\" height=\"120\" \/><\/p>\n<p>F\u00fcr weitere Informationen wenden Sie sich bitte an:<\/p>\n<p><strong>Kunsthaus des bHK<\/strong><br \/>\nHauptstra\u00dfe 129, 76756 Bellheim<br \/>\nTel.: 0177-5620479, Fax: 07272-76158<br \/>\ninfo(at)bureau-heuchel-klag.de<br \/>\n<a title=\"www.bureau-heuchel-klag.de\" href=\"http:\/\/www.bureau-heuchel-klag.de\" target=\"_blank\">www.bureau-heuchel-klag.de<\/a><\/p>\n<!-- PHP 5.x -->","protected":false},"excerpt":{"rendered":"<p>Das bureau Heuchel Klag l\u00e4dt Sie und Ihre Freunde herzlich ein zur Er\u00f6ffnung der Kunstausstellung: \u201erapport\u201c reloaded &#8211; eine Raum- und Klanginstallation des bHK im Rahmen des Kultursommers Rheinland-Pfalz 2012 \u201eGott und die Welt\u201c Ausstellung im Kunsthaus des bHK Bellheim, am FR. 27. Juli bis SO. 05. August 2012. &#8230;<\/p>\n","protected":false},"author":1,"featured_media":0,"comment_status":"closed","ping_status":"closed","sticky":false,"template":"","format":"standard","meta":{"footnotes":""},"categories":[1,20,21],"tags":[],"class_list":["post-493","post","type-post","status-publish","format-standard","hentry","category-alle-beitraege","category-ausstellungen","category-einladungen"],"_links":{"self":[{"href":"https:\/\/bureau-heuchel-klag.de\/kunsthaus\/index.php?rest_route=\/wp\/v2\/posts\/493","targetHints":{"allow":["GET"]}}],"collection":[{"href":"https:\/\/bureau-heuchel-klag.de\/kunsthaus\/index.php?rest_route=\/wp\/v2\/posts"}],"about":[{"href":"https:\/\/bureau-heuchel-klag.de\/kunsthaus\/index.php?rest_route=\/wp\/v2\/types\/post"}],"author":[{"embeddable":true,"href":"https:\/\/bureau-heuchel-klag.de\/kunsthaus\/index.php?rest_route=\/wp\/v2\/users\/1"}],"replies":[{"embeddable":true,"href":"https:\/\/bureau-heuchel-klag.de\/kunsthaus\/index.php?rest_route=%2Fwp%2Fv2%2Fcomments&post=493"}],"version-history":[{"count":42,"href":"https:\/\/bureau-heuchel-klag.de\/kunsthaus\/index.php?rest_route=\/wp\/v2\/posts\/493\/revisions"}],"predecessor-version":[{"id":2150,"href":"https:\/\/bureau-heuchel-klag.de\/kunsthaus\/index.php?rest_route=\/wp\/v2\/posts\/493\/revisions\/2150"}],"wp:attachment":[{"href":"https:\/\/bureau-heuchel-klag.de\/kunsthaus\/index.php?rest_route=%2Fwp%2Fv2%2Fmedia&parent=493"}],"wp:term":[{"taxonomy":"category","embeddable":true,"href":"https:\/\/bureau-heuchel-klag.de\/kunsthaus\/index.php?rest_route=%2Fwp%2Fv2%2Fcategories&post=493"},{"taxonomy":"post_tag","embeddable":true,"href":"https:\/\/bureau-heuchel-klag.de\/kunsthaus\/index.php?rest_route=%2Fwp%2Fv2%2Ftags&post=493"}],"curies":[{"name":"wp","href":"https:\/\/api.w.org\/{rel}","templated":true}]}}