{"id":4769,"date":"2022-09-05T09:59:00","date_gmt":"2022-09-05T09:59:00","guid":{"rendered":"https:\/\/bureau-heuchel-klag.de\/kunsthaus\/?p=4769"},"modified":"2023-11-14T19:06:23","modified_gmt":"2023-11-14T19:06:23","slug":"4769","status":"publish","type":"post","link":"https:\/\/bureau-heuchel-klag.de\/kunsthaus\/?p=4769","title":{"rendered":""},"content":{"rendered":"<p style=\"text-align: center;\"><strong>bHK trifft Slevogt \u2013 Eine Reise in den pf\u00e4lzischen Impressionismus<\/strong><br>Ausstellung im Kunstverein Offenbach, Galerie im KOMM, Aliceplatz 11<br>15.09.-05.10.2023<\/p>\n\n\n<figure class=\"wp-block-gallery aligncenter has-nested-images columns-default is-cropped wp-block-gallery-1 is-layout-flex wp-block-gallery-is-layout-flex\">\n<figure class=\"wp-block-image size-large\"><a href=\"https:\/\/bureau-heuchel-klag.de\/kunsthaus\/wp-content\/uploads\/2023\/11\/KV_Offenbach_01-scaled.jpg\"><img loading=\"lazy\" decoding=\"async\" width=\"1200\" height=\"1200\" data-id=\"4987\" src=\"https:\/\/bureau-heuchel-klag.de\/kunsthaus\/wp-content\/uploads\/2023\/11\/KV_Offenbach_01-1200x1200.jpg\" alt=\"\" class=\"wp-image-4987\" srcset=\"https:\/\/bureau-heuchel-klag.de\/kunsthaus\/wp-content\/uploads\/2023\/11\/KV_Offenbach_01-1200x1200.jpg 1200w, https:\/\/bureau-heuchel-klag.de\/kunsthaus\/wp-content\/uploads\/2023\/11\/KV_Offenbach_01-300x300.jpg 300w, https:\/\/bureau-heuchel-klag.de\/kunsthaus\/wp-content\/uploads\/2023\/11\/KV_Offenbach_01-150x150.jpg 150w, https:\/\/bureau-heuchel-klag.de\/kunsthaus\/wp-content\/uploads\/2023\/11\/KV_Offenbach_01-768x768.jpg 768w, https:\/\/bureau-heuchel-klag.de\/kunsthaus\/wp-content\/uploads\/2023\/11\/KV_Offenbach_01-1536x1536.jpg 1536w, https:\/\/bureau-heuchel-klag.de\/kunsthaus\/wp-content\/uploads\/2023\/11\/KV_Offenbach_01-2048x2048.jpg 2048w\" sizes=\"auto, (max-width: 1200px) 100vw, 1200px\" \/><\/a><\/figure>\n\n\n\n<figure class=\"wp-block-image size-large\"><a href=\"https:\/\/bureau-heuchel-klag.de\/kunsthaus\/wp-content\/uploads\/2023\/11\/KV_Offenbach_04-scaled.jpg\"><img loading=\"lazy\" decoding=\"async\" width=\"1200\" height=\"696\" data-id=\"4990\" src=\"https:\/\/bureau-heuchel-klag.de\/kunsthaus\/wp-content\/uploads\/2023\/11\/KV_Offenbach_04-1200x696.jpg\" alt=\"\" class=\"wp-image-4990\" srcset=\"https:\/\/bureau-heuchel-klag.de\/kunsthaus\/wp-content\/uploads\/2023\/11\/KV_Offenbach_04-1200x696.jpg 1200w, https:\/\/bureau-heuchel-klag.de\/kunsthaus\/wp-content\/uploads\/2023\/11\/KV_Offenbach_04-300x174.jpg 300w, https:\/\/bureau-heuchel-klag.de\/kunsthaus\/wp-content\/uploads\/2023\/11\/KV_Offenbach_04-768x445.jpg 768w, https:\/\/bureau-heuchel-klag.de\/kunsthaus\/wp-content\/uploads\/2023\/11\/KV_Offenbach_04-1536x890.jpg 1536w, https:\/\/bureau-heuchel-klag.de\/kunsthaus\/wp-content\/uploads\/2023\/11\/KV_Offenbach_04-2048x1187.jpg 2048w\" sizes=\"auto, (max-width: 1200px) 100vw, 1200px\" \/><\/a><\/figure>\n\n\n\n<figure class=\"wp-block-image size-large\"><a href=\"https:\/\/bureau-heuchel-klag.de\/kunsthaus\/wp-content\/uploads\/2023\/11\/KV_Offenbach_02-scaled.jpg\"><img loading=\"lazy\" decoding=\"async\" width=\"1200\" height=\"895\" data-id=\"4988\" src=\"https:\/\/bureau-heuchel-klag.de\/kunsthaus\/wp-content\/uploads\/2023\/11\/KV_Offenbach_02-1200x895.jpg\" alt=\"\" class=\"wp-image-4988\" srcset=\"https:\/\/bureau-heuchel-klag.de\/kunsthaus\/wp-content\/uploads\/2023\/11\/KV_Offenbach_02-1200x895.jpg 1200w, https:\/\/bureau-heuchel-klag.de\/kunsthaus\/wp-content\/uploads\/2023\/11\/KV_Offenbach_02-300x224.jpg 300w, https:\/\/bureau-heuchel-klag.de\/kunsthaus\/wp-content\/uploads\/2023\/11\/KV_Offenbach_02-768x573.jpg 768w, https:\/\/bureau-heuchel-klag.de\/kunsthaus\/wp-content\/uploads\/2023\/11\/KV_Offenbach_02-1536x1146.jpg 1536w, https:\/\/bureau-heuchel-klag.de\/kunsthaus\/wp-content\/uploads\/2023\/11\/KV_Offenbach_02-2048x1528.jpg 2048w\" sizes=\"auto, (max-width: 1200px) 100vw, 1200px\" \/><\/a><\/figure>\n\n\n\n<figure class=\"wp-block-image size-large\"><a href=\"https:\/\/bureau-heuchel-klag.de\/kunsthaus\/wp-content\/uploads\/2023\/11\/KV_Offenbach_03-scaled.jpg\"><img loading=\"lazy\" decoding=\"async\" width=\"1200\" height=\"931\" data-id=\"4989\" src=\"https:\/\/bureau-heuchel-klag.de\/kunsthaus\/wp-content\/uploads\/2023\/11\/KV_Offenbach_03-1200x931.jpg\" alt=\"\" class=\"wp-image-4989\" srcset=\"https:\/\/bureau-heuchel-klag.de\/kunsthaus\/wp-content\/uploads\/2023\/11\/KV_Offenbach_03-1200x931.jpg 1200w, https:\/\/bureau-heuchel-klag.de\/kunsthaus\/wp-content\/uploads\/2023\/11\/KV_Offenbach_03-300x233.jpg 300w, https:\/\/bureau-heuchel-klag.de\/kunsthaus\/wp-content\/uploads\/2023\/11\/KV_Offenbach_03-768x596.jpg 768w\" sizes=\"auto, (max-width: 1200px) 100vw, 1200px\" \/><\/a><\/figure>\n<\/figure>\n\n\n<p>Pressetext des Kunstverein Offenbach:<br>Die K\u00fcnstlergruppe bureau Heuchel Klagwurde durch die Zusammenarbeit von Gunter Klag und Prof. Christian Heuchel gegr\u00fcndet. Ihre unterschiedlichen k\u00fcnstle-rischen Ans\u00e4tze und Techniken erg\u00e4nzen sich auf faszinierende Weise und f\u00fchren zu innovativen Kunstwerken. Mit der sp\u00e4teren Aufnahme von Mike \u00dcberall erweiterte sich die Bandbreite der Gruppe und sie arbeiteten gemeinsam an verschiedenen Kunstprojekten, die eine breite Palette von Themen und Herausforderungen ansprechen. bureau Heuchel Klag ist heute eine bekannte und angesehene K\u00fcnstlergruppe, deren Werke in vielen Ausstellungen und Sammlungen auf der ganzen Welt zu finden sind.<\/p>\n<p>Auf den Spuren des Malers Max Slevogt hat sich die K\u00fcnstlergruppe bHK (Prof. Christian Heuchel und Gunter Klag) auf eine k\u00fcnstlerische, multimediale Reise durch sein Leben und Werk begeben. In Zusammenarbeit mit dem K\u00fcnstler Mike \u00dcberall haben sie eine Bilderserie entwickelt, zu der sie von den Farbwelten Max Slevogts inspiriert wurden. Hierbei haben sie sich nicht nur mit seinem Werk befasst, sondern auch mit seiner K\u00fcnstlerpers\u00f6nlichkeit, die nach wie vor eine gro\u00dfe Anziehungskraft auf die K\u00fcnstler hat.<\/p>\n<p>F\u00fcr die Ausstellung haben die drei K\u00fcnstler wechselseitig ihre gro\u00dfformatigen Leinw\u00e4nde \u00fcbermalt und erg\u00e4nzt. In ihrer Malerei ist die Formensprache zwischen Abstraktion und Figuration gemeinsam, wobei jeder seine eigene Handschrift tr\u00e4gt. Zur Ausstellung erscheint ein Katalog mit zahlreichen Abbildungen und Texten.<\/p>\n<p style=\"text-align: center;\"><strong>***<\/strong><\/p>\n<p><\/p>\n<p style=\"text-align: center;\"><strong>BILDER ZEIGEN WESTW\u00c4RTS<br><\/strong> Ausstellung 16.09. &#8211; 24.09.2023 im Kunsthaus des bHK<\/p>\n\n\n<figure class=\"wp-block-gallery has-nested-images columns-default is-cropped wp-block-gallery-2 is-layout-flex wp-block-gallery-is-layout-flex\">\n<figure class=\"wp-block-image size-large\"><img loading=\"lazy\" decoding=\"async\" width=\"1200\" height=\"1200\" data-id=\"4965\" src=\"https:\/\/bureau-heuchel-klag.de\/kunsthaus\/wp-content\/uploads\/2023\/11\/Teller_05_kl.jpg\" alt=\"\" class=\"wp-image-4965\" srcset=\"https:\/\/bureau-heuchel-klag.de\/kunsthaus\/wp-content\/uploads\/2023\/11\/Teller_05_kl.jpg 1200w, https:\/\/bureau-heuchel-klag.de\/kunsthaus\/wp-content\/uploads\/2023\/11\/Teller_05_kl-300x300.jpg 300w, https:\/\/bureau-heuchel-klag.de\/kunsthaus\/wp-content\/uploads\/2023\/11\/Teller_05_kl-150x150.jpg 150w, https:\/\/bureau-heuchel-klag.de\/kunsthaus\/wp-content\/uploads\/2023\/11\/Teller_05_kl-768x768.jpg 768w\" sizes=\"auto, (max-width: 1200px) 100vw, 1200px\" \/><\/figure>\n\n\n\n<figure class=\"wp-block-image size-large\"><img loading=\"lazy\" decoding=\"async\" width=\"1200\" height=\"1200\" data-id=\"4966\" src=\"https:\/\/bureau-heuchel-klag.de\/kunsthaus\/wp-content\/uploads\/2023\/11\/Teller_01_kl-1200x1200.jpg\" alt=\"\" class=\"wp-image-4966\" srcset=\"https:\/\/bureau-heuchel-klag.de\/kunsthaus\/wp-content\/uploads\/2023\/11\/Teller_01_kl-1200x1200.jpg 1200w, https:\/\/bureau-heuchel-klag.de\/kunsthaus\/wp-content\/uploads\/2023\/11\/Teller_01_kl-300x300.jpg 300w, https:\/\/bureau-heuchel-klag.de\/kunsthaus\/wp-content\/uploads\/2023\/11\/Teller_01_kl-150x150.jpg 150w, https:\/\/bureau-heuchel-klag.de\/kunsthaus\/wp-content\/uploads\/2023\/11\/Teller_01_kl-768x767.jpg 768w, https:\/\/bureau-heuchel-klag.de\/kunsthaus\/wp-content\/uploads\/2023\/11\/Teller_01_kl-2048x2046.jpg 2048w\" sizes=\"auto, (max-width: 1200px) 100vw, 1200px\" \/><\/figure>\n\n\n\n<figure class=\"wp-block-image size-large\"><img loading=\"lazy\" decoding=\"async\" width=\"1200\" height=\"1200\" data-id=\"4964\" src=\"https:\/\/bureau-heuchel-klag.de\/kunsthaus\/wp-content\/uploads\/2023\/11\/Teller_03_kl-1200x1200.jpg\" alt=\"\" class=\"wp-image-4964\" srcset=\"https:\/\/bureau-heuchel-klag.de\/kunsthaus\/wp-content\/uploads\/2023\/11\/Teller_03_kl-1200x1200.jpg 1200w, https:\/\/bureau-heuchel-klag.de\/kunsthaus\/wp-content\/uploads\/2023\/11\/Teller_03_kl-300x300.jpg 300w, https:\/\/bureau-heuchel-klag.de\/kunsthaus\/wp-content\/uploads\/2023\/11\/Teller_03_kl-150x150.jpg 150w, https:\/\/bureau-heuchel-klag.de\/kunsthaus\/wp-content\/uploads\/2023\/11\/Teller_03_kl-768x768.jpg 768w, https:\/\/bureau-heuchel-klag.de\/kunsthaus\/wp-content\/uploads\/2023\/11\/Teller_03_kl-1536x1536.jpg 1536w, https:\/\/bureau-heuchel-klag.de\/kunsthaus\/wp-content\/uploads\/2023\/11\/Teller_03_kl.jpg 1986w\" sizes=\"auto, (max-width: 1200px) 100vw, 1200px\" \/><\/figure>\n\n\n\n<figure class=\"wp-block-image size-large\"><img loading=\"lazy\" decoding=\"async\" width=\"1200\" height=\"1200\" data-id=\"4969\" src=\"https:\/\/bureau-heuchel-klag.de\/kunsthaus\/wp-content\/uploads\/2023\/11\/Teller_06_kl-1200x1200.jpg\" alt=\"\" class=\"wp-image-4969\" srcset=\"https:\/\/bureau-heuchel-klag.de\/kunsthaus\/wp-content\/uploads\/2023\/11\/Teller_06_kl-1200x1200.jpg 1200w, https:\/\/bureau-heuchel-klag.de\/kunsthaus\/wp-content\/uploads\/2023\/11\/Teller_06_kl-300x300.jpg 300w, https:\/\/bureau-heuchel-klag.de\/kunsthaus\/wp-content\/uploads\/2023\/11\/Teller_06_kl-150x150.jpg 150w, https:\/\/bureau-heuchel-klag.de\/kunsthaus\/wp-content\/uploads\/2023\/11\/Teller_06_kl-768x768.jpg 768w, https:\/\/bureau-heuchel-klag.de\/kunsthaus\/wp-content\/uploads\/2023\/11\/Teller_06_kl-1536x1536.jpg 1536w, https:\/\/bureau-heuchel-klag.de\/kunsthaus\/wp-content\/uploads\/2023\/11\/Teller_06_kl-2048x2048.jpg 2048w\" sizes=\"auto, (max-width: 1200px) 100vw, 1200px\" \/><\/figure>\n\n\n\n<figure class=\"wp-block-image size-large\"><img loading=\"lazy\" decoding=\"async\" width=\"1200\" height=\"1200\" data-id=\"4968\" src=\"https:\/\/bureau-heuchel-klag.de\/kunsthaus\/wp-content\/uploads\/2023\/11\/Teller_04_kl-1200x1200.jpg\" alt=\"\" class=\"wp-image-4968\" srcset=\"https:\/\/bureau-heuchel-klag.de\/kunsthaus\/wp-content\/uploads\/2023\/11\/Teller_04_kl-1200x1200.jpg 1200w, https:\/\/bureau-heuchel-klag.de\/kunsthaus\/wp-content\/uploads\/2023\/11\/Teller_04_kl-300x300.jpg 300w, https:\/\/bureau-heuchel-klag.de\/kunsthaus\/wp-content\/uploads\/2023\/11\/Teller_04_kl-150x150.jpg 150w, https:\/\/bureau-heuchel-klag.de\/kunsthaus\/wp-content\/uploads\/2023\/11\/Teller_04_kl-768x768.jpg 768w, https:\/\/bureau-heuchel-klag.de\/kunsthaus\/wp-content\/uploads\/2023\/11\/Teller_04_kl-1536x1536.jpg 1536w, https:\/\/bureau-heuchel-klag.de\/kunsthaus\/wp-content\/uploads\/2023\/11\/Teller_04_kl-2048x2048.jpg 2048w\" sizes=\"auto, (max-width: 1200px) 100vw, 1200px\" \/><\/figure>\n\n\n\n<figure class=\"wp-block-image size-large\"><img loading=\"lazy\" decoding=\"async\" width=\"1200\" height=\"1197\" data-id=\"4967\" src=\"https:\/\/bureau-heuchel-klag.de\/kunsthaus\/wp-content\/uploads\/2023\/11\/Teller_02_kl-1200x1197.jpg\" alt=\"\" class=\"wp-image-4967\" srcset=\"https:\/\/bureau-heuchel-klag.de\/kunsthaus\/wp-content\/uploads\/2023\/11\/Teller_02_kl-1200x1197.jpg 1200w, https:\/\/bureau-heuchel-klag.de\/kunsthaus\/wp-content\/uploads\/2023\/11\/Teller_02_kl-300x300.jpg 300w, https:\/\/bureau-heuchel-klag.de\/kunsthaus\/wp-content\/uploads\/2023\/11\/Teller_02_kl-150x150.jpg 150w, https:\/\/bureau-heuchel-klag.de\/kunsthaus\/wp-content\/uploads\/2023\/11\/Teller_02_kl-768x766.jpg 768w, https:\/\/bureau-heuchel-klag.de\/kunsthaus\/wp-content\/uploads\/2023\/11\/Teller_02_kl-1536x1533.jpg 1536w, https:\/\/bureau-heuchel-klag.de\/kunsthaus\/wp-content\/uploads\/2023\/11\/Teller_02_kl-2048x2044.jpg 2048w\" sizes=\"auto, (max-width: 1200px) 100vw, 1200px\" \/><\/figure>\n<\/figure>\n\n\n\n<p>F\u00fcr ihre Ausstellung BILDER ZEIGEN WESTW\u00c4RTS realisieren die K\u00fcnstler Christian Heuchel und Gunter Klag zusammen mit Mike \u00dcberall eine tempor\u00e4re Gestaltung an der Au\u00dfenfassade des Kunsthauses bHK in Bellheim. Angeregt durch die immer noch erheiternden Fotoserien von Anna und Bernhard Blume \u201aK\u00fcchenkoller\u2018 und \u201aVasen-Ekstasen\u2018 aus den 80er Jahren, verselbst\u00e4ndigen sich Gebrauchsgegenst\u00e4nde, die aus dem Haus zu fliegen scheinen.&nbsp;<\/p>\n\n\n\n<p>Ausgangspunkt sind hunderte bemalter Teller im Haus, die sich zu einem Schwarm an Wand, Decke und Boden gruppieren. Manche Untertassen fliegen von den Tischen in die Welt.&nbsp;<\/p>\n\n\n\n<p>So sind an der Au\u00dfenfassade aus dem Fenster keilf\u00f6rmig angebrachte Teller in eine dynamische Form gebracht, die zu einer poetischen Bewegung in Richtung Westen wird. Die Schwere des Materials kontrastiert mit der Leichtigkeit der Pr\u00e4sentation. Die Zerbrechlichkeit der Keramik bekommt eine surreale Dimension. Was die Tellerwolke in den Westen zieht, bleibt dabei der fantasievollen Interpretation der BetrachterInnen \u00fcberlassen.&nbsp;<\/p>\n\n\n\n<p>Im Haus werden des Weiteren neue Druckgrafiken auf B\u00fcttenpapier, unter anderem die Grafikmappe \u201eflying dishes and saucers\u201c gezeigt, die an der eigenen Druckerpresse im Kunsthaus hergestellt wurden. Auch ein Experimentalfilm reiht sich thematisch in die Auseinandersetzung mit den Himmelsrichtungen der Windrose ein, die schon in den letzten Jahren im Rahmen des Kultursommers Rheinland Pfalz zu sehen waren.<br>Die Ausstellung fand im Zeitraum der <a href=\"https:\/\/us14.mailchimp.com\/mctx\/clicks?url=https%3A%2F%2Fwww.offene-ateliers-bbkrlp.de&amp;xid=57a5454eb3&amp;uid=170946381&amp;iid=4887654ad4&amp;pool=cts&amp;v=2&amp;c=1692005008&amp;h=7680a20e64e9ab5c8c0755490f1a9b0c92acb39311cfddaa3d842c94b46e0238\" target=\"_blank\" rel=\"noopener\"><span dir=\"ltr\" role=\"presentation\">\u201e<\/span><span dir=\"ltr\" role=\"presentation\">Offenen Ateliers<\/span>&nbsp;<span dir=\"ltr\" role=\"presentation\">2023<\/span><span dir=\"ltr\" role=\"presentation\">\u201c<\/span><\/a>&nbsp;<span dir=\"ltr\" role=\"presentation\">in Rheinland<\/span><span dir=\"ltr\" role=\"presentation\">\u2013<\/span><span dir=\"ltr\" role=\"presentation\">Pfalz statt und <\/span>wurde vom <a href=\"https:\/\/us14.mailchimp.com\/mctx\/clicks?url=https%3A%2F%2Fkultursommer.de%2Fveranstaltungen%2Fbilder-zeigen-westwaerts%2F&amp;xid=57a5454eb3&amp;uid=170946381&amp;iid=4887654ad4&amp;pool=cts&amp;v=2&amp;c=1692005008&amp;h=b9873cb3e31bc5886794cd68e23fc3350c82bce6dd125ac8898bf97835bd9853\" target=\"_blank\" rel=\"noopener\">Kultursommer Rheinland-Pfalz<\/a> gef\u00f6rdert. <br>Weitere Informationen und Videogedicht zur Ausstellung:&nbsp;<a href=\"https:\/\/us14.mailchimp.com\/mctx\/clicks?url=https%3A%2F%2Fkultursommer.de%2Fveranstaltungen%2Fbilder-zeigen-westwaerts%2F&amp;xid=57a5454eb3&amp;uid=170946381&amp;iid=4887654ad4&amp;pool=cts&amp;v=2&amp;c=1692005008&amp;h=b9873cb3e31bc5886794cd68e23fc3350c82bce6dd125ac8898bf97835bd9853\" target=\"_blank\" rel=\"noopener\">Kultursommer Rheinland-Pfalz 2023 \u201eBILDER ZEIGEN WESTW\u00c4RTS\u201c <\/a><\/p>\n\n\n<div class=\"wp-block-image\">\n<figure class=\"aligncenter size-full\"><a href=\"https:\/\/vimeo.com\/manage\/videos\/820272162\" target=\"_blank\" rel=\"noopener\"><img loading=\"lazy\" decoding=\"async\" width=\"2782\" height=\"1112\" src=\"https:\/\/bureau-heuchel-klag.de\/kunsthaus\/wp-content\/uploads\/2023\/08\/westwaerts_newsletter02-1.png\" alt=\"\" class=\"wp-image-4948\" srcset=\"https:\/\/bureau-heuchel-klag.de\/kunsthaus\/wp-content\/uploads\/2023\/08\/westwaerts_newsletter02-1.png 2782w, https:\/\/bureau-heuchel-klag.de\/kunsthaus\/wp-content\/uploads\/2023\/08\/westwaerts_newsletter02-1-300x120.png 300w, https:\/\/bureau-heuchel-klag.de\/kunsthaus\/wp-content\/uploads\/2023\/08\/westwaerts_newsletter02-1-1200x480.png 1200w, https:\/\/bureau-heuchel-klag.de\/kunsthaus\/wp-content\/uploads\/2023\/08\/westwaerts_newsletter02-1-768x307.png 768w, https:\/\/bureau-heuchel-klag.de\/kunsthaus\/wp-content\/uploads\/2023\/08\/westwaerts_newsletter02-1-1536x614.png 1536w, https:\/\/bureau-heuchel-klag.de\/kunsthaus\/wp-content\/uploads\/2023\/08\/westwaerts_newsletter02-1-2048x819.png 2048w\" sizes=\"auto, (max-width: 2782px) 100vw, 2782px\" \/><\/a><figcaption class=\"wp-element-caption\">Trailer mit einem Gedicht von Christian Heuchel&nbsp;bei vimeo<\/figcaption><\/figure>\n<\/div>\n\n\n<h4 class=\"wp-block-heading\"><span style=\"color: #ffffff;\"><\/span><\/h4>\n\n\n<p style=\"text-align: center;\"><strong>***<\/strong><\/p>\n<p style=\"text-align: center;\">\n<\/p><p style=\"text-align: center;\"><strong>BILDER ZUM OSTWIND<br>Wer Wind s\u00e4t, wird Sturm ernten<\/strong><\/p>\n<p style=\"text-align: center;\">Ausstellung 17.09. &#8211; 02.10.2022 im Kunsthaus bHK in Bellheim<\/p>\n\n<div class=\"wp-block-image\">\n<figure class=\"aligncenter size-full\"><img loading=\"lazy\" decoding=\"async\" width=\"1800\" height=\"760\" src=\"https:\/\/bureau-heuchel-klag.de\/kunsthaus\/wp-content\/uploads\/2022\/09\/filmstill-Ostwind_website.jpg\" alt=\"\" class=\"wp-image-4768\" srcset=\"https:\/\/bureau-heuchel-klag.de\/kunsthaus\/wp-content\/uploads\/2022\/09\/filmstill-Ostwind_website.jpg 1800w, https:\/\/bureau-heuchel-klag.de\/kunsthaus\/wp-content\/uploads\/2022\/09\/filmstill-Ostwind_website-300x127.jpg 300w, https:\/\/bureau-heuchel-klag.de\/kunsthaus\/wp-content\/uploads\/2022\/09\/filmstill-Ostwind_website-1200x507.jpg 1200w, https:\/\/bureau-heuchel-klag.de\/kunsthaus\/wp-content\/uploads\/2022\/09\/filmstill-Ostwind_website-768x324.jpg 768w, https:\/\/bureau-heuchel-klag.de\/kunsthaus\/wp-content\/uploads\/2022\/09\/filmstill-Ostwind_website-1536x649.jpg 1536w\" sizes=\"auto, (max-width: 1800px) 100vw, 1800px\" \/><figcaption class=\"wp-element-caption\"><sup>Einladungskarte zur Ausstellung mit Filmstill aus dem Video &#8218;Ostwind&#8216; von Christian <\/sup><\/figcaption><\/figure>\n<\/div>\n\n\n<figure class=\"wp-block-gallery aligncenter has-nested-images columns-default is-cropped wp-block-gallery-3 is-layout-flex wp-block-gallery-is-layout-flex\">\n<figure class=\"wp-block-image size-large\"><a href=\"https:\/\/bureau-heuchel-klag.de\/kunsthaus\/wp-content\/uploads\/2022\/10\/web_Ostwind_02.jpg\"><img loading=\"lazy\" decoding=\"async\" width=\"2470\" height=\"1873\" data-id=\"4815\" src=\"https:\/\/bureau-heuchel-klag.de\/kunsthaus\/wp-content\/uploads\/2022\/10\/web_Ostwind_02.jpg\" alt=\"\" class=\"wp-image-4815\" srcset=\"https:\/\/bureau-heuchel-klag.de\/kunsthaus\/wp-content\/uploads\/2022\/10\/web_Ostwind_02.jpg 2470w, https:\/\/bureau-heuchel-klag.de\/kunsthaus\/wp-content\/uploads\/2022\/10\/web_Ostwind_02-300x227.jpg 300w, https:\/\/bureau-heuchel-klag.de\/kunsthaus\/wp-content\/uploads\/2022\/10\/web_Ostwind_02-1200x910.jpg 1200w, https:\/\/bureau-heuchel-klag.de\/kunsthaus\/wp-content\/uploads\/2022\/10\/web_Ostwind_02-768x582.jpg 768w, https:\/\/bureau-heuchel-klag.de\/kunsthaus\/wp-content\/uploads\/2022\/10\/web_Ostwind_02-1536x1165.jpg 1536w, https:\/\/bureau-heuchel-klag.de\/kunsthaus\/wp-content\/uploads\/2022\/10\/web_Ostwind_02-2048x1553.jpg 2048w\" sizes=\"auto, (max-width: 2470px) 100vw, 2470px\" \/><\/a><figcaption class=\"wp-element-caption\">Ostwind- Installation vom bHK<\/figcaption><\/figure>\n\n\n\n<figure class=\"wp-block-image size-large\"><a href=\"https:\/\/bureau-heuchel-klag.de\/kunsthaus\/wp-content\/uploads\/2022\/10\/web_Ostwind_01-1.jpg\"><img loading=\"lazy\" decoding=\"async\" width=\"2314\" height=\"2073\" data-id=\"4814\" src=\"https:\/\/bureau-heuchel-klag.de\/kunsthaus\/wp-content\/uploads\/2022\/10\/web_Ostwind_01-1.jpg\" alt=\"\" class=\"wp-image-4814\" srcset=\"https:\/\/bureau-heuchel-klag.de\/kunsthaus\/wp-content\/uploads\/2022\/10\/web_Ostwind_01-1.jpg 2314w, https:\/\/bureau-heuchel-klag.de\/kunsthaus\/wp-content\/uploads\/2022\/10\/web_Ostwind_01-1-300x269.jpg 300w, https:\/\/bureau-heuchel-klag.de\/kunsthaus\/wp-content\/uploads\/2022\/10\/web_Ostwind_01-1-1200x1075.jpg 1200w, https:\/\/bureau-heuchel-klag.de\/kunsthaus\/wp-content\/uploads\/2022\/10\/web_Ostwind_01-1-768x688.jpg 768w, https:\/\/bureau-heuchel-klag.de\/kunsthaus\/wp-content\/uploads\/2022\/10\/web_Ostwind_01-1-1536x1376.jpg 1536w, https:\/\/bureau-heuchel-klag.de\/kunsthaus\/wp-content\/uploads\/2022\/10\/web_Ostwind_01-1-2048x1835.jpg 2048w\" sizes=\"auto, (max-width: 2314px) 100vw, 2314px\" \/><\/a><figcaption class=\"wp-element-caption\">Ostwind-Installation vom bHK<\/figcaption><\/figure>\n\n\n\n<figure class=\"wp-block-image size-large\"><a href=\"https:\/\/bureau-heuchel-klag.de\/kunsthaus\/wp-content\/uploads\/2022\/10\/web_Modell02.jpg\"><img loading=\"lazy\" decoding=\"async\" width=\"1641\" height=\"1434\" data-id=\"4813\" src=\"https:\/\/bureau-heuchel-klag.de\/kunsthaus\/wp-content\/uploads\/2022\/10\/web_Modell02.jpg\" alt=\"\" class=\"wp-image-4813\" srcset=\"https:\/\/bureau-heuchel-klag.de\/kunsthaus\/wp-content\/uploads\/2022\/10\/web_Modell02.jpg 1641w, https:\/\/bureau-heuchel-klag.de\/kunsthaus\/wp-content\/uploads\/2022\/10\/web_Modell02-300x262.jpg 300w, https:\/\/bureau-heuchel-klag.de\/kunsthaus\/wp-content\/uploads\/2022\/10\/web_Modell02-1200x1049.jpg 1200w, https:\/\/bureau-heuchel-klag.de\/kunsthaus\/wp-content\/uploads\/2022\/10\/web_Modell02-768x671.jpg 768w, https:\/\/bureau-heuchel-klag.de\/kunsthaus\/wp-content\/uploads\/2022\/10\/web_Modell02-1536x1342.jpg 1536w\" sizes=\"auto, (max-width: 1641px) 100vw, 1641px\" \/><\/a><figcaption class=\"wp-element-caption\">Modell von Christian Heuchel<\/figcaption><\/figure>\n\n\n\n<figure class=\"wp-block-image size-large\"><a href=\"https:\/\/bureau-heuchel-klag.de\/kunsthaus\/wp-content\/uploads\/2022\/10\/Ostwind_Gunter_Klag_web.jpg\"><img loading=\"lazy\" decoding=\"async\" width=\"1429\" height=\"1145\" data-id=\"4809\" src=\"https:\/\/bureau-heuchel-klag.de\/kunsthaus\/wp-content\/uploads\/2022\/10\/Ostwind_Gunter_Klag_web.jpg\" alt=\"\" class=\"wp-image-4809\" srcset=\"https:\/\/bureau-heuchel-klag.de\/kunsthaus\/wp-content\/uploads\/2022\/10\/Ostwind_Gunter_Klag_web.jpg 1429w, https:\/\/bureau-heuchel-klag.de\/kunsthaus\/wp-content\/uploads\/2022\/10\/Ostwind_Gunter_Klag_web-300x240.jpg 300w, https:\/\/bureau-heuchel-klag.de\/kunsthaus\/wp-content\/uploads\/2022\/10\/Ostwind_Gunter_Klag_web-1200x962.jpg 1200w, https:\/\/bureau-heuchel-klag.de\/kunsthaus\/wp-content\/uploads\/2022\/10\/Ostwind_Gunter_Klag_web-768x615.jpg 768w\" sizes=\"auto, (max-width: 1429px) 100vw, 1429px\" \/><\/a><figcaption class=\"wp-element-caption\">Zeichnungen von Gunter Klag<\/figcaption><\/figure>\n\n\n\n<figure class=\"wp-block-image size-large\"><a href=\"https:\/\/bureau-heuchel-klag.de\/kunsthaus\/wp-content\/uploads\/2022\/10\/Ostwind_MIke_Ueberall_web.jpg\"><img loading=\"lazy\" decoding=\"async\" width=\"2500\" height=\"1622\" data-id=\"4808\" src=\"https:\/\/bureau-heuchel-klag.de\/kunsthaus\/wp-content\/uploads\/2022\/10\/Ostwind_MIke_Ueberall_web.jpg\" alt=\"\" class=\"wp-image-4808\" srcset=\"https:\/\/bureau-heuchel-klag.de\/kunsthaus\/wp-content\/uploads\/2022\/10\/Ostwind_MIke_Ueberall_web.jpg 2500w, https:\/\/bureau-heuchel-klag.de\/kunsthaus\/wp-content\/uploads\/2022\/10\/Ostwind_MIke_Ueberall_web-300x195.jpg 300w, https:\/\/bureau-heuchel-klag.de\/kunsthaus\/wp-content\/uploads\/2022\/10\/Ostwind_MIke_Ueberall_web-1200x779.jpg 1200w, https:\/\/bureau-heuchel-klag.de\/kunsthaus\/wp-content\/uploads\/2022\/10\/Ostwind_MIke_Ueberall_web-768x498.jpg 768w, https:\/\/bureau-heuchel-klag.de\/kunsthaus\/wp-content\/uploads\/2022\/10\/Ostwind_MIke_Ueberall_web-1536x997.jpg 1536w, https:\/\/bureau-heuchel-klag.de\/kunsthaus\/wp-content\/uploads\/2022\/10\/Ostwind_MIke_Ueberall_web-2048x1329.jpg 2048w\" sizes=\"auto, (max-width: 2500px) 100vw, 2500px\" \/><\/a><figcaption class=\"wp-element-caption\">Gouachen von Mike \u00dcberall<\/figcaption><\/figure>\n\n\n\n<figure class=\"wp-block-image size-large\"><a href=\"https:\/\/bureau-heuchel-klag.de\/kunsthaus\/wp-content\/uploads\/2022\/10\/Ostwind_CH_Bilder_web.jpg\"><img loading=\"lazy\" decoding=\"async\" width=\"2085\" height=\"1409\" data-id=\"4807\" src=\"https:\/\/bureau-heuchel-klag.de\/kunsthaus\/wp-content\/uploads\/2022\/10\/Ostwind_CH_Bilder_web.jpg\" alt=\"\" class=\"wp-image-4807\" srcset=\"https:\/\/bureau-heuchel-klag.de\/kunsthaus\/wp-content\/uploads\/2022\/10\/Ostwind_CH_Bilder_web.jpg 2085w, https:\/\/bureau-heuchel-klag.de\/kunsthaus\/wp-content\/uploads\/2022\/10\/Ostwind_CH_Bilder_web-300x203.jpg 300w, https:\/\/bureau-heuchel-klag.de\/kunsthaus\/wp-content\/uploads\/2022\/10\/Ostwind_CH_Bilder_web-1200x811.jpg 1200w, https:\/\/bureau-heuchel-klag.de\/kunsthaus\/wp-content\/uploads\/2022\/10\/Ostwind_CH_Bilder_web-768x519.jpg 768w, https:\/\/bureau-heuchel-klag.de\/kunsthaus\/wp-content\/uploads\/2022\/10\/Ostwind_CH_Bilder_web-1536x1038.jpg 1536w, https:\/\/bureau-heuchel-klag.de\/kunsthaus\/wp-content\/uploads\/2022\/10\/Ostwind_CH_Bilder_web-2048x1384.jpg 2048w\" sizes=\"auto, (max-width: 2085px) 100vw, 2085px\" \/><\/a><figcaption class=\"wp-element-caption\">Gouachen und Collagen von Christian Heuchel<\/figcaption><\/figure>\n<\/figure>\n\n\n<p>Inspiriert vom Motto des Kultursommers in Rheinland-Pfalz &#8222;Kompass Europa: Ostwind&#8220; l\u00e4dt die Ku\u0308nstlergruppe bHK mit Christian Heuchel und Gunter Klag in ihren Ausstellungsr\u00e4umen im Kunsthaus in Bellheim zusammen mit Werken von Mike \u00dcberall zu einer Entdeckungsreise in den Osten ein. Ausgangspunkt der k\u00fcnstlerischen \u00dcberlegungen sind Assoziationen zur osteurop\u00e4ischen Kunst und Kultur im weitesten Sinne. <br>Surrealer und plastischer geht es weiter: &#8222;Wer Wind s\u00e4t, wird Sturm ernten&#8220;- eine Windmaschine bl\u00e4ht knisternd M\u00fcllbeutel aus den Fenstern auf, als ob das Haus atmen w\u00fcrde. Oder geht es hier um eine Flucht aus dem Osten im Hei\u00dfluftballon oder die Umweltbelastung mit Plastik?<br>Die Ausstellung m\u00fcndet in einem experimentellen Kunstfilm, der ebenfalls gedanklichen Auftrieb bietet.<br>Zur Ausstellung wird die K\u00fcnstlermappe &#8222;Fields, Spaces And Frames&#8220; mit Grafiken der K\u00fcnstler Christian Heuchel, Gunter Klag und Mike \u00dcberall erscheinen. <br>Diese Ausstellung wurde vom Kultursommer Rheinland-Pfalz gef\u00f6rdert.<br>Weitere Informationen: <a href=\"https:\/\/bureau-heuchel-klag.us14.list-manage.com\/track\/click?u=7b0538d9249d3c1e1afd074ed&amp;id=01b4becdba&amp;e=0b9d1ce4ce\" target=\"_blank\" rel=\"noopener\">Kultursommer Rheinland-Pfalz 2022 \u201eKompass Europa: Ostwind\u201c<\/a><\/p>\n\n\n<div class=\"wp-block-group\"><div class=\"wp-block-group__inner-container is-layout-flow wp-block-group-is-layout-flow\">\n<div class=\"wp-block-columns is-layout-flex wp-container-core-columns-is-layout-9d6595d7 wp-block-columns-is-layout-flex\">\n<div class=\"wp-block-column is-vertically-aligned-top is-layout-flow wp-block-column-is-layout-flow\" style=\"flex-basis:100%\">\n<figure class=\"wp-block-gallery has-nested-images columns-default is-cropped aligncenter wp-block-gallery-4 is-layout-flex wp-block-gallery-is-layout-flex\">\n<figure class=\"wp-block-image size-large\"><a href=\"https:\/\/bureau-heuchel-klag.de\/kunsthaus\/wp-content\/uploads\/2022\/10\/07_instaOstwindaquarell-scaled.jpg\"><img loading=\"lazy\" decoding=\"async\" width=\"2560\" height=\"2560\" data-id=\"4862\" src=\"https:\/\/bureau-heuchel-klag.de\/kunsthaus\/wp-content\/uploads\/2022\/10\/07_instaOstwindaquarell-scaled.jpg\" alt=\"\" class=\"wp-image-4862\" srcset=\"https:\/\/bureau-heuchel-klag.de\/kunsthaus\/wp-content\/uploads\/2022\/10\/07_instaOstwindaquarell-scaled.jpg 2560w, https:\/\/bureau-heuchel-klag.de\/kunsthaus\/wp-content\/uploads\/2022\/10\/07_instaOstwindaquarell-300x300.jpg 300w, https:\/\/bureau-heuchel-klag.de\/kunsthaus\/wp-content\/uploads\/2022\/10\/07_instaOstwindaquarell-1200x1200.jpg 1200w, https:\/\/bureau-heuchel-klag.de\/kunsthaus\/wp-content\/uploads\/2022\/10\/07_instaOstwindaquarell-150x150.jpg 150w, https:\/\/bureau-heuchel-klag.de\/kunsthaus\/wp-content\/uploads\/2022\/10\/07_instaOstwindaquarell-768x768.jpg 768w, https:\/\/bureau-heuchel-klag.de\/kunsthaus\/wp-content\/uploads\/2022\/10\/07_instaOstwindaquarell-1536x1536.jpg 1536w, https:\/\/bureau-heuchel-klag.de\/kunsthaus\/wp-content\/uploads\/2022\/10\/07_instaOstwindaquarell-2048x2048.jpg 2048w\" sizes=\"auto, (max-width: 2560px) 100vw, 2560px\" \/><\/a><\/figure>\n\n\n\n<figure class=\"wp-block-image size-large\"><a href=\"https:\/\/bureau-heuchel-klag.de\/kunsthaus\/wp-content\/uploads\/2022\/10\/06_instaOstwindaquarell-scaled.jpg\"><img loading=\"lazy\" decoding=\"async\" width=\"2560\" height=\"2560\" data-id=\"4861\" src=\"https:\/\/bureau-heuchel-klag.de\/kunsthaus\/wp-content\/uploads\/2022\/10\/06_instaOstwindaquarell-scaled.jpg\" alt=\"\" class=\"wp-image-4861\" srcset=\"https:\/\/bureau-heuchel-klag.de\/kunsthaus\/wp-content\/uploads\/2022\/10\/06_instaOstwindaquarell-scaled.jpg 2560w, https:\/\/bureau-heuchel-klag.de\/kunsthaus\/wp-content\/uploads\/2022\/10\/06_instaOstwindaquarell-300x300.jpg 300w, https:\/\/bureau-heuchel-klag.de\/kunsthaus\/wp-content\/uploads\/2022\/10\/06_instaOstwindaquarell-1200x1200.jpg 1200w, https:\/\/bureau-heuchel-klag.de\/kunsthaus\/wp-content\/uploads\/2022\/10\/06_instaOstwindaquarell-150x150.jpg 150w, https:\/\/bureau-heuchel-klag.de\/kunsthaus\/wp-content\/uploads\/2022\/10\/06_instaOstwindaquarell-768x768.jpg 768w, https:\/\/bureau-heuchel-klag.de\/kunsthaus\/wp-content\/uploads\/2022\/10\/06_instaOstwindaquarell-1536x1536.jpg 1536w, https:\/\/bureau-heuchel-klag.de\/kunsthaus\/wp-content\/uploads\/2022\/10\/06_instaOstwindaquarell-2048x2048.jpg 2048w\" sizes=\"auto, (max-width: 2560px) 100vw, 2560px\" \/><\/a><\/figure>\n\n\n\n<figure class=\"wp-block-image size-large\"><a href=\"https:\/\/bureau-heuchel-klag.de\/kunsthaus\/wp-content\/uploads\/2022\/10\/05_instaOstwindaquarell-scaled.jpg\"><img loading=\"lazy\" decoding=\"async\" width=\"2560\" height=\"2560\" data-id=\"4860\" src=\"https:\/\/bureau-heuchel-klag.de\/kunsthaus\/wp-content\/uploads\/2022\/10\/05_instaOstwindaquarell-scaled.jpg\" alt=\"\" class=\"wp-image-4860\" srcset=\"https:\/\/bureau-heuchel-klag.de\/kunsthaus\/wp-content\/uploads\/2022\/10\/05_instaOstwindaquarell-scaled.jpg 2560w, https:\/\/bureau-heuchel-klag.de\/kunsthaus\/wp-content\/uploads\/2022\/10\/05_instaOstwindaquarell-300x300.jpg 300w, https:\/\/bureau-heuchel-klag.de\/kunsthaus\/wp-content\/uploads\/2022\/10\/05_instaOstwindaquarell-1200x1200.jpg 1200w, https:\/\/bureau-heuchel-klag.de\/kunsthaus\/wp-content\/uploads\/2022\/10\/05_instaOstwindaquarell-150x150.jpg 150w, https:\/\/bureau-heuchel-klag.de\/kunsthaus\/wp-content\/uploads\/2022\/10\/05_instaOstwindaquarell-768x768.jpg 768w, https:\/\/bureau-heuchel-klag.de\/kunsthaus\/wp-content\/uploads\/2022\/10\/05_instaOstwindaquarell-1536x1536.jpg 1536w, https:\/\/bureau-heuchel-klag.de\/kunsthaus\/wp-content\/uploads\/2022\/10\/05_instaOstwindaquarell-2048x2048.jpg 2048w\" sizes=\"auto, (max-width: 2560px) 100vw, 2560px\" \/><\/a><\/figure>\n\n\n\n<figure class=\"wp-block-image size-large\"><a href=\"https:\/\/bureau-heuchel-klag.de\/kunsthaus\/wp-content\/uploads\/2022\/10\/04_instaOstwindcollage-scaled.jpg\"><img loading=\"lazy\" decoding=\"async\" width=\"2560\" height=\"2560\" data-id=\"4859\" src=\"https:\/\/bureau-heuchel-klag.de\/kunsthaus\/wp-content\/uploads\/2022\/10\/04_instaOstwindcollage-scaled.jpg\" alt=\"\" class=\"wp-image-4859\" srcset=\"https:\/\/bureau-heuchel-klag.de\/kunsthaus\/wp-content\/uploads\/2022\/10\/04_instaOstwindcollage-scaled.jpg 2560w, https:\/\/bureau-heuchel-klag.de\/kunsthaus\/wp-content\/uploads\/2022\/10\/04_instaOstwindcollage-300x300.jpg 300w, https:\/\/bureau-heuchel-klag.de\/kunsthaus\/wp-content\/uploads\/2022\/10\/04_instaOstwindcollage-1200x1200.jpg 1200w, https:\/\/bureau-heuchel-klag.de\/kunsthaus\/wp-content\/uploads\/2022\/10\/04_instaOstwindcollage-150x150.jpg 150w, https:\/\/bureau-heuchel-klag.de\/kunsthaus\/wp-content\/uploads\/2022\/10\/04_instaOstwindcollage-768x768.jpg 768w, https:\/\/bureau-heuchel-klag.de\/kunsthaus\/wp-content\/uploads\/2022\/10\/04_instaOstwindcollage-1536x1536.jpg 1536w, https:\/\/bureau-heuchel-klag.de\/kunsthaus\/wp-content\/uploads\/2022\/10\/04_instaOstwindcollage-2048x2048.jpg 2048w\" sizes=\"auto, (max-width: 2560px) 100vw, 2560px\" \/><\/a><\/figure>\n\n\n\n<figure class=\"wp-block-image size-large\"><a href=\"https:\/\/bureau-heuchel-klag.de\/kunsthaus\/wp-content\/uploads\/2022\/10\/01_instaOstwindaquarell-scaled.jpg\"><img loading=\"lazy\" decoding=\"async\" width=\"2560\" height=\"2560\" data-id=\"4856\" src=\"https:\/\/bureau-heuchel-klag.de\/kunsthaus\/wp-content\/uploads\/2022\/10\/01_instaOstwindaquarell-scaled.jpg\" alt=\"\" class=\"wp-image-4856\" srcset=\"https:\/\/bureau-heuchel-klag.de\/kunsthaus\/wp-content\/uploads\/2022\/10\/01_instaOstwindaquarell-scaled.jpg 2560w, https:\/\/bureau-heuchel-klag.de\/kunsthaus\/wp-content\/uploads\/2022\/10\/01_instaOstwindaquarell-300x300.jpg 300w, https:\/\/bureau-heuchel-klag.de\/kunsthaus\/wp-content\/uploads\/2022\/10\/01_instaOstwindaquarell-1200x1200.jpg 1200w, https:\/\/bureau-heuchel-klag.de\/kunsthaus\/wp-content\/uploads\/2022\/10\/01_instaOstwindaquarell-150x150.jpg 150w, https:\/\/bureau-heuchel-klag.de\/kunsthaus\/wp-content\/uploads\/2022\/10\/01_instaOstwindaquarell-768x768.jpg 768w, https:\/\/bureau-heuchel-klag.de\/kunsthaus\/wp-content\/uploads\/2022\/10\/01_instaOstwindaquarell-1536x1536.jpg 1536w, https:\/\/bureau-heuchel-klag.de\/kunsthaus\/wp-content\/uploads\/2022\/10\/01_instaOstwindaquarell-2048x2048.jpg 2048w\" sizes=\"auto, (max-width: 2560px) 100vw, 2560px\" \/><\/a><\/figure>\n\n\n\n<figure class=\"wp-block-image size-large\"><a href=\"https:\/\/bureau-heuchel-klag.de\/kunsthaus\/wp-content\/uploads\/2022\/10\/02_instaOstwindaquarell-scaled.jpg\"><img loading=\"lazy\" decoding=\"async\" width=\"2560\" height=\"2560\" data-id=\"4857\" src=\"https:\/\/bureau-heuchel-klag.de\/kunsthaus\/wp-content\/uploads\/2022\/10\/02_instaOstwindaquarell-scaled.jpg\" alt=\"\" class=\"wp-image-4857\" srcset=\"https:\/\/bureau-heuchel-klag.de\/kunsthaus\/wp-content\/uploads\/2022\/10\/02_instaOstwindaquarell-scaled.jpg 2560w, https:\/\/bureau-heuchel-klag.de\/kunsthaus\/wp-content\/uploads\/2022\/10\/02_instaOstwindaquarell-300x300.jpg 300w, https:\/\/bureau-heuchel-klag.de\/kunsthaus\/wp-content\/uploads\/2022\/10\/02_instaOstwindaquarell-1200x1200.jpg 1200w, https:\/\/bureau-heuchel-klag.de\/kunsthaus\/wp-content\/uploads\/2022\/10\/02_instaOstwindaquarell-150x150.jpg 150w, https:\/\/bureau-heuchel-klag.de\/kunsthaus\/wp-content\/uploads\/2022\/10\/02_instaOstwindaquarell-768x768.jpg 768w, https:\/\/bureau-heuchel-klag.de\/kunsthaus\/wp-content\/uploads\/2022\/10\/02_instaOstwindaquarell-1536x1536.jpg 1536w, https:\/\/bureau-heuchel-klag.de\/kunsthaus\/wp-content\/uploads\/2022\/10\/02_instaOstwindaquarell-2048x2048.jpg 2048w\" sizes=\"auto, (max-width: 2560px) 100vw, 2560px\" \/><\/a><\/figure>\n<figcaption class=\"blocks-gallery-caption wp-element-caption\">Erste Aquarelle von Christian Heuchel in Vorbereitung zur n\u00e4chsten Ausstellung:<br>BILDER ZUM OSTWIND &#8211; Wer Wind s\u00e4t, wird Sturm ernten<br>(Aquarelle, je ohne Titel, diverse Ma\u00dfe ca. 15 x 21 cm, alle 2022)<\/figcaption><\/figure>\n<\/div>\n<\/div>\n<\/div><\/div>\n<!-- PHP 5.x -->","protected":false},"excerpt":{"rendered":"<p>bHK trifft Slevogt \u2013 Eine Reise in den pf\u00e4lzischen ImpressionismusAusstellung im Kunstverein Offenbach, Galerie im KOMM, Aliceplatz 1115.09.-05.10.2023 Pressetext des Kunstverein Offenbach:Die K\u00fcnstlergruppe bureau Heuchel Klagwurde durch die Zusammenarbeit von Gunter Klag und Prof. Christian Heuchel gegr\u00fcndet. Ihre unterschiedlichen k\u00fcnstle-rischen Ans\u00e4tze und Techniken erg\u00e4nzen sich auf faszinierende Weise und f\u00fchren zu innovativen Kunstwerken. Mit der [&hellip;]<\/p>\n","protected":false},"author":2,"featured_media":0,"comment_status":"closed","ping_status":"closed","sticky":false,"template":"","format":"standard","meta":{"footnotes":""},"categories":[1,20],"tags":[],"class_list":["post-4769","post","type-post","status-publish","format-standard","hentry","category-alle-beitraege","category-ausstellungen"],"_links":{"self":[{"href":"https:\/\/bureau-heuchel-klag.de\/kunsthaus\/index.php?rest_route=\/wp\/v2\/posts\/4769","targetHints":{"allow":["GET"]}}],"collection":[{"href":"https:\/\/bureau-heuchel-klag.de\/kunsthaus\/index.php?rest_route=\/wp\/v2\/posts"}],"about":[{"href":"https:\/\/bureau-heuchel-klag.de\/kunsthaus\/index.php?rest_route=\/wp\/v2\/types\/post"}],"author":[{"embeddable":true,"href":"https:\/\/bureau-heuchel-klag.de\/kunsthaus\/index.php?rest_route=\/wp\/v2\/users\/2"}],"replies":[{"embeddable":true,"href":"https:\/\/bureau-heuchel-klag.de\/kunsthaus\/index.php?rest_route=%2Fwp%2Fv2%2Fcomments&post=4769"}],"version-history":[{"count":40,"href":"https:\/\/bureau-heuchel-klag.de\/kunsthaus\/index.php?rest_route=\/wp\/v2\/posts\/4769\/revisions"}],"predecessor-version":[{"id":5024,"href":"https:\/\/bureau-heuchel-klag.de\/kunsthaus\/index.php?rest_route=\/wp\/v2\/posts\/4769\/revisions\/5024"}],"wp:attachment":[{"href":"https:\/\/bureau-heuchel-klag.de\/kunsthaus\/index.php?rest_route=%2Fwp%2Fv2%2Fmedia&parent=4769"}],"wp:term":[{"taxonomy":"category","embeddable":true,"href":"https:\/\/bureau-heuchel-klag.de\/kunsthaus\/index.php?rest_route=%2Fwp%2Fv2%2Fcategories&post=4769"},{"taxonomy":"post_tag","embeddable":true,"href":"https:\/\/bureau-heuchel-klag.de\/kunsthaus\/index.php?rest_route=%2Fwp%2Fv2%2Ftags&post=4769"}],"curies":[{"name":"wp","href":"https:\/\/api.w.org\/{rel}","templated":true}]}}