{"id":4554,"date":"2021-04-10T13:30:57","date_gmt":"2021-04-10T13:30:57","guid":{"rendered":"http:\/\/www.bureau-heuchel-klag.de\/kunsthaus\/?p=4554"},"modified":"2021-04-10T13:56:22","modified_gmt":"2021-04-10T13:56:22","slug":"ausstellung-zum-kultursommer-rheinland-pfalz-2021","status":"publish","type":"post","link":"https:\/\/bureau-heuchel-klag.de\/kunsthaus\/?p=4554","title":{"rendered":"Ausstellung zum Kultursommer Rheinland-Pfalz 2021"},"content":{"rendered":"<h5>Kultursommer Rheinland-Pfalz 2021 \u201eKompass Europa: Nordlichter\u201c<\/h5>\n<p><a href=\"https:\/\/bureau-heuchel-klag.de\/kunsthaus\/wp-content\/uploads\/2021\/04\/GoldenGlanz_web.jpg\"><img loading=\"lazy\" decoding=\"async\" class=\"alignleft wp-image-4555 size-medium\" src=\"https:\/\/bureau-heuchel-klag.de\/kunsthaus\/wp-content\/uploads\/2021\/04\/GoldenGlanz_web-300x200.jpg\" alt=\"\" width=\"300\" height=\"200\" srcset=\"https:\/\/bureau-heuchel-klag.de\/kunsthaus\/wp-content\/uploads\/2021\/04\/GoldenGlanz_web-300x200.jpg 300w, https:\/\/bureau-heuchel-klag.de\/kunsthaus\/wp-content\/uploads\/2021\/04\/GoldenGlanz_web-768x512.jpg 768w, https:\/\/bureau-heuchel-klag.de\/kunsthaus\/wp-content\/uploads\/2021\/04\/GoldenGlanz_web.jpg 1000w\" sizes=\"auto, (max-width: 300px) 100vw, 300px\" \/><\/a><\/p>\n<p><strong>BILDER ZUR SONNWENDE<\/strong><\/p>\n<p>Solstitium (lateinisch f\u00fcr \u201eSonnenstillstand\u201c)<br \/>\n<strong>Summary<\/strong><br \/>\nAusstellung \u201eBilder zur Sonnwende\u201c im Kunsthaus in Bellheim<br \/>\nInspiriert von dem Motto des Kultursommers in Rheinland-Pfalz &#8222;Kompass Europa: Nordlichter&#8220; l\u00e4dt die K\u00fcnstlergruppe bHK mit Christian Heuchel und Gunter Klag zu einer k\u00fcnstlerischen Forschungsreise ein. Dazu haben sie Ralph Musielski und Mike \u00dcberall eingeladen, um sich mit der nordeurop\u00e4ischen Kunst und Kultur, ihren Naturph\u00e4nomenen, sowie den nationalkulturellen Stereotypen k\u00fcnstlerisch auseinanderzusetzen. F\u00fcr die drei R\u00e4ume im Kunsthaus haben sie eine zusammenh\u00e4ngende Ausstellungssituation geschaffen, in der unter anderem Skizzen, Collagen, Materialinstallationen und ein Experimentalfilm gezeigt werden.<br \/>\nWiederkehrendes Thema ist die Auseinandersetzung mit Naturph\u00e4nomenen. Die Verehrung der Sonne und des wiederkehrenden Lichtes, die in alten Ritualen zur Sommersonnenwende das Geheimnis des ewigen Kreislaufs von Leben und Tod dargestellt haben. Auch die astronomischen Ph\u00e4nomene der Himmelsscheibe von Nebra findet eigene Interpretationen. Gerahmt wird die Ausstellung mit einer Klangperformance und einem K\u00fcnstlergespr\u00e4ch.<br \/>\nDie Auseinandersetzung der K\u00fcnstler mit der \u2019nordischen\u2019 Thematik ist frei und bisweilen mit Humor und Ironie versehen. Sie l\u00f6sen sich von einer politischen Propaganda und Vereinnahmung, die oft mit den \u201anordischen&#8216; Mythen, heidnischen Ritualen und Naturph\u00e4nomenen einhergeht, um eigene Bildwelten zu erzeugen. Sie befreien so von einer stereotypen Schematisierung, ohne ein neues und wertendes Bild zu liefern.<\/p>\n<h4>Ausstellungser\u00f6ffnung: Sonntag 20. Juni 2021 11.00 Uhr<\/h4>\n<p><strong>Laufzeit: Sonntag 04. Juli 2021<br \/>\n\u00d6ffnungszeiten: am Wochenende 14- 19.00 Uhr<\/strong><\/p>\n<p>Im Rahmenprogramm zur Ausstellung gibt es eine Klangperformance von Herbie Erb und Mike \u00dcberall, sowie ein K\u00fcnstlergespr\u00e4ch moderiert von Ralph Musielski mit den K\u00fcnstlern der Ausstellung am 20. Juni 2021.<\/p>\n<div id=\"attachment_4557\" style=\"width: 310px\" class=\"wp-caption alignleft\"><a href=\"https:\/\/bureau-heuchel-klag.de\/kunsthaus\/wp-content\/uploads\/2021\/04\/191012_bHK_1_900.jpg\"><img loading=\"lazy\" decoding=\"async\" aria-describedby=\"caption-attachment-4557\" class=\"wp-image-4557 size-medium\" src=\"https:\/\/bureau-heuchel-klag.de\/kunsthaus\/wp-content\/uploads\/2021\/04\/191012_bHK_1_900-300x297.jpg\" alt=\"\" width=\"300\" height=\"297\" srcset=\"https:\/\/bureau-heuchel-klag.de\/kunsthaus\/wp-content\/uploads\/2021\/04\/191012_bHK_1_900-300x297.jpg 300w, https:\/\/bureau-heuchel-klag.de\/kunsthaus\/wp-content\/uploads\/2021\/04\/191012_bHK_1_900-150x150.jpg 150w, https:\/\/bureau-heuchel-klag.de\/kunsthaus\/wp-content\/uploads\/2021\/04\/191012_bHK_1_900-768x760.jpg 768w, https:\/\/bureau-heuchel-klag.de\/kunsthaus\/wp-content\/uploads\/2021\/04\/191012_bHK_1_900.jpg 900w\" sizes=\"auto, (max-width: 300px) 100vw, 300px\" \/><\/a><p id=\"caption-attachment-4557\" class=\"wp-caption-text\">bureau Heuchel Klag mit Scheibe 2019 n. Chr.<\/p><\/div>\n<p><a href=\"https:\/\/bureau-heuchel-klag.de\/kunsthaus\/wp-content\/uploads\/2021\/04\/nordlicht_web.jpg\"><img loading=\"lazy\" decoding=\"async\" class=\"wp-image-4556 size-medium alignnone\" src=\"https:\/\/bureau-heuchel-klag.de\/kunsthaus\/wp-content\/uploads\/2021\/04\/nordlicht_web-200x300.jpg\" alt=\"\" width=\"200\" height=\"300\" srcset=\"https:\/\/bureau-heuchel-klag.de\/kunsthaus\/wp-content\/uploads\/2021\/04\/nordlicht_web-200x300.jpg 200w, https:\/\/bureau-heuchel-klag.de\/kunsthaus\/wp-content\/uploads\/2021\/04\/nordlicht_web.jpg 700w\" sizes=\"auto, (max-width: 200px) 100vw, 200px\" \/><\/a><\/p>\n<p><iframe style=\"margin: 0px; padding: 0px; border: 0px; width: 854px; height: 480px;\" src=\"https:\/\/filmarchivar.prossl.de\/video.php?video=2983098249&amp;user=2425006813&amp;html5=1&amp;template=6&amp;blank_page=true&amp;width=854&amp;backcolor=505050&amp;frontcolor=FFFFFF&amp;lightcolor=FFD800&amp;autostart=false&amp;repeat=false\" frameborder=\"0\" scrolling=\"no\" allowfullscreen=\"allowfullscreen\"><span style=\"display: inline-block; width: 0px; overflow: hidden; line-height: 0;\" data-mce-type=\"bookmark\" class=\"mce_SELRES_start\">\ufeff<\/span><\/iframe><\/p>\n<p>Video Dokumentation &#8222;Nordlicht &#8211; mit Laura Weimer&#8220;<\/p>\n<p><a href=\"https:\/\/kultursommer.de\/\" target=\"_blank\" rel=\"noopener noreferrer\"><img loading=\"lazy\" decoding=\"async\" class=\"alignnone wp-image-4573 size-full\" src=\"https:\/\/bureau-heuchel-klag.de\/kunsthaus\/wp-content\/uploads\/2021\/04\/Logo_KuSo_schwarze_Wortmarke-WEB.png\" alt=\"\" width=\"236\" height=\"126\" \/><\/a><\/p>\n<!-- PHP 5.x -->","protected":false},"excerpt":{"rendered":"<p>Kultursommer Rheinland-Pfalz 2021 \u201eKompass Europa: Nordlichter\u201c BILDER ZUR SONNWENDE Solstitium (lateinisch f\u00fcr \u201eSonnenstillstand\u201c) Summary Ausstellung \u201eBilder zur Sonnwende\u201c im Kunsthaus in Bellheim Inspiriert von dem Motto des Kultursommers in Rheinland-Pfalz &#8222;Kompass Europa: Nordlichter&#8220; l\u00e4dt die K\u00fcnstlergruppe bHK mit Christian Heuchel und Gunter Klag zu einer k\u00fcnstlerischen Forschungsreise ein. Dazu haben sie Ralph Musielski und Mike [&hellip;]<\/p>\n","protected":false},"author":1,"featured_media":0,"comment_status":"closed","ping_status":"closed","sticky":false,"template":"","format":"standard","meta":{"footnotes":""},"categories":[1,20,32],"tags":[],"class_list":["post-4554","post","type-post","status-publish","format-standard","hentry","category-alle-beitraege","category-ausstellungen","category-videos"],"_links":{"self":[{"href":"https:\/\/bureau-heuchel-klag.de\/kunsthaus\/index.php?rest_route=\/wp\/v2\/posts\/4554","targetHints":{"allow":["GET"]}}],"collection":[{"href":"https:\/\/bureau-heuchel-klag.de\/kunsthaus\/index.php?rest_route=\/wp\/v2\/posts"}],"about":[{"href":"https:\/\/bureau-heuchel-klag.de\/kunsthaus\/index.php?rest_route=\/wp\/v2\/types\/post"}],"author":[{"embeddable":true,"href":"https:\/\/bureau-heuchel-klag.de\/kunsthaus\/index.php?rest_route=\/wp\/v2\/users\/1"}],"replies":[{"embeddable":true,"href":"https:\/\/bureau-heuchel-klag.de\/kunsthaus\/index.php?rest_route=%2Fwp%2Fv2%2Fcomments&post=4554"}],"version-history":[{"count":18,"href":"https:\/\/bureau-heuchel-klag.de\/kunsthaus\/index.php?rest_route=\/wp\/v2\/posts\/4554\/revisions"}],"predecessor-version":[{"id":4577,"href":"https:\/\/bureau-heuchel-klag.de\/kunsthaus\/index.php?rest_route=\/wp\/v2\/posts\/4554\/revisions\/4577"}],"wp:attachment":[{"href":"https:\/\/bureau-heuchel-klag.de\/kunsthaus\/index.php?rest_route=%2Fwp%2Fv2%2Fmedia&parent=4554"}],"wp:term":[{"taxonomy":"category","embeddable":true,"href":"https:\/\/bureau-heuchel-klag.de\/kunsthaus\/index.php?rest_route=%2Fwp%2Fv2%2Fcategories&post=4554"},{"taxonomy":"post_tag","embeddable":true,"href":"https:\/\/bureau-heuchel-klag.de\/kunsthaus\/index.php?rest_route=%2Fwp%2Fv2%2Ftags&post=4554"}],"curies":[{"name":"wp","href":"https:\/\/api.w.org\/{rel}","templated":true}]}}