{"id":4428,"date":"2020-08-18T09:22:06","date_gmt":"2020-08-18T09:22:06","guid":{"rendered":"http:\/\/www.bureau-heuchel-klag.de\/kunsthaus\/?p=4428"},"modified":"2020-09-06T19:01:30","modified_gmt":"2020-09-06T19:01:30","slug":"offene-ateliers-2020","status":"publish","type":"post","link":"https:\/\/bureau-heuchel-klag.de\/kunsthaus\/?p=4428","title":{"rendered":"Offene Ateliers 2020"},"content":{"rendered":"\n<p>bHK Bellheim: <strong>Samstag 19. und Sonntag 20. September 2020 jeweils14:00 \u201319:00 h <\/strong><\/p>\n\n\n<p><img loading=\"lazy\" decoding=\"async\" class=\"wp-image-4429 alignleft\" src=\"https:\/\/bureau-heuchel-klag.de\/kunsthaus\/wp-content\/uploads\/2020\/08\/Homepage_OA_Heft_2020_web_Seite_01_web.jpg\" alt=\"\" width=\"212\" height=\"425\" srcset=\"https:\/\/bureau-heuchel-klag.de\/kunsthaus\/wp-content\/uploads\/2020\/08\/Homepage_OA_Heft_2020_web_Seite_01_web.jpg 424w, https:\/\/bureau-heuchel-klag.de\/kunsthaus\/wp-content\/uploads\/2020\/08\/Homepage_OA_Heft_2020_web_Seite_01_web-150x300.jpg 150w\" sizes=\"auto, (max-width: 212px) 100vw, 212px\" \/><\/p>\n<p><img loading=\"lazy\" decoding=\"async\" class=\"wp-image-4430\" src=\"https:\/\/bureau-heuchel-klag.de\/kunsthaus\/wp-content\/uploads\/2020\/08\/Homepage_OA_Heft_2020_web_Seite_03_web.jpg\" alt=\"\" width=\"213\" height=\"425\" srcset=\"https:\/\/bureau-heuchel-klag.de\/kunsthaus\/wp-content\/uploads\/2020\/08\/Homepage_OA_Heft_2020_web_Seite_03_web.jpg 425w, https:\/\/bureau-heuchel-klag.de\/kunsthaus\/wp-content\/uploads\/2020\/08\/Homepage_OA_Heft_2020_web_Seite_03_web-150x300.jpg 150w\" sizes=\"auto, (max-width: 213px) 100vw, 213px\" \/><\/p>\n<ul>\n<li>Offene Ateliers Brosch\u00fcre als PDF: <a href=\"https:\/\/bureau-heuchel-klag.de\/kunsthaus\/wp-content\/uploads\/2020\/08\/Homepage_OA_Heft_2020_web.pdf\" target=\"_blank\" rel=\"noopener noreferrer\">Homepage_OA_Heft_2020_web<\/a><\/li>\n<\/ul>\n<p>Gru\u00dfwort \u00bbOffene Ateliers 2020\u00ab<\/p>\n<p>Sehr geehrte Freundinnen und Freunde der bildenden Kunst,<\/p>\n<p>\u201eDer Mensch lebt nicht vom Brot allein\u201c, dieses urspr\u00fcnglich aus der Bibel stammende Sprichwort hat in all der Zeit nichts von seiner Bedeutung verloren. Neben den materiellen Erfordernissen gibt es auch in unserer heutigen Gesellschaft \u00e4sthetische Bed\u00fcrfnisse und Werte, die gestillt und gelebt werden. Umgekehrt ist auch festzustellen, von ihrer Kunst allein k\u00f6nnen die wenigsten der professionellen bildenden K\u00fcnstlerinnen und K\u00fcnstler in Rheinland-Pfalz leben. Zentrales Thema f\u00fcr K\u00fcnstlerinnen und K\u00fcnstler ist und bleibt daher ihre Einkommenssituation. In der Folge von Corona sind auch K\u00fcnstlerinnen und K\u00fcnstler, deren pl\u00f6tzliche Einnahmeausf\u00e4lle sich nicht so einfach und schnell von den Akteuren vor Ort kompensieren lassen, von finanziellen Einbr\u00fcchen mitunter besonders hart getroffen. Mit dem Ma\u00dfnahmenpaket \u201eIM FOKUS \u2013 6 PUNKTE F\u00dcR DIE KULTUR\u201c st\u00e4rkt das Land auch die Bildende Kunst und die Kunstschaffenden in dieser Krisenzeit nachhaltig. G\u00e4be es die \u201eOffenen Ateliers\u201c nicht, die der Berufsverband Bildender K\u00fcnstlerinnen und K\u00fcnstler (BBK) Rheinland-Pfalz schon seit 1993 j\u00e4hrlich organisiert, m\u00fcsste man sie jetzt erfinden. Denn dieses Format ist nach wie vor ein wichtiger Baustein zur Einkommenserwirtschaftung von professionellen K\u00fcnstlerinnen und K\u00fcnstler \u2013 auch in Zeiten von Corona. Neben den St\u00e4dten und Gemeinden partizipieren auch die l\u00e4ndlichen Regionen von dieser Form des Kunstangebots. Die \u201eOffenen Ateliers\u201c sind hervorragend in die Kulturlandschaft integriert und erfreuen sich nach wie vor gro\u00dfer<br>\nBeliebtheit. Das Land Rheinland-Pfalz unterst\u00fctzt die \u201eOffenen Ateliers\u201c im September mit ihrem vielf\u00e4ltigen Angebot f\u00fcr alle, die authentische Erlebnisse im pers\u00f6nlichen Kontakt mit bildenden K\u00fcnstlerinnen und K\u00fcnstlern suchen, die sich f\u00fcr k\u00fcnstlerische Produktionen interessieren und die Kunst erwerben m\u00f6chten und damit sinnlichen Mehrwert in ihr Leben lassen. Dem BBK Rheinland-Pfalz danke ich f\u00fcr die Organisation der 28. \u201eOffenen Ateliers\u201c ebenso wie den K\u00fcnstlerinnen und K\u00fcnstlern f\u00fcr ihre Bereitschaft, ihre T\u00fcren zu \u00f6ffnen und ihre Arbeiten in Ateliers, Werkst\u00e4tten, H\u00f6fen oder G\u00e4rten einem breiten Publikum zug\u00e4nglich zu machen. Ich freue mich auf zwei besondere Septemberwochenenden in Rheinland-Pfalz und Sie sind herzlich eingeladen, von den \u201eOffenen Ateliers\u201c regen Gebrauch zu machen.<\/p>\n<p>Prof. Dr. Konrad Wolf<br>\nMinister f\u00fcr Wissenschaft, Weiterbildung und Kultur<\/p><!-- PHP 5.x -->","protected":false},"excerpt":{"rendered":"<p>bHK Bellheim: Samstag 19. und Sonntag 20. September 2020 jeweils14:00 \u201319:00 h Offene Ateliers Brosch\u00fcre als PDF: Homepage_OA_Heft_2020_web Gru\u00dfwort \u00bbOffene Ateliers 2020\u00ab Sehr geehrte Freundinnen und Freunde der bildenden Kunst, \u201eDer Mensch lebt nicht vom Brot allein\u201c, dieses urspr\u00fcnglich aus der Bibel stammende Sprichwort hat in all der Zeit nichts von seiner Bedeutung verloren. Neben [&hellip;]<\/p>\n","protected":false},"author":1,"featured_media":0,"comment_status":"closed","ping_status":"closed","sticky":false,"template":"","format":"standard","meta":{"footnotes":""},"categories":[1],"tags":[],"class_list":["post-4428","post","type-post","status-publish","format-standard","hentry","category-alle-beitraege"],"_links":{"self":[{"href":"https:\/\/bureau-heuchel-klag.de\/kunsthaus\/index.php?rest_route=\/wp\/v2\/posts\/4428","targetHints":{"allow":["GET"]}}],"collection":[{"href":"https:\/\/bureau-heuchel-klag.de\/kunsthaus\/index.php?rest_route=\/wp\/v2\/posts"}],"about":[{"href":"https:\/\/bureau-heuchel-klag.de\/kunsthaus\/index.php?rest_route=\/wp\/v2\/types\/post"}],"author":[{"embeddable":true,"href":"https:\/\/bureau-heuchel-klag.de\/kunsthaus\/index.php?rest_route=\/wp\/v2\/users\/1"}],"replies":[{"embeddable":true,"href":"https:\/\/bureau-heuchel-klag.de\/kunsthaus\/index.php?rest_route=%2Fwp%2Fv2%2Fcomments&post=4428"}],"version-history":[{"count":13,"href":"https:\/\/bureau-heuchel-klag.de\/kunsthaus\/index.php?rest_route=\/wp\/v2\/posts\/4428\/revisions"}],"predecessor-version":[{"id":4464,"href":"https:\/\/bureau-heuchel-klag.de\/kunsthaus\/index.php?rest_route=\/wp\/v2\/posts\/4428\/revisions\/4464"}],"wp:attachment":[{"href":"https:\/\/bureau-heuchel-klag.de\/kunsthaus\/index.php?rest_route=%2Fwp%2Fv2%2Fmedia&parent=4428"}],"wp:term":[{"taxonomy":"category","embeddable":true,"href":"https:\/\/bureau-heuchel-klag.de\/kunsthaus\/index.php?rest_route=%2Fwp%2Fv2%2Fcategories&post=4428"},{"taxonomy":"post_tag","embeddable":true,"href":"https:\/\/bureau-heuchel-klag.de\/kunsthaus\/index.php?rest_route=%2Fwp%2Fv2%2Ftags&post=4428"}],"curies":[{"name":"wp","href":"https:\/\/api.w.org\/{rel}","templated":true}]}}