{"id":4387,"date":"2019-08-25T23:47:21","date_gmt":"2019-08-25T23:47:21","guid":{"rendered":"http:\/\/www.bureau-heuchel-klag.de\/kunsthaus\/?p=4387"},"modified":"2019-11-25T00:16:09","modified_gmt":"2019-11-25T00:16:09","slug":"offene-ateliers-in-der-pfalz","status":"publish","type":"post","link":"https:\/\/bureau-heuchel-klag.de\/kunsthaus\/?p=4387","title":{"rendered":"\u201eOffene Ateliers\u201c in der Pfalz"},"content":{"rendered":"\n<p>Das bureau Heuchel Klag nimmt auch 2019 an der Veranstaltung &#8222;Offene Ateliers&#8220; teil und erm\u00f6glicht Einblicke in die Arbeit der K\u00fcnstlergemeinschaft im Kunsthaus des bHK in Bellheim.<\/p>\n\n\n\n<div class=\"wp-block-image\"><figure class=\"alignleft is-resized\"><a href=\"https:\/\/www.bureau-heuchel-klag.de\/kunsthaus\/wp-content\/uploads\/2019\/11\/endversion_ozeane_ueberall_2019_web.jpg\"><img loading=\"lazy\" decoding=\"async\" src=\"https:\/\/bureau-heuchel-klag.de\/kunsthaus\/wp-content\/uploads\/2019\/11\/endversion_ozeane_ueberall_2019_web.jpg\" alt=\"\" class=\"wp-image-4389\" width=\"175\" height=\"211\" srcset=\"https:\/\/bureau-heuchel-klag.de\/kunsthaus\/wp-content\/uploads\/2019\/11\/endversion_ozeane_ueberall_2019_web.jpg 700w, https:\/\/bureau-heuchel-klag.de\/kunsthaus\/wp-content\/uploads\/2019\/11\/endversion_ozeane_ueberall_2019_web-249x300.jpg 249w\" sizes=\"auto, (max-width: 175px) 100vw, 175px\" \/><\/a><\/figure><\/div>\n\n\n\n<div class=\"wp-block-image\"><figure class=\"alignleft is-resized\"><a href=\"https:\/\/www.bureau-heuchel-klag.de\/kunsthaus\/wp-content\/uploads\/2019\/11\/endversion_ozeane_klag_2019_web.jpg\"><img loading=\"lazy\" decoding=\"async\" src=\"https:\/\/bureau-heuchel-klag.de\/kunsthaus\/wp-content\/uploads\/2019\/11\/endversion_ozeane_klag_2019_web.jpg\" alt=\"\" class=\"wp-image-4390\" width=\"175\" height=\"220\" srcset=\"https:\/\/bureau-heuchel-klag.de\/kunsthaus\/wp-content\/uploads\/2019\/11\/endversion_ozeane_klag_2019_web.jpg 700w, https:\/\/bureau-heuchel-klag.de\/kunsthaus\/wp-content\/uploads\/2019\/11\/endversion_ozeane_klag_2019_web-238x300.jpg 238w\" sizes=\"auto, (max-width: 175px) 100vw, 175px\" \/><\/a><\/figure><\/div>\n\n\n\n<div class=\"wp-block-image\"><figure class=\"alignleft is-resized\"><a href=\"https:\/\/www.bureau-heuchel-klag.de\/kunsthaus\/wp-content\/uploads\/2019\/11\/endversion_ozeane_heuchel_2019_web.jpg\"><img loading=\"lazy\" decoding=\"async\" src=\"https:\/\/bureau-heuchel-klag.de\/kunsthaus\/wp-content\/uploads\/2019\/11\/endversion_ozeane_heuchel_2019_web.jpg\" alt=\"\" class=\"wp-image-4388\" width=\"175\" height=\"213\" srcset=\"https:\/\/bureau-heuchel-klag.de\/kunsthaus\/wp-content\/uploads\/2019\/11\/endversion_ozeane_heuchel_2019_web.jpg 700w, https:\/\/bureau-heuchel-klag.de\/kunsthaus\/wp-content\/uploads\/2019\/11\/endversion_ozeane_heuchel_2019_web-247x300.jpg 247w\" sizes=\"auto, (max-width: 175px) 100vw, 175px\" \/><\/a><\/figure><\/div>\n\n\n\n<div class=\"wp-block-image\"><figure class=\"alignleft is-resized\"><a href=\"https:\/\/bureau-heuchel-klag.de\/kunsthaus\/wp-content\/uploads\/2019\/11\/endversion_ozeane_titel_text_2019_web.jpg\"><img loading=\"lazy\" decoding=\"async\" src=\"https:\/\/bureau-heuchel-klag.de\/kunsthaus\/wp-content\/uploads\/2019\/11\/endversion_ozeane_titel_text_2019_web.jpg\" alt=\"\" width=\"225\" height=\"135\"\/><\/a><\/figure><\/div>\n\n\n\n<p class=\"has-text-color has-cyan-bluish-gray-color\">Ozeane &#8211; Heuchel, Klag, \u00dcberall 2019<\/p>\n<!-- PHP 5.x -->","protected":false},"excerpt":{"rendered":"<p>Das bureau Heuchel Klag nimmt auch 2019 an der Veranstaltung &#8222;Offene Ateliers&#8220; teil und erm\u00f6glicht Einblicke in die Arbeit der K\u00fcnstlergemeinschaft im Kunsthaus des bHK in Bellheim. Ozeane &#8211; Heuchel, Klag, \u00dcberall 2019<\/p>\n","protected":false},"author":1,"featured_media":0,"comment_status":"closed","ping_status":"closed","sticky":false,"template":"","format":"standard","meta":{"footnotes":""},"categories":[1,20],"tags":[],"class_list":["post-4387","post","type-post","status-publish","format-standard","hentry","category-alle-beitraege","category-ausstellungen"],"_links":{"self":[{"href":"https:\/\/bureau-heuchel-klag.de\/kunsthaus\/index.php?rest_route=\/wp\/v2\/posts\/4387","targetHints":{"allow":["GET"]}}],"collection":[{"href":"https:\/\/bureau-heuchel-klag.de\/kunsthaus\/index.php?rest_route=\/wp\/v2\/posts"}],"about":[{"href":"https:\/\/bureau-heuchel-klag.de\/kunsthaus\/index.php?rest_route=\/wp\/v2\/types\/post"}],"author":[{"embeddable":true,"href":"https:\/\/bureau-heuchel-klag.de\/kunsthaus\/index.php?rest_route=\/wp\/v2\/users\/1"}],"replies":[{"embeddable":true,"href":"https:\/\/bureau-heuchel-klag.de\/kunsthaus\/index.php?rest_route=%2Fwp%2Fv2%2Fcomments&post=4387"}],"version-history":[{"count":9,"href":"https:\/\/bureau-heuchel-klag.de\/kunsthaus\/index.php?rest_route=\/wp\/v2\/posts\/4387\/revisions"}],"predecessor-version":[{"id":4402,"href":"https:\/\/bureau-heuchel-klag.de\/kunsthaus\/index.php?rest_route=\/wp\/v2\/posts\/4387\/revisions\/4402"}],"wp:attachment":[{"href":"https:\/\/bureau-heuchel-klag.de\/kunsthaus\/index.php?rest_route=%2Fwp%2Fv2%2Fmedia&parent=4387"}],"wp:term":[{"taxonomy":"category","embeddable":true,"href":"https:\/\/bureau-heuchel-klag.de\/kunsthaus\/index.php?rest_route=%2Fwp%2Fv2%2Fcategories&post=4387"},{"taxonomy":"post_tag","embeddable":true,"href":"https:\/\/bureau-heuchel-klag.de\/kunsthaus\/index.php?rest_route=%2Fwp%2Fv2%2Ftags&post=4387"}],"curies":[{"name":"wp","href":"https:\/\/api.w.org\/{rel}","templated":true}]}}