{"id":4329,"date":"2018-09-25T17:33:06","date_gmt":"2018-09-25T17:33:06","guid":{"rendered":"http:\/\/www.bureau-heuchel-klag.de\/kunsthaus\/?p=4329"},"modified":"2018-11-11T17:44:46","modified_gmt":"2018-11-11T17:44:46","slug":"offene-ateliers-2018","status":"publish","type":"post","link":"https:\/\/bureau-heuchel-klag.de\/kunsthaus\/?p=4329","title":{"rendered":"Offene Ateliers 2018"},"content":{"rendered":"<p><b>Das Kunsthaus des bHK war wieder dabei. <\/b><\/p>\n<p>Auch in diesem Jahr \u00f6ffnen K\u00fcnstler ihre T\u00fcren f\u00fcr Besucher und beteiligen sich an der Aktion Offene Ateliers des Berufsverbands Bildender K\u00fcnstler Rheinland Pfalz (BKK). Die Aktion findet am 22. und 23. September 2018 von 14 bis 19 Uhr statt.<\/p>\n<h2>Wir zeigen neue Arbeiten: <strong>bHK meets Slevogt<\/strong><\/h2>\n<p><a href=\"https:\/\/bureau-heuchel-klag.de\/kunsthaus\/wp-content\/uploads\/2018\/11\/IMG_E4257_web.jpg\"><img loading=\"lazy\" decoding=\"async\" class=\"size-medium wp-image-4336 alignleft\" alt=\"IMG_E4257_web\" src=\"https:\/\/bureau-heuchel-klag.de\/kunsthaus\/wp-content\/uploads\/2018\/11\/IMG_E4257_web-225x300.jpg\" width=\"225\" height=\"300\" srcset=\"https:\/\/bureau-heuchel-klag.de\/kunsthaus\/wp-content\/uploads\/2018\/11\/IMG_E4257_web-225x300.jpg 225w, https:\/\/bureau-heuchel-klag.de\/kunsthaus\/wp-content\/uploads\/2018\/11\/IMG_E4257_web.jpg 638w\" sizes=\"auto, (max-width: 225px) 100vw, 225px\" \/><\/a><\/p>\n<p>&nbsp;<\/p>\n<p>&nbsp;<\/p>\n<p style=\"padding-left: 30px;\">Max Slevogt (1868\u20131932) z\u00e4hlt zu den wichtigsten K\u00fcnstlern der S\u00fcdpfalz. In seiner Malerei hat er die Natur der Pfalz zu einem internationalen Kulturgut erkl\u00e4rt. Die \u00d6lbilder die \u201eKleine Weinernte\u201c (1913), eine \u201eWinterlandschaft\u201c (1917) und der \u201eBlick auf Klingenm\u00fcnster im Sp\u00e4therbst mit Schnee\u201c (1923) zeigen die pf\u00e4lzische Landschaft des fr\u00fchen 20. Jahrhunderts. Slevogt ist fasziniert von den Farben, dem goldenen Licht und der b\u00e4uerlichen Einfachheit des Sujets. Deutlich sind Spuren landwirtschaftlicher Nutzung zu sehen. Der Schnee legt sich \u00fcber die K\u00e4mme der Rebst\u00f6cke und zeichnet ihre Form gro\u00dfz\u00fcgig nach. Das idyllische Landschaftsbild zeigt die Umgebung aus der impressionistischen Sicht. Im gleichen Jahrzehnt (1930) wird in Texas die Landschaft durch \u00d6lf\u00f6rderung verw\u00fcstet.<\/p>\n<p>&nbsp;<\/p>\n<p>&nbsp;<\/p>\n<p><a href=\"https:\/\/bureau-heuchel-klag.de\/kunsthaus\/wp-content\/uploads\/2018\/11\/20180923_140258_web.jpg\"><img loading=\"lazy\" decoding=\"async\" class=\"wp-image-4330 alignleft\" alt=\"20180923_140258_web\" src=\"https:\/\/bureau-heuchel-klag.de\/kunsthaus\/wp-content\/uploads\/2018\/11\/20180923_140258_web-300x225.jpg\" width=\"252\" height=\"188\" srcset=\"https:\/\/bureau-heuchel-klag.de\/kunsthaus\/wp-content\/uploads\/2018\/11\/20180923_140258_web-300x225.jpg 300w, https:\/\/bureau-heuchel-klag.de\/kunsthaus\/wp-content\/uploads\/2018\/11\/20180923_140258_web.jpg 1133w\" sizes=\"auto, (max-width: 252px) 100vw, 252px\" \/> <\/a><a href=\"https:\/\/bureau-heuchel-klag.de\/kunsthaus\/wp-content\/uploads\/2018\/11\/20180923_140334_web.jpg\"><img loading=\"lazy\" decoding=\"async\" class=\"alignnone  wp-image-4331\" alt=\"20180923_140334_web\" src=\"https:\/\/bureau-heuchel-klag.de\/kunsthaus\/wp-content\/uploads\/2018\/11\/20180923_140334_web-300x225.jpg\" width=\"252\" height=\"188\" srcset=\"https:\/\/bureau-heuchel-klag.de\/kunsthaus\/wp-content\/uploads\/2018\/11\/20180923_140334_web-300x225.jpg 300w, https:\/\/bureau-heuchel-klag.de\/kunsthaus\/wp-content\/uploads\/2018\/11\/20180923_140334_web.jpg 1133w\" sizes=\"auto, (max-width: 252px) 100vw, 252px\" \/><\/a><\/p>\n<p><a href=\"https:\/\/bureau-heuchel-klag.de\/kunsthaus\/wp-content\/uploads\/2018\/11\/20180923_140347_web.jpg\"><img loading=\"lazy\" decoding=\"async\" class=\"alignnone  wp-image-4332\" alt=\"20180923_140347_web\" src=\"https:\/\/bureau-heuchel-klag.de\/kunsthaus\/wp-content\/uploads\/2018\/11\/20180923_140347_web-300x225.jpg\" width=\"252\" height=\"188\" srcset=\"https:\/\/bureau-heuchel-klag.de\/kunsthaus\/wp-content\/uploads\/2018\/11\/20180923_140347_web-300x225.jpg 300w, https:\/\/bureau-heuchel-klag.de\/kunsthaus\/wp-content\/uploads\/2018\/11\/20180923_140347_web.jpg 1133w\" sizes=\"auto, (max-width: 252px) 100vw, 252px\" \/><\/a> <a href=\"https:\/\/bureau-heuchel-klag.de\/kunsthaus\/wp-content\/uploads\/2018\/11\/20180923_140350_web.jpg\"><img loading=\"lazy\" decoding=\"async\" class=\"alignnone  wp-image-4333\" alt=\"20180923_140350_web\" src=\"https:\/\/bureau-heuchel-klag.de\/kunsthaus\/wp-content\/uploads\/2018\/11\/20180923_140350_web-300x225.jpg\" width=\"252\" height=\"188\" srcset=\"https:\/\/bureau-heuchel-klag.de\/kunsthaus\/wp-content\/uploads\/2018\/11\/20180923_140350_web-300x225.jpg 300w, https:\/\/bureau-heuchel-klag.de\/kunsthaus\/wp-content\/uploads\/2018\/11\/20180923_140350_web.jpg 1133w\" sizes=\"auto, (max-width: 252px) 100vw, 252px\" \/><\/a><\/p>\n<p><a href=\"https:\/\/bureau-heuchel-klag.de\/kunsthaus\/wp-content\/uploads\/2018\/11\/20180923_140415_web.jpg\"><img loading=\"lazy\" decoding=\"async\" class=\"alignnone  wp-image-4334\" alt=\"20180923_140415_web\" src=\"https:\/\/bureau-heuchel-klag.de\/kunsthaus\/wp-content\/uploads\/2018\/11\/20180923_140415_web-300x225.jpg\" width=\"252\" height=\"188\" srcset=\"https:\/\/bureau-heuchel-klag.de\/kunsthaus\/wp-content\/uploads\/2018\/11\/20180923_140415_web-300x225.jpg 300w, https:\/\/bureau-heuchel-klag.de\/kunsthaus\/wp-content\/uploads\/2018\/11\/20180923_140415_web.jpg 1133w\" sizes=\"auto, (max-width: 252px) 100vw, 252px\" \/><\/a> <a href=\"https:\/\/bureau-heuchel-klag.de\/kunsthaus\/wp-content\/uploads\/2018\/11\/Heimaten_web.jpg\"><img loading=\"lazy\" decoding=\"async\" class=\"alignnone  wp-image-4335\" alt=\"Heimaten_web\" src=\"https:\/\/bureau-heuchel-klag.de\/kunsthaus\/wp-content\/uploads\/2018\/11\/Heimaten_web-300x225.jpg\" width=\"252\" height=\"188\" srcset=\"https:\/\/bureau-heuchel-klag.de\/kunsthaus\/wp-content\/uploads\/2018\/11\/Heimaten_web-300x225.jpg 300w, https:\/\/bureau-heuchel-klag.de\/kunsthaus\/wp-content\/uploads\/2018\/11\/Heimaten_web.jpg 1024w\" sizes=\"auto, (max-width: 252px) 100vw, 252px\" \/><\/a><\/p>\n<!-- PHP 5.x -->","protected":false},"excerpt":{"rendered":"<p>Das Kunsthaus des bHK war wieder dabei. Auch in diesem Jahr \u00f6ffnen K\u00fcnstler ihre T\u00fcren f\u00fcr Besucher und beteiligen sich an der Aktion Offene Ateliers des Berufsverbands Bildender K\u00fcnstler Rheinland Pfalz (BKK). Die Aktion findet am 22. und 23. September 2018 von 14 bis 19 Uhr statt. Wir zeigen neue Arbeiten: bHK meets Slevogt &nbsp; [&hellip;]<\/p>\n","protected":false},"author":1,"featured_media":0,"comment_status":"closed","ping_status":"closed","sticky":false,"template":"","format":"standard","meta":{"footnotes":""},"categories":[1,20],"tags":[],"class_list":["post-4329","post","type-post","status-publish","format-standard","hentry","category-alle-beitraege","category-ausstellungen"],"_links":{"self":[{"href":"https:\/\/bureau-heuchel-klag.de\/kunsthaus\/index.php?rest_route=\/wp\/v2\/posts\/4329","targetHints":{"allow":["GET"]}}],"collection":[{"href":"https:\/\/bureau-heuchel-klag.de\/kunsthaus\/index.php?rest_route=\/wp\/v2\/posts"}],"about":[{"href":"https:\/\/bureau-heuchel-klag.de\/kunsthaus\/index.php?rest_route=\/wp\/v2\/types\/post"}],"author":[{"embeddable":true,"href":"https:\/\/bureau-heuchel-klag.de\/kunsthaus\/index.php?rest_route=\/wp\/v2\/users\/1"}],"replies":[{"embeddable":true,"href":"https:\/\/bureau-heuchel-klag.de\/kunsthaus\/index.php?rest_route=%2Fwp%2Fv2%2Fcomments&post=4329"}],"version-history":[{"count":10,"href":"https:\/\/bureau-heuchel-klag.de\/kunsthaus\/index.php?rest_route=\/wp\/v2\/posts\/4329\/revisions"}],"predecessor-version":[{"id":4346,"href":"https:\/\/bureau-heuchel-klag.de\/kunsthaus\/index.php?rest_route=\/wp\/v2\/posts\/4329\/revisions\/4346"}],"wp:attachment":[{"href":"https:\/\/bureau-heuchel-klag.de\/kunsthaus\/index.php?rest_route=%2Fwp%2Fv2%2Fmedia&parent=4329"}],"wp:term":[{"taxonomy":"category","embeddable":true,"href":"https:\/\/bureau-heuchel-klag.de\/kunsthaus\/index.php?rest_route=%2Fwp%2Fv2%2Fcategories&post=4329"},{"taxonomy":"post_tag","embeddable":true,"href":"https:\/\/bureau-heuchel-klag.de\/kunsthaus\/index.php?rest_route=%2Fwp%2Fv2%2Ftags&post=4329"}],"curies":[{"name":"wp","href":"https:\/\/api.w.org\/{rel}","templated":true}]}}