{"id":4161,"date":"2017-08-12T11:11:54","date_gmt":"2017-08-12T11:11:54","guid":{"rendered":"http:\/\/www.bureau-heuchel-klag.de\/kunsthaus\/?p=4161"},"modified":"2017-08-12T11:30:55","modified_gmt":"2017-08-12T11:30:55","slug":"the-cologne-art-book-fair-2017","status":"publish","type":"post","link":"https:\/\/bureau-heuchel-klag.de\/kunsthaus\/?p=4161","title":{"rendered":"The Cologne Art Book Fair 2017"},"content":{"rendered":"<p><a href=\"https:\/\/bureau-heuchel-klag.de\/kunsthaus\/wp-content\/uploads\/2017\/08\/TCAB_logoSignatur.png\"><img loading=\"lazy\" decoding=\"async\" class=\"alignnone size-full wp-image-4162\" alt=\"TCAB_logoSignatur\" src=\"https:\/\/bureau-heuchel-klag.de\/kunsthaus\/wp-content\/uploads\/2017\/08\/TCAB_logoSignatur.png\" width=\"136\" height=\"94\" \/><\/a><\/p>\n<p>Zum dritten Mal findet in diesem Jahr\u00a0<a href=\"http:\/\/www-thecologneartbookfair.com\" target=\"_blank\">The\u00a0<\/a><a title=\"www.thecologneartbookfair.com\" href=\"http:\/\/www.thecologneartbookfair.com\" target=\"_blank\">Cologne Art Book Fair (TCABF)<\/a> statt.<br \/>\nVon<strong> Freitag, 1. September bis Sonntag, 3. September<\/strong> werden rund 50 Aussteller und Verlage von K\u00fcnstlerb\u00fcchern, Magazinen und Zines ihr Programm in der <a title=\"www.werft5.de\" href=\"http:\/\/www.werft5.de\" target=\"_blank\">Werft 5 \u2013 Raum f\u00fcr Kunst<\/a> pr\u00e4sentieren.<\/p>\n<p>Das <strong>bureau Heuchel Klag<\/strong> nimmt mit einer Pr\u00e4sentation seiner K\u00fcnstlerb\u00fccher teil.<\/p>\n<p>Der Eintritt ist frei.<br \/>\n<strong>Daten 2017<\/strong><br \/>\nEr\u00f6ffnung: Freitag, 1. September: 18:00 \u2013 22:00 h<br \/>\nSamstag, 2. September: 14:00 \u2013 20:00 h<br \/>\nSonntag, 3. September: 12:00 \u2013 18:00 h<br \/>\n<strong>Team<\/strong><br \/>\nAndr\u00e9 Sauer, Director<br \/>\n(Tim), Curator<br \/>\nLeonie Pfennig, Editorial Director + PR<br \/>\n<strong>Adresse<\/strong><br \/>\nWerft 5 \u2013 Raum f\u00fcr Kunst<br \/>\nKunsthaus Rhenania<br \/>\nBayenstr. 28<br \/>\n50678 K\u00f6ln<br \/>\nAlle aktuellen Informationen zu Ausstellern finden Sie unter <a title=\"www.thecologneartbookfair.com\" href=\"http:\/\/www.thecologneartbookfair.com\" target=\"_blank\">www.thecologneartbookfair.com<\/a><\/p>\n<p><!--more--><\/p>\n<p>Eingeladen sind K\u00fcnstlerbuchmacherInnen, Verlage und selbst verlegende K\u00fcnstlerInnen, die weniger auf gro\u00dfen internationalen Messen vertreten, aufgrund ihres Schaffens jedoch absolut pr\u00e4gend f\u00fcr die K\u00fcnstlerbuch-Szene sind. Genau f\u00fcr diese ist TCABF die gr\u00f6\u00dfte Plattform in NRW, um ihre Arbeit zu pr\u00e4sentieren.<\/p>\n<p>Unter den diesj\u00e4hrigen Ausstellern sind viele wichtige Vertreter der lokalen und regionalen K\u00fcnstlerbuch-Szene, wie StrzeleckiBooks, St. Patrick\u2019s Zine Library, TBOOKS COLOGNE oder der Salon Verlag sowie internationale Verlage aus den BeNeLux-L\u00e4ndern, Italien und D\u00e4nemark. Mit Gastbeitr\u00e4gen aus Japan, aus Mexiko und USA sch\u00e4rft TCABF ihr internationales Profil.<\/p>\n<p>Erg\u00e4nzt wird die Messe durch ein abwechslungsreiches Rahmenprogramm in den R\u00e4umen des Kunsthauses. Eingeladen werden K\u00fcnstlerbuchmacher, -verleger, Autoren oder Wissenschaftler, die in Talks, Buchpr\u00e4sentationen, Workshops oder Diskussionen das Medium vorstellen. Der Samstag konzentriert sich mit SprecherInnen aus Griechenland, Syrien und der Ukraine auf das aktivistische Potenzial des K\u00fcnstlerbuchs und die Rolle unabh\u00e4ngiger Kunstproduzenten, w\u00e4hrend am Sonntag das Sammeln von K\u00fcnstlerb\u00fcchern im Mittelpunkt steht.<\/p>\n<p><strong>Fair Venue<\/strong><strong>\u2028<\/strong><b><br \/>\n<strong>Werft 5 \u2013 Raum f\u00fcr Kunst<\/strong><br \/>\n<strong>\u2028Kunsthaus Rhenania<\/strong><br \/>\n<strong>\u2028Bayenstr. 28\u2028<\/strong><br \/>\n<strong>50678 Cologne, Germany<\/strong><\/b><\/p>\n<p>Friday September 01 2017<br \/>\n6\u201310 p.m.<\/p>\n<p>Saturday September 02 2017<br \/>\n2\u20138 p.m.<\/p>\n<p>Sunday September 03 2017<br \/>\nnoon\u20136 p.m.<\/p>\n<p><strong>The fair is open to the public and the entrance is free.<\/strong><\/p>\n<!-- PHP 5.x -->","protected":false},"excerpt":{"rendered":"<p>Zum dritten Mal findet in diesem Jahr\u00a0The\u00a0Cologne Art Book Fair (TCABF) statt. Von Freitag, 1. September bis Sonntag, 3. September werden rund 50 Aussteller und Verlage von K\u00fcnstlerb\u00fcchern, Magazinen und Zines ihr Programm in der Werft 5 \u2013 Raum f\u00fcr Kunst pr\u00e4sentieren. Das bureau Heuchel Klag nimmt mit einer Pr\u00e4sentation seiner K\u00fcnstlerb\u00fccher teil. Der Eintritt [&hellip;]<\/p>\n","protected":false},"author":1,"featured_media":0,"comment_status":"closed","ping_status":"closed","sticky":false,"template":"","format":"standard","meta":{"footnotes":""},"categories":[1,20,10],"tags":[],"class_list":["post-4161","post","type-post","status-publish","format-standard","hentry","category-alle-beitraege","category-ausstellungen","category-kuenstlerbuecher"],"_links":{"self":[{"href":"https:\/\/bureau-heuchel-klag.de\/kunsthaus\/index.php?rest_route=\/wp\/v2\/posts\/4161","targetHints":{"allow":["GET"]}}],"collection":[{"href":"https:\/\/bureau-heuchel-klag.de\/kunsthaus\/index.php?rest_route=\/wp\/v2\/posts"}],"about":[{"href":"https:\/\/bureau-heuchel-klag.de\/kunsthaus\/index.php?rest_route=\/wp\/v2\/types\/post"}],"author":[{"embeddable":true,"href":"https:\/\/bureau-heuchel-klag.de\/kunsthaus\/index.php?rest_route=\/wp\/v2\/users\/1"}],"replies":[{"embeddable":true,"href":"https:\/\/bureau-heuchel-klag.de\/kunsthaus\/index.php?rest_route=%2Fwp%2Fv2%2Fcomments&post=4161"}],"version-history":[{"count":4,"href":"https:\/\/bureau-heuchel-klag.de\/kunsthaus\/index.php?rest_route=\/wp\/v2\/posts\/4161\/revisions"}],"predecessor-version":[{"id":4167,"href":"https:\/\/bureau-heuchel-klag.de\/kunsthaus\/index.php?rest_route=\/wp\/v2\/posts\/4161\/revisions\/4167"}],"wp:attachment":[{"href":"https:\/\/bureau-heuchel-klag.de\/kunsthaus\/index.php?rest_route=%2Fwp%2Fv2%2Fmedia&parent=4161"}],"wp:term":[{"taxonomy":"category","embeddable":true,"href":"https:\/\/bureau-heuchel-klag.de\/kunsthaus\/index.php?rest_route=%2Fwp%2Fv2%2Fcategories&post=4161"},{"taxonomy":"post_tag","embeddable":true,"href":"https:\/\/bureau-heuchel-klag.de\/kunsthaus\/index.php?rest_route=%2Fwp%2Fv2%2Ftags&post=4161"}],"curies":[{"name":"wp","href":"https:\/\/api.w.org\/{rel}","templated":true}]}}