{"id":4082,"date":"2017-05-29T07:00:29","date_gmt":"2017-05-29T07:00:29","guid":{"rendered":"http:\/\/www.bureau-heuchel-klag.de\/kunsthaus\/?p=4082"},"modified":"2017-06-18T10:45:00","modified_gmt":"2017-06-18T10:45:00","slug":"kraetzchen-slam-im-bhk","status":"publish","type":"post","link":"https:\/\/bureau-heuchel-klag.de\/kunsthaus\/?p=4082","title":{"rendered":"Ausstellung mit Kr\u00e4tzchen-SLAM im bHK"},"content":{"rendered":"<p><a href=\"https:\/\/bureau-heuchel-klag.de\/kunsthaus\/wp-content\/uploads\/2017\/05\/bHK_Epochen+Episoden_Plakat_A2_web.jpg\"><img loading=\"lazy\" decoding=\"async\" alt=\"bHK_Epochen+Episoden_Plakat_A2_web\" src=\"https:\/\/bureau-heuchel-klag.de\/kunsthaus\/wp-content\/uploads\/2017\/05\/bHK_Epochen+Episoden_Plakat_A2_web.jpg\" width=\"254\" height=\"360\" \/><\/a><a href=\"https:\/\/bureau-heuchel-klag.de\/kunsthaus\/wp-content\/uploads\/2017\/05\/Heuchel_Vortrag.jpg\"><img loading=\"lazy\" decoding=\"async\" alt=\"Heuchel_Vortrag\" src=\"https:\/\/bureau-heuchel-klag.de\/kunsthaus\/wp-content\/uploads\/2017\/05\/Heuchel_Vortrag.jpg\" width=\"340\" height=\"252\" \/><\/a><br \/>\nNach Kr\u00e4tzchen-SLAM trennten sich Heuchel und Musielski mit einem Unentschieden.<\/p>\n<p>Die Originale &#8222;F\u00dcR UWEH&#8220; und &#8222;BLACKLEINSCHREIN&#8220;<a href=\"https:\/\/bureau-heuchel-klag.de\/kunsthaus\/wp-content\/uploads\/2017\/05\/170429_Kr\u00e4tzchen_web.jpg\"><img loading=\"lazy\" decoding=\"async\" alt=\"170429_Kr\u00e4tzchen_web\" src=\"https:\/\/bureau-heuchel-klag.de\/kunsthaus\/wp-content\/uploads\/2017\/05\/170429_Kr\u00e4tzchen_web.jpg\" width=\"459\" height=\"336\" \/><\/a><\/p>\n<ul>\n<li>PDF <a title=\"Kr\u00e4tzchen\" href=\"https:\/\/bureau-heuchel-klag.de\/kunsthaus\/wp-content\/uploads\/2017\/05\/170525_Kr\u00e4tzchen.pdf\" target=\"_blank\">Kr\u00e4tzchen<\/a><\/li>\n<\/ul>\n<p>Fotos der Ausstellung &#8222;Epochen und Episoden&#8220; im Kunsthaus des bHK<br \/>\n<a href=\"https:\/\/bureau-heuchel-klag.de\/kunsthaus\/wp-content\/uploads\/2017\/05\/bHK_21.05.2017_Frick_1_web.jpg\"><img loading=\"lazy\" decoding=\"async\" class=\"alignnone\" alt=\"bHK_21.05.2017_Frick_1_web\" src=\"https:\/\/bureau-heuchel-klag.de\/kunsthaus\/wp-content\/uploads\/2017\/05\/bHK_21.05.2017_Frick_1_web.jpg\" width=\"109\" height=\"151\" \/><\/a><a href=\"https:\/\/bureau-heuchel-klag.de\/kunsthaus\/wp-content\/uploads\/2017\/05\/bHK_21.05.2017_Frick_2_web.jpg\"><img loading=\"lazy\" decoding=\"async\" class=\"alignnone\" alt=\"bHK_21.05.2017_Frick_2_web\" src=\"https:\/\/bureau-heuchel-klag.de\/kunsthaus\/wp-content\/uploads\/2017\/05\/bHK_21.05.2017_Frick_2_web.jpg\" width=\"208\" height=\"151\" \/><\/a><a href=\"https:\/\/bureau-heuchel-klag.de\/kunsthaus\/wp-content\/uploads\/2017\/05\/bHK_21.05.2017_Frick_3_web.jpg\"><img loading=\"lazy\" decoding=\"async\" class=\"alignnone\" alt=\"bHK_21.05.2017_Frick_3_web\" src=\"https:\/\/bureau-heuchel-klag.de\/kunsthaus\/wp-content\/uploads\/2017\/05\/bHK_21.05.2017_Frick_3_web.jpg\" width=\"226\" height=\"151\" \/><\/a><a href=\"https:\/\/bureau-heuchel-klag.de\/kunsthaus\/wp-content\/uploads\/2017\/05\/bHK_DSC08205_web.jpg\"><img loading=\"lazy\" decoding=\"async\" class=\"alignnone\" alt=\"bHK_DSC08205_web\" src=\"https:\/\/bureau-heuchel-klag.de\/kunsthaus\/wp-content\/uploads\/2017\/05\/bHK_DSC08205_web.jpg\" width=\"214\" height=\"151\" \/><\/a><a href=\"https:\/\/bureau-heuchel-klag.de\/kunsthaus\/wp-content\/uploads\/2017\/05\/bHK_DSC08210_web.jpg\"><img loading=\"lazy\" decoding=\"async\" class=\"alignnone\" alt=\"bHK_DSC08210_web\" src=\"https:\/\/bureau-heuchel-klag.de\/kunsthaus\/wp-content\/uploads\/2017\/05\/bHK_DSC08210_web.jpg\" width=\"220\" height=\"151\" \/><\/a><em>Fotos: Frick<\/em><\/p>\n<!-- PHP 5.x -->","protected":false},"excerpt":{"rendered":"<p>Nach Kr\u00e4tzchen-SLAM trennten sich Heuchel und Musielski mit einem Unentschieden. Die Originale &#8222;F\u00dcR UWEH&#8220; und &#8222;BLACKLEINSCHREIN&#8220; PDF Kr\u00e4tzchen Fotos der Ausstellung &#8222;Epochen und Episoden&#8220; im Kunsthaus des bHK Fotos: Frick<\/p>\n","protected":false},"author":1,"featured_media":0,"comment_status":"closed","ping_status":"closed","sticky":false,"template":"","format":"standard","meta":{"footnotes":""},"categories":[1,20,22],"tags":[],"class_list":["post-4082","post","type-post","status-publish","format-standard","hentry","category-alle-beitraege","category-ausstellungen","category-verschiedenes"],"_links":{"self":[{"href":"https:\/\/bureau-heuchel-klag.de\/kunsthaus\/index.php?rest_route=\/wp\/v2\/posts\/4082","targetHints":{"allow":["GET"]}}],"collection":[{"href":"https:\/\/bureau-heuchel-klag.de\/kunsthaus\/index.php?rest_route=\/wp\/v2\/posts"}],"about":[{"href":"https:\/\/bureau-heuchel-klag.de\/kunsthaus\/index.php?rest_route=\/wp\/v2\/types\/post"}],"author":[{"embeddable":true,"href":"https:\/\/bureau-heuchel-klag.de\/kunsthaus\/index.php?rest_route=\/wp\/v2\/users\/1"}],"replies":[{"embeddable":true,"href":"https:\/\/bureau-heuchel-klag.de\/kunsthaus\/index.php?rest_route=%2Fwp%2Fv2%2Fcomments&post=4082"}],"version-history":[{"count":11,"href":"https:\/\/bureau-heuchel-klag.de\/kunsthaus\/index.php?rest_route=\/wp\/v2\/posts\/4082\/revisions"}],"predecessor-version":[{"id":4141,"href":"https:\/\/bureau-heuchel-klag.de\/kunsthaus\/index.php?rest_route=\/wp\/v2\/posts\/4082\/revisions\/4141"}],"wp:attachment":[{"href":"https:\/\/bureau-heuchel-klag.de\/kunsthaus\/index.php?rest_route=%2Fwp%2Fv2%2Fmedia&parent=4082"}],"wp:term":[{"taxonomy":"category","embeddable":true,"href":"https:\/\/bureau-heuchel-klag.de\/kunsthaus\/index.php?rest_route=%2Fwp%2Fv2%2Fcategories&post=4082"},{"taxonomy":"post_tag","embeddable":true,"href":"https:\/\/bureau-heuchel-klag.de\/kunsthaus\/index.php?rest_route=%2Fwp%2Fv2%2Ftags&post=4082"}],"curies":[{"name":"wp","href":"https:\/\/api.w.org\/{rel}","templated":true}]}}