{"id":4014,"date":"2017-04-17T04:31:48","date_gmt":"2017-04-17T04:31:48","guid":{"rendered":"http:\/\/www.bureau-heuchel-klag.de\/kunsthaus\/?p=4014"},"modified":"2017-04-03T09:59:56","modified_gmt":"2017-04-03T09:59:56","slug":"4014","status":"publish","type":"post","link":"https:\/\/bureau-heuchel-klag.de\/kunsthaus\/?p=4014","title":{"rendered":"Ausstellung im Kunsthaus des bHK &#8211; Mai 2017"},"content":{"rendered":"<h1 align=\"center\">JUBIL\u00c4UM<\/h1>\n<p align=\"center\"><i>\u201eMit Ihren Memoiren sind Sie reichlich fr\u00fch dran\u201c <\/i><\/p>\n<p align=\"center\">B.S. Johnson<\/p>\n<h2><b>BLACKLEINSCHREIN<\/b><\/h2>\n<p><a href=\"https:\/\/bureau-heuchel-klag.de\/kunsthaus\/wp-content\/uploads\/2017\/04\/bHK_Modell_3300201.jpg\"><img loading=\"lazy\" decoding=\"async\" alt=\"bHK_Modell_3300201\" src=\"https:\/\/bureau-heuchel-klag.de\/kunsthaus\/wp-content\/uploads\/2017\/04\/bHK_Modell_3300201.jpg\" width=\"299\" height=\"216\" \/><\/a><a href=\"https:\/\/bureau-heuchel-klag.de\/kunsthaus\/wp-content\/uploads\/2017\/04\/bHK_Modell_3310261.jpg\"><img loading=\"lazy\" decoding=\"async\" alt=\"bHK_Modell_3310261\" src=\"https:\/\/bureau-heuchel-klag.de\/kunsthaus\/wp-content\/uploads\/2017\/04\/bHK_Modell_3310261.jpg\" width=\"234\" height=\"216\" \/><\/a><\/p>\n<p>2017 Holz lackiert mit Metallapplikationen, 80 x 80 x 80 cm<\/p>\n<p>Der Blackleinschrein ist eine lackierte Holzkonstruktion in der Gr\u00f6\u00dfe eines Schrankm\u00f6bels. Feines Schwarz \u00fcberzieht das M\u00f6belst\u00fcck. Goldene Intarsien schm\u00fccken die Oberfl\u00e4che. Leicht gekr\u00fcmmte B\u00f6gen erinnern an Fenster, die den Blick in die Kammern freigeben. Die Kammern nehmen, \u00e4hnlich der Reliquienschr\u00e4nke des Barock, wertvolle Sammelst\u00fccke auf. Anl\u00e4sslich des Jubil\u00e4ums nistet sich <strong>das K\u00fcnstlerbuch \u201eWelt retten\u201c<\/strong> in diesen Schrein ein.<\/p>\n<p>&nbsp;<\/p>\n<h4><strong>Ausstellung im Kunsthaus des bHK Bellheim, Sa., 20.05. bis So., 28.05.2017<\/strong><\/h4>\n<!-- PHP 5.x -->","protected":false},"excerpt":{"rendered":"<p>JUBIL\u00c4UM \u201eMit Ihren Memoiren sind Sie reichlich fr\u00fch dran\u201c B.S. Johnson BLACKLEINSCHREIN 2017 Holz lackiert mit Metallapplikationen, 80 x 80 x 80 cm Der Blackleinschrein ist eine lackierte Holzkonstruktion in der Gr\u00f6\u00dfe eines Schrankm\u00f6bels. Feines Schwarz \u00fcberzieht das M\u00f6belst\u00fcck. Goldene Intarsien schm\u00fccken die Oberfl\u00e4che. Leicht gekr\u00fcmmte B\u00f6gen erinnern an Fenster, die den Blick in die [&hellip;]<\/p>\n","protected":false},"author":1,"featured_media":0,"comment_status":"closed","ping_status":"closed","sticky":false,"template":"","format":"standard","meta":{"footnotes":""},"categories":[1,20],"tags":[],"class_list":["post-4014","post","type-post","status-publish","format-standard","hentry","category-alle-beitraege","category-ausstellungen"],"_links":{"self":[{"href":"https:\/\/bureau-heuchel-klag.de\/kunsthaus\/index.php?rest_route=\/wp\/v2\/posts\/4014","targetHints":{"allow":["GET"]}}],"collection":[{"href":"https:\/\/bureau-heuchel-klag.de\/kunsthaus\/index.php?rest_route=\/wp\/v2\/posts"}],"about":[{"href":"https:\/\/bureau-heuchel-klag.de\/kunsthaus\/index.php?rest_route=\/wp\/v2\/types\/post"}],"author":[{"embeddable":true,"href":"https:\/\/bureau-heuchel-klag.de\/kunsthaus\/index.php?rest_route=\/wp\/v2\/users\/1"}],"replies":[{"embeddable":true,"href":"https:\/\/bureau-heuchel-klag.de\/kunsthaus\/index.php?rest_route=%2Fwp%2Fv2%2Fcomments&post=4014"}],"version-history":[{"count":5,"href":"https:\/\/bureau-heuchel-klag.de\/kunsthaus\/index.php?rest_route=\/wp\/v2\/posts\/4014\/revisions"}],"predecessor-version":[{"id":4021,"href":"https:\/\/bureau-heuchel-klag.de\/kunsthaus\/index.php?rest_route=\/wp\/v2\/posts\/4014\/revisions\/4021"}],"wp:attachment":[{"href":"https:\/\/bureau-heuchel-klag.de\/kunsthaus\/index.php?rest_route=%2Fwp%2Fv2%2Fmedia&parent=4014"}],"wp:term":[{"taxonomy":"category","embeddable":true,"href":"https:\/\/bureau-heuchel-klag.de\/kunsthaus\/index.php?rest_route=%2Fwp%2Fv2%2Fcategories&post=4014"},{"taxonomy":"post_tag","embeddable":true,"href":"https:\/\/bureau-heuchel-klag.de\/kunsthaus\/index.php?rest_route=%2Fwp%2Fv2%2Ftags&post=4014"}],"curies":[{"name":"wp","href":"https:\/\/api.w.org\/{rel}","templated":true}]}}