{"id":4006,"date":"2017-04-10T04:27:05","date_gmt":"2017-04-10T04:27:05","guid":{"rendered":"http:\/\/www.bureau-heuchel-klag.de\/kunsthaus\/?p=4006"},"modified":"2017-04-03T10:13:50","modified_gmt":"2017-04-03T10:13:50","slug":"jubilaeum-ausstellung-im-kunsthaus-des-bhk","status":"publish","type":"post","link":"https:\/\/bureau-heuchel-klag.de\/kunsthaus\/?p=4006","title":{"rendered":"JUBIL\u00c4UM &#8211; Ausstellung im Kunsthaus des bHK"},"content":{"rendered":"<h2><b>\u00a0\u00a0\u00a0\u00a0\u00a0\u00a0\u00a0\u00a0\u00a0\u00a0\u00a0\u00a0\u00a0\u00a0\u00a0\u00a0\u00a0\u00a0\u00a0\u00a0\u00a0\u00a0\u00a0\u00a0\u00a0\u00a0\u00a0\u00a0\u00a0\u00a0\u00a0\u00a0\u00a0\u00a0\u00a0 F\u00dcR UWE H.<\/b><\/h2>\n<p><a href=\"https:\/\/bureau-heuchel-klag.de\/kunsthaus\/wp-content\/uploads\/2017\/04\/bHK_Modell_3300203.jpg\"><img loading=\"lazy\" decoding=\"async\" alt=\"bHK_Modell_3300203\" src=\"https:\/\/bureau-heuchel-klag.de\/kunsthaus\/wp-content\/uploads\/2017\/04\/bHK_Modell_3300203.jpg\" width=\"601\" height=\"420\" \/><\/a><\/p>\n<p>2017 mixed media, 2 x 80 x 80 x 80 cm, Sitzsack mit 54 schwarzen Kn\u00f6pfen auf Gipsskulptur A&amp;P<\/p>\n<p>Der Kubus \u201eF\u00dcR UWE H.\u201c besteht aus dem Werk Amor &amp; Psyche aus dem Jahr 1993 und einem aufgesetzten Sitzsack mit 54 schwarzen Kn\u00f6pfen. Die Skulptur A&amp;P ist ein Meilenstein in der Werkgeschichte des bHK. Sie wird wieder aktiviert und weitergebaut. Der neue Kubus dient w\u00e4hrend der Ausstellung Jubil\u00e4um als Podium. Die Redner, die den Kubus erklimmen, schweben \u00fcber den K\u00f6pfen der Zuh\u00f6rer, knapp unterhalb der Decke des Kunsthauses. Sie erz\u00e4hlen Geschichten und Anekdoten aus dem Werdegang des bHK. Der \u201eKr\u00e4tzchesgesang\u201c ist \u00e4u\u00dferst sparsam instrumentiert und wird langsam dargeboten. Die Pausen sind bewusst gesetzt.<\/p>\n<h4><strong>\u00a0<\/strong><\/h4>\n<h1 align=\"center\">JUBIL\u00c4UM<\/h1>\n<p align=\"center\"><i>\u201eMit Ihren Memoiren sind Sie reichlich fr\u00fch dran\u201c <\/i><\/p>\n<p align=\"center\">B.S. Johnson<\/p>\n<h3>Ausstellung im Kunsthaus des bHK, Sa., 20.05. bis So., 28.05.2017<\/h3>\n<!-- PHP 5.x -->","protected":false},"excerpt":{"rendered":"<p>\u00a0\u00a0\u00a0\u00a0\u00a0\u00a0\u00a0\u00a0\u00a0\u00a0\u00a0\u00a0\u00a0\u00a0\u00a0\u00a0\u00a0\u00a0\u00a0\u00a0\u00a0\u00a0\u00a0\u00a0\u00a0\u00a0\u00a0\u00a0\u00a0\u00a0\u00a0\u00a0\u00a0\u00a0\u00a0 F\u00dcR UWE H. 2017 mixed media, 2 x 80 x 80 x 80 cm, Sitzsack mit 54 schwarzen Kn\u00f6pfen auf Gipsskulptur A&amp;P Der Kubus \u201eF\u00dcR UWE H.\u201c besteht aus dem Werk Amor &amp; Psyche aus dem Jahr 1993 und einem aufgesetzten Sitzsack mit 54 schwarzen Kn\u00f6pfen. Die Skulptur A&amp;P ist ein Meilenstein in der [&hellip;]<\/p>\n","protected":false},"author":1,"featured_media":0,"comment_status":"closed","ping_status":"closed","sticky":false,"template":"","format":"standard","meta":{"footnotes":""},"categories":[1,20],"tags":[],"class_list":["post-4006","post","type-post","status-publish","format-standard","hentry","category-alle-beitraege","category-ausstellungen"],"_links":{"self":[{"href":"https:\/\/bureau-heuchel-klag.de\/kunsthaus\/index.php?rest_route=\/wp\/v2\/posts\/4006","targetHints":{"allow":["GET"]}}],"collection":[{"href":"https:\/\/bureau-heuchel-klag.de\/kunsthaus\/index.php?rest_route=\/wp\/v2\/posts"}],"about":[{"href":"https:\/\/bureau-heuchel-klag.de\/kunsthaus\/index.php?rest_route=\/wp\/v2\/types\/post"}],"author":[{"embeddable":true,"href":"https:\/\/bureau-heuchel-klag.de\/kunsthaus\/index.php?rest_route=\/wp\/v2\/users\/1"}],"replies":[{"embeddable":true,"href":"https:\/\/bureau-heuchel-klag.de\/kunsthaus\/index.php?rest_route=%2Fwp%2Fv2%2Fcomments&post=4006"}],"version-history":[{"count":8,"href":"https:\/\/bureau-heuchel-klag.de\/kunsthaus\/index.php?rest_route=\/wp\/v2\/posts\/4006\/revisions"}],"predecessor-version":[{"id":4033,"href":"https:\/\/bureau-heuchel-klag.de\/kunsthaus\/index.php?rest_route=\/wp\/v2\/posts\/4006\/revisions\/4033"}],"wp:attachment":[{"href":"https:\/\/bureau-heuchel-klag.de\/kunsthaus\/index.php?rest_route=%2Fwp%2Fv2%2Fmedia&parent=4006"}],"wp:term":[{"taxonomy":"category","embeddable":true,"href":"https:\/\/bureau-heuchel-klag.de\/kunsthaus\/index.php?rest_route=%2Fwp%2Fv2%2Fcategories&post=4006"},{"taxonomy":"post_tag","embeddable":true,"href":"https:\/\/bureau-heuchel-klag.de\/kunsthaus\/index.php?rest_route=%2Fwp%2Fv2%2Ftags&post=4006"}],"curies":[{"name":"wp","href":"https:\/\/api.w.org\/{rel}","templated":true}]}}