{"id":3996,"date":"2017-04-03T09:13:04","date_gmt":"2017-04-03T09:13:04","guid":{"rendered":"http:\/\/www.bureau-heuchel-klag.de\/kunsthaus\/?p=3996"},"modified":"2017-04-03T10:00:25","modified_gmt":"2017-04-03T10:00:25","slug":"kultursommer-rheinland-pfalz-2017-epochen-und-episoden","status":"publish","type":"post","link":"https:\/\/bureau-heuchel-klag.de\/kunsthaus\/?p=3996","title":{"rendered":"Kultursommer Rheinland-Pfalz 2017 im bHK"},"content":{"rendered":"<p>&nbsp;<\/p>\n<p>Der Kultursommer 2017 bietet unter dem Motto <strong>\u201eEpochen und Episoden\u201c<\/strong> einen perfekten Rahmen, um ein <strong>Jubil\u00e4um<\/strong> zu feiern.<\/p>\n<h2><b>DAS HAUS DES JUBILARS<\/b><\/h2>\n<p><a href=\"https:\/\/bureau-heuchel-klag.de\/kunsthaus\/wp-content\/uploads\/2017\/04\/bHK_Modell_3300150.jpg\"><img loading=\"lazy\" decoding=\"async\" alt=\"bHK_Modell_3300150\" src=\"https:\/\/bureau-heuchel-klag.de\/kunsthaus\/wp-content\/uploads\/2017\/04\/bHK_Modell_3300150.jpg\" width=\"624\" height=\"390\" \/><\/a><\/p>\n<p>2017 Modell mixed media, 50 x 50 x 120 cm, 2017 Modellfoto auf Alubond 120 x 50 cm, <em>Dank an Leonard Thomas<\/em><\/p>\n<p>DAS HAUS DES JUBILARS zeigt die R\u00e4ume des bHK. Zur besseren \u00dcbersicht hat man die lange Flurwand weggenommen. Raum 1 zeigt das Werk \u201eF\u00fcr UWE H.\u201c, im Raum 2 der \u201eBLACKSCHREINLEIN\u201c und im Raum 3 das \u201eLICHTSPIELHAUS\u201c. Im Gegensatz zum \u201eFarnsworth House\u201c von Mies van der Rohe aus den 1950er Jahren steht es nicht gl\u00e4sernen im Park, es hat keine Aussicht und befindet sich nicht in gehobener Gesellschaft. Das Haus ist herausgeputzt. Die Stimmung heiter und konzentriert. Eine \u00fcbersichtliche Abfolge profaner R\u00e4ume. Die permanente Kunstproduktion, die das Haus seit Jahren belebt f\u00e4rbt ab. Das Modell zeigt diese Eigenart. Sie hat sich frei gemacht von der Schwerkraft, den Zw\u00e4ngen und H\u00fcrden der Realit\u00e4t.<\/p>\n<h4><strong>Ausstellung im Kunsthaus des bHK Bellheim, Sa., 20.05. bis So., 28.05.2017<\/strong><\/h4>\n<!-- PHP 5.x -->","protected":false},"excerpt":{"rendered":"<p>&nbsp; Der Kultursommer 2017 bietet unter dem Motto \u201eEpochen und Episoden\u201c einen perfekten Rahmen, um ein Jubil\u00e4um zu feiern. DAS HAUS DES JUBILARS 2017 Modell mixed media, 50 x 50 x 120 cm, 2017 Modellfoto auf Alubond 120 x 50 cm, Dank an Leonard Thomas DAS HAUS DES JUBILARS zeigt die R\u00e4ume des bHK. Zur [&hellip;]<\/p>\n","protected":false},"author":1,"featured_media":0,"comment_status":"closed","ping_status":"closed","sticky":false,"template":"","format":"standard","meta":{"footnotes":""},"categories":[1,20],"tags":[],"class_list":["post-3996","post","type-post","status-publish","format-standard","hentry","category-alle-beitraege","category-ausstellungen"],"_links":{"self":[{"href":"https:\/\/bureau-heuchel-klag.de\/kunsthaus\/index.php?rest_route=\/wp\/v2\/posts\/3996","targetHints":{"allow":["GET"]}}],"collection":[{"href":"https:\/\/bureau-heuchel-klag.de\/kunsthaus\/index.php?rest_route=\/wp\/v2\/posts"}],"about":[{"href":"https:\/\/bureau-heuchel-klag.de\/kunsthaus\/index.php?rest_route=\/wp\/v2\/types\/post"}],"author":[{"embeddable":true,"href":"https:\/\/bureau-heuchel-klag.de\/kunsthaus\/index.php?rest_route=\/wp\/v2\/users\/1"}],"replies":[{"embeddable":true,"href":"https:\/\/bureau-heuchel-klag.de\/kunsthaus\/index.php?rest_route=%2Fwp%2Fv2%2Fcomments&post=3996"}],"version-history":[{"count":9,"href":"https:\/\/bureau-heuchel-klag.de\/kunsthaus\/index.php?rest_route=\/wp\/v2\/posts\/3996\/revisions"}],"predecessor-version":[{"id":4007,"href":"https:\/\/bureau-heuchel-klag.de\/kunsthaus\/index.php?rest_route=\/wp\/v2\/posts\/3996\/revisions\/4007"}],"wp:attachment":[{"href":"https:\/\/bureau-heuchel-klag.de\/kunsthaus\/index.php?rest_route=%2Fwp%2Fv2%2Fmedia&parent=3996"}],"wp:term":[{"taxonomy":"category","embeddable":true,"href":"https:\/\/bureau-heuchel-klag.de\/kunsthaus\/index.php?rest_route=%2Fwp%2Fv2%2Fcategories&post=3996"},{"taxonomy":"post_tag","embeddable":true,"href":"https:\/\/bureau-heuchel-klag.de\/kunsthaus\/index.php?rest_route=%2Fwp%2Fv2%2Ftags&post=3996"}],"curies":[{"name":"wp","href":"https:\/\/api.w.org\/{rel}","templated":true}]}}