{"id":3886,"date":"2017-02-06T07:00:21","date_gmt":"2017-02-06T07:00:21","guid":{"rendered":"http:\/\/www.bureau-heuchel-klag.de\/kunsthaus\/?p=3886"},"modified":"2017-02-20T22:20:55","modified_gmt":"2017-02-20T22:20:55","slug":"wunderkammer-im-haus-zum-maulbeerbaum","status":"publish","type":"post","link":"https:\/\/bureau-heuchel-klag.de\/kunsthaus\/?p=3886","title":{"rendered":"WUNDERKAMMER &#8211; Haus zum Maulbeerbaum"},"content":{"rendered":"<h2>Kunst am Bau<\/h2>\n<p>Das B\u00fcro dury et hambsch architektur untersuchte an verschiedenen Nutzungsszenarien die gr\u00f6\u00dftm\u00f6gliche Flexibilit\u00e4t in der bestehenden Geb\u00e4udestruktur des Hauses. Die freigelegten historischen Wandmalereien, die verformten Decken und B\u00f6den und die atmosph\u00e4rischen Raumkonstellationen bieten einen spannenden Dialog mit dem Neuen an. Die Neuinterpretation des Hauses zum Maulbeerbaum als Herberge bietet eine gro\u00dfe Nutzungsvielfalt. Im Erdgeschoss k\u00f6nnte sich eine Weinbar und eine Lounge mit Ausstellungsr\u00e4umen etablieren. In den zwei oberen Geschossen w\u00e4re Platz f\u00fcr eine K\u00fcnstlerstube, Ateliers mit Zimmervermietung. Der Dachraum w\u00e4re als gro\u00dfer Schlafsaal ein tolles r\u00e4umliches Erlebnis.<\/p>\n<p>Aus STUDIE ZUM HAUS ZUM MAULBEERBAUM DURY ET HAMBSCH ARCHITEKTUR 2013<\/p>\n<p><a href=\"https:\/\/bureau-heuchel-klag.de\/kunsthaus\/wp-content\/uploads\/2017\/01\/Maulbeerbaum_0_Lageplan-Gesamt.jpg\"><img loading=\"lazy\" decoding=\"async\" class=\"size-thumbnail wp-image-3888 alignnone\" alt=\"Maulbeerbaum_0_Lageplan-Gesamt\" src=\"https:\/\/bureau-heuchel-klag.de\/kunsthaus\/wp-content\/uploads\/2017\/01\/Maulbeerbaum_0_Lageplan-Gesamt-150x150.jpg\" width=\"150\" height=\"150\" \/><\/a><a href=\"https:\/\/bureau-heuchel-klag.de\/kunsthaus\/wp-content\/uploads\/2017\/01\/Maulbeerbaum_8_La\u00a6\u00eanggschnitt.jpg\"><img loading=\"lazy\" decoding=\"async\" class=\"alignnone size-thumbnail wp-image-3890\" alt=\"Maulbeerbaum_8_La\u00a6\u00eanggschnitt\" src=\"https:\/\/bureau-heuchel-klag.de\/kunsthaus\/wp-content\/uploads\/2017\/01\/Maulbeerbaum_8_La\u00a6\u00eanggschnitt-150x150.jpg\" width=\"150\" height=\"150\" \/><\/a><a href=\"https:\/\/bureau-heuchel-klag.de\/kunsthaus\/wp-content\/uploads\/2017\/01\/Maulbeerbaum_9_Querschnitt.jpg\"><img loading=\"lazy\" decoding=\"async\" class=\"alignnone size-thumbnail wp-image-3891\" alt=\"Maulbeerbaum_9_Querschnitt\" src=\"https:\/\/bureau-heuchel-klag.de\/kunsthaus\/wp-content\/uploads\/2017\/01\/Maulbeerbaum_9_Querschnitt-150x150.jpg\" width=\"150\" height=\"150\" \/><\/a><a href=\"https:\/\/bureau-heuchel-klag.de\/kunsthaus\/wp-content\/uploads\/2017\/01\/Maulbeerbaum_10_Ansicht-von-Norden.jpg\"><img loading=\"lazy\" decoding=\"async\" class=\"alignnone size-thumbnail wp-image-3892\" alt=\"Maulbeerbaum_10_Ansicht-von-Norden\" src=\"https:\/\/bureau-heuchel-klag.de\/kunsthaus\/wp-content\/uploads\/2017\/01\/Maulbeerbaum_10_Ansicht-von-Norden-150x150.jpg\" width=\"150\" height=\"150\" \/><\/a><a href=\"https:\/\/bureau-heuchel-klag.de\/kunsthaus\/wp-content\/uploads\/2017\/01\/Maulbeerbaum_11_Ansicht-von-Su\u00a6\u00eaden.jpg\"><img loading=\"lazy\" decoding=\"async\" class=\"alignnone size-thumbnail wp-image-3893\" alt=\"Maulbeerbaum_11_Ansicht-von-Su\u00a6\u00eaden\" src=\"https:\/\/bureau-heuchel-klag.de\/kunsthaus\/wp-content\/uploads\/2017\/01\/Maulbeerbaum_11_Ansicht-von-Su\u00a6\u00eaden-150x150.jpg\" width=\"150\" height=\"150\" \/><\/a><a href=\"https:\/\/bureau-heuchel-klag.de\/kunsthaus\/wp-content\/uploads\/2017\/01\/Maulbeerbaum_3_Grundriss-EG.jpg\"><img loading=\"lazy\" decoding=\"async\" class=\"alignnone size-thumbnail wp-image-3889\" alt=\"Maulbeerbaum_3_Grundriss-EG\" src=\"https:\/\/bureau-heuchel-klag.de\/kunsthaus\/wp-content\/uploads\/2017\/01\/Maulbeerbaum_3_Grundriss-EG-150x150.jpg\" width=\"150\" height=\"150\" \/><\/a><\/p>\n<p><i>Lageplan und Studien zum Haus zum Maulbeerbaum (B\u00fcro dury et hambsch architektur)<\/i><\/p>\n<ul>\n<li><a title=\"http:\/\/duryethambsch.com\/\" href=\"http:\/\/duryethambsch.com\/\" target=\"_blank\">dury et hambsch architektur GbR<\/a><\/li>\n<li><a title=\"Auszug aus BAUSUBSTANZ Heft 2\/2015\" href=\"https:\/\/bureau-heuchel-klag.de\/kunsthaus\/wp-content\/uploads\/2017\/02\/BS-Sonderdruck-Maulbeerbaum.pdf\" target=\"_blank\">Auszug aus BAUSUBSTANZ Heft 2\/2015<\/a><\/li>\n<\/ul>\n<h2>WUNDERKAMMER<\/h2>\n<p>Die historischen Wunderkammern im Palazzo Ducale, auf Schloss Ambras und die Grotta der Isabella d`Este sind wegweisende Beispiele f\u00fcr die k\u00fcnstlerische \u00dcberh\u00f6hung eines profanen Raumes. Hier verbinden sich feinste Handwerkskunst, kunstvolle Schnitzereien, bemalte Holzpaneele und aufw\u00e4ndige Intarsienarbeiten mit der vorhandenen Architektur. Der naive Umgang mit der perspektivischen Wirklichkeit und gemalte Ausblicke schufen pr\u00e4chtige Raumeindr\u00fccke. Es entstanden Geh\u00e4use in der Gr\u00f6\u00dfe eines Schrankm\u00f6bels. \u00dcberschaubare Nischen, in denen sich die noch geheimnisvolle Welt einnisten konnte. Merkw\u00fcrdiges, Kunstw\u00fcrdiges und Kitschiges fand Einzug. Reliquien wie die Tafelkredenz mit Natternzungen, der Grottenautomat, der T\u00f6dlein-Schrein, ein silberbeschlagener G\u00fcrtel einer Nonne und ein Hundemaulkorb aus vergoldetem Gittermaterial. In labyrinthischer Atmosph\u00e4re wurde das Erbeutete seziert. Um dem geneigten Besucher ins Staunen zu versetzen, wurde Ausgew\u00e4hltes zur Schau gestellt. Beliebtes Objekt war das Monstrum. Bedrohend blicken die Monster aus Glasgef\u00e4\u00dfen auf den Regalen. Nur das Scheu\u00dflichste war gro\u00dfartig genug, um gesammelt zu werden. Teils lebendig gewesen, teils nie gewesen, demonstriert ihr Besitz die Herrschaft \u00fcber das Unmenschliche. Eine bemerkenswerte Visitenkarte f\u00fcr ihren Besitzer. Die Wunderkammern sind heute aus den Haushalten verschwunden.<\/p>\n<p>Christian Heuchel 2010<\/p>\n<!-- PHP 5.x -->","protected":false},"excerpt":{"rendered":"<p>Kunst am Bau Das B\u00fcro dury et hambsch architektur untersuchte an verschiedenen Nutzungsszenarien die gr\u00f6\u00dftm\u00f6gliche Flexibilit\u00e4t in der bestehenden Geb\u00e4udestruktur des Hauses. Die freigelegten historischen Wandmalereien, die verformten Decken und B\u00f6den und die atmosph\u00e4rischen Raumkonstellationen bieten einen spannenden Dialog mit dem Neuen an. Die Neuinterpretation des Hauses zum Maulbeerbaum als Herberge bietet eine gro\u00dfe Nutzungsvielfalt. [&hellip;]<\/p>\n","protected":false},"author":1,"featured_media":0,"comment_status":"closed","ping_status":"closed","sticky":false,"template":"","format":"standard","meta":{"footnotes":""},"categories":[1,4,22],"tags":[],"class_list":["post-3886","post","type-post","status-publish","format-standard","hentry","category-alle-beitraege","category-kunst-am-bau","category-verschiedenes"],"_links":{"self":[{"href":"https:\/\/bureau-heuchel-klag.de\/kunsthaus\/index.php?rest_route=\/wp\/v2\/posts\/3886","targetHints":{"allow":["GET"]}}],"collection":[{"href":"https:\/\/bureau-heuchel-klag.de\/kunsthaus\/index.php?rest_route=\/wp\/v2\/posts"}],"about":[{"href":"https:\/\/bureau-heuchel-klag.de\/kunsthaus\/index.php?rest_route=\/wp\/v2\/types\/post"}],"author":[{"embeddable":true,"href":"https:\/\/bureau-heuchel-klag.de\/kunsthaus\/index.php?rest_route=\/wp\/v2\/users\/1"}],"replies":[{"embeddable":true,"href":"https:\/\/bureau-heuchel-klag.de\/kunsthaus\/index.php?rest_route=%2Fwp%2Fv2%2Fcomments&post=3886"}],"version-history":[{"count":12,"href":"https:\/\/bureau-heuchel-klag.de\/kunsthaus\/index.php?rest_route=\/wp\/v2\/posts\/3886\/revisions"}],"predecessor-version":[{"id":3972,"href":"https:\/\/bureau-heuchel-klag.de\/kunsthaus\/index.php?rest_route=\/wp\/v2\/posts\/3886\/revisions\/3972"}],"wp:attachment":[{"href":"https:\/\/bureau-heuchel-klag.de\/kunsthaus\/index.php?rest_route=%2Fwp%2Fv2%2Fmedia&parent=3886"}],"wp:term":[{"taxonomy":"category","embeddable":true,"href":"https:\/\/bureau-heuchel-klag.de\/kunsthaus\/index.php?rest_route=%2Fwp%2Fv2%2Fcategories&post=3886"},{"taxonomy":"post_tag","embeddable":true,"href":"https:\/\/bureau-heuchel-klag.de\/kunsthaus\/index.php?rest_route=%2Fwp%2Fv2%2Ftags&post=3886"}],"curies":[{"name":"wp","href":"https:\/\/api.w.org\/{rel}","templated":true}]}}