{"id":3558,"date":"2015-08-08T18:19:21","date_gmt":"2015-08-08T18:19:21","guid":{"rendered":"http:\/\/www.bureau-heuchel-klag.de\/kunsthaus\/?p=3558"},"modified":"2016-02-08T18:46:02","modified_gmt":"2016-02-08T18:46:02","slug":"moderne-mythen-ausstellung-im-bhk","status":"publish","type":"post","link":"https:\/\/bureau-heuchel-klag.de\/kunsthaus\/?p=3558","title":{"rendered":"Moderne Mythen- Ausstellung im bHK"},"content":{"rendered":"<p>Im Kunsthaus des bHK wurden vom <strong>11.07. <\/strong>bis<strong> 26.07.2015 <\/strong>unter dem Titel <strong>Moderne Mythen<\/strong>, Werke der K\u00fcnstler Herbie Erb, Christian Frick, Christian Heuchel, Oliver Jung, Gunter Klag, Miriam K\u00fchnel, Hen Sen, Mike \u00dcberall und J\u00fcrgen Zimmermann ausgestellt. Zur Vernissage gaben &#8222;Jonny Las Vegas&#8220; ein Freiluftkonzert.<\/p>\n<p>Fotos der Vernissage und der Ausstellung <strong>Moderne Mythen<\/strong>: <!--more--><\/p>\n<h6><a href=\"https:\/\/bureau-heuchel-klag.de\/kunsthaus\/wp-content\/uploads\/2016\/02\/Plakate_bHK_Frick_DSC05902.jpg\"><img loading=\"lazy\" decoding=\"async\" class=\"alignnone size-thumbnail wp-image-3577\" alt=\"Plakate_bHK_Frick_DSC05902\" src=\"https:\/\/bureau-heuchel-klag.de\/kunsthaus\/wp-content\/uploads\/2016\/02\/Plakate_bHK_Frick_DSC05902-150x150.jpg\" width=\"150\" height=\"150\" \/><\/a> <a href=\"https:\/\/bureau-heuchel-klag.de\/kunsthaus\/wp-content\/uploads\/2016\/02\/JonnyLasVegas_imbHK_Foto_Frick_DSC05889.jpg\"><img loading=\"lazy\" decoding=\"async\" class=\"alignnone size-thumbnail wp-image-3573\" alt=\"JonnyLasVegas_imbHK_Foto_Frick_DSC05889\" src=\"https:\/\/bureau-heuchel-klag.de\/kunsthaus\/wp-content\/uploads\/2016\/02\/JonnyLasVegas_imbHK_Foto_Frick_DSC05889-150x150.jpg\" width=\"150\" height=\"150\" \/><\/a> <a href=\"https:\/\/bureau-heuchel-klag.de\/kunsthaus\/wp-content\/uploads\/2016\/02\/JonnyLasVegas_Foto_Frick_DSCDSC05845.jpg\"><img loading=\"lazy\" decoding=\"async\" class=\"alignnone size-thumbnail wp-image-3572\" alt=\"JonnyLasVegas_Foto_Frick_DSCDSC05845\" src=\"https:\/\/bureau-heuchel-klag.de\/kunsthaus\/wp-content\/uploads\/2016\/02\/JonnyLasVegas_Foto_Frick_DSCDSC05845-150x150.jpg\" width=\"150\" height=\"150\" \/><\/a> <a href=\"https:\/\/bureau-heuchel-klag.de\/kunsthaus\/wp-content\/uploads\/2016\/02\/JonnyLasVegas_Foto_Frick_DSC05856.jpg\"><img loading=\"lazy\" decoding=\"async\" class=\"alignnone size-thumbnail wp-image-3571\" alt=\"JonnyLasVegas_Foto_Frick_DSC05856\" src=\"https:\/\/bureau-heuchel-klag.de\/kunsthaus\/wp-content\/uploads\/2016\/02\/JonnyLasVegas_Foto_Frick_DSC05856-150x150.jpg\" width=\"150\" height=\"150\" \/><\/a> <a href=\"https:\/\/bureau-heuchel-klag.de\/kunsthaus\/wp-content\/uploads\/2016\/02\/ModerneMythen_bHK_Foto_Frick_DSC05883.jpg\"><img loading=\"lazy\" decoding=\"async\" class=\"alignnone size-thumbnail wp-image-3576\" alt=\"ModerneMythen_bHK_Foto_Frick_DSC05883\" src=\"https:\/\/bureau-heuchel-klag.de\/kunsthaus\/wp-content\/uploads\/2016\/02\/ModerneMythen_bHK_Foto_Frick_DSC05883-150x150.jpg\" width=\"150\" height=\"150\" \/><\/a> <a href=\"https:\/\/bureau-heuchel-klag.de\/kunsthaus\/wp-content\/uploads\/2016\/02\/Ausstellung_bHK_Foto_Frick_DSC05872.jpg\"><img loading=\"lazy\" decoding=\"async\" class=\"alignnone size-thumbnail wp-image-3562\" alt=\"Ausstellung_bHK_Foto_Frick_DSC05872\" src=\"https:\/\/bureau-heuchel-klag.de\/kunsthaus\/wp-content\/uploads\/2016\/02\/Ausstellung_bHK_Foto_Frick_DSC05872-150x150.jpg\" width=\"150\" height=\"150\" \/><\/a> <a href=\"https:\/\/bureau-heuchel-klag.de\/kunsthaus\/wp-content\/uploads\/2016\/02\/Mike_Ueberall_Foto_Frick_DSC06085.jpg\"><img loading=\"lazy\" decoding=\"async\" class=\"alignnone size-thumbnail wp-image-3575\" alt=\"Mike_Ueberall_Foto_Frick_DSC06085\" src=\"https:\/\/bureau-heuchel-klag.de\/kunsthaus\/wp-content\/uploads\/2016\/02\/Mike_Ueberall_Foto_Frick_DSC06085-150x150.jpg\" width=\"150\" height=\"150\" \/><\/a>\u00a0 <a href=\"https:\/\/bureau-heuchel-klag.de\/kunsthaus\/wp-content\/uploads\/2016\/02\/Klag_im_bHK_Foto_Frick_DSC06312.jpg\"><img loading=\"lazy\" decoding=\"async\" class=\"alignnone size-thumbnail wp-image-3574\" alt=\"Klag_im_bHK_Foto_Frick_DSC06312\" src=\"https:\/\/bureau-heuchel-klag.de\/kunsthaus\/wp-content\/uploads\/2016\/02\/Klag_im_bHK_Foto_Frick_DSC06312-150x150.jpg\" width=\"150\" height=\"150\" \/><\/a> <a href=\"https:\/\/bureau-heuchel-klag.de\/kunsthaus\/wp-content\/uploads\/2016\/02\/Gunter_Klag_Foto_Frick_DSC06314.jpg\"><img loading=\"lazy\" decoding=\"async\" class=\"alignnone size-thumbnail wp-image-3568\" alt=\"Gunter_Klag_Foto_Frick_DSC06314\" src=\"https:\/\/bureau-heuchel-klag.de\/kunsthaus\/wp-content\/uploads\/2016\/02\/Gunter_Klag_Foto_Frick_DSC06314-150x150.jpg\" width=\"150\" height=\"150\" \/><\/a> <a href=\"https:\/\/bureau-heuchel-klag.de\/kunsthaus\/wp-content\/uploads\/2016\/02\/Plakate_bHK_Frick_DSC05902.jpg\">\u00a0<\/a> <a href=\"https:\/\/bureau-heuchel-klag.de\/kunsthaus\/wp-content\/uploads\/2016\/02\/Christian_Frick_Mythenkoffer_DSC05874.jpg\"><img loading=\"lazy\" decoding=\"async\" class=\"alignnone size-thumbnail wp-image-3565\" alt=\"Christian_Frick_Mythenkoffer_DSC05874\" src=\"https:\/\/bureau-heuchel-klag.de\/kunsthaus\/wp-content\/uploads\/2016\/02\/Christian_Frick_Mythenkoffer_DSC05874-150x150.jpg\" width=\"150\" height=\"150\" \/><\/a> <a href=\"https:\/\/bureau-heuchel-klag.de\/kunsthaus\/wp-content\/uploads\/2016\/02\/FrickHenSen_imbHK_DSC05877.jpg\"><img loading=\"lazy\" decoding=\"async\" class=\"alignnone size-thumbnail wp-image-3566\" alt=\"Frick,HenSen_imbHK_DSC05877\" src=\"https:\/\/bureau-heuchel-klag.de\/kunsthaus\/wp-content\/uploads\/2016\/02\/FrickHenSen_imbHK_DSC05877-150x150.jpg\" width=\"150\" height=\"150\" \/><\/a> <a href=\"https:\/\/bureau-heuchel-klag.de\/kunsthaus\/wp-content\/uploads\/2016\/02\/HenSen_Hero_Foto_Frick_DSC05876.jpg\"><img loading=\"lazy\" decoding=\"async\" class=\"alignnone size-thumbnail wp-image-3569\" alt=\"HenSen_Hero_Foto_Frick_DSC05876\" src=\"https:\/\/bureau-heuchel-klag.de\/kunsthaus\/wp-content\/uploads\/2016\/02\/HenSen_Hero_Foto_Frick_DSC05876-150x150.jpg\" width=\"150\" height=\"150\" \/><\/a> <a href=\"https:\/\/bureau-heuchel-klag.de\/kunsthaus\/wp-content\/uploads\/2016\/02\/Plakate_bHK_Frick_DSC05902.jpg\"><\/a> <a href=\"https:\/\/bureau-heuchel-klag.de\/kunsthaus\/wp-content\/uploads\/2016\/02\/bHK_Foto_Frick_DSC06070.jpg\"><img loading=\"lazy\" decoding=\"async\" class=\"alignnone size-thumbnail wp-image-3563\" alt=\"bHK_Foto_Frick_DSC06070\" src=\"https:\/\/bureau-heuchel-klag.de\/kunsthaus\/wp-content\/uploads\/2016\/02\/bHK_Foto_Frick_DSC06070-150x150.jpg\" width=\"150\" height=\"150\" \/><\/a> <a href=\"https:\/\/bureau-heuchel-klag.de\/kunsthaus\/wp-content\/uploads\/2016\/02\/bHK_Foto_Frick_DSC06075.jpg\"><img loading=\"lazy\" decoding=\"async\" class=\"alignnone size-thumbnail wp-image-3564\" alt=\"bHK_Foto_Frick_DSC06075\" src=\"https:\/\/bureau-heuchel-klag.de\/kunsthaus\/wp-content\/uploads\/2016\/02\/bHK_Foto_Frick_DSC06075-150x150.jpg\" width=\"150\" height=\"150\" \/><\/a> <a href=\"https:\/\/bureau-heuchel-klag.de\/kunsthaus\/wp-content\/uploads\/2016\/02\/JonnyLasVegas_bHK_Foto_Frick_DSC06095.jpg\"><img loading=\"lazy\" decoding=\"async\" class=\"alignnone size-thumbnail wp-image-3570\" alt=\"JonnyLasVegas_bHK_Foto_Frick_DSC06095\" src=\"https:\/\/bureau-heuchel-klag.de\/kunsthaus\/wp-content\/uploads\/2016\/02\/JonnyLasVegas_bHK_Foto_Frick_DSC06095-150x150.jpg\" width=\"150\" height=\"150\" \/><\/a><br \/>\n(Fotos: Frick)<\/h6>\n<!-- PHP 5.x -->","protected":false},"excerpt":{"rendered":"<p>Im Kunsthaus des bHK wurden vom 11.07. bis 26.07.2015 unter dem Titel Moderne Mythen, Werke der K\u00fcnstler Herbie Erb, Christian Frick, Christian Heuchel, Oliver Jung, Gunter Klag, Miriam K\u00fchnel, Hen Sen, Mike \u00dcberall und J\u00fcrgen Zimmermann ausgestellt. Zur Vernissage gaben &#8222;Jonny Las Vegas&#8220; ein Freiluftkonzert. Fotos der Vernissage und der Ausstellung Moderne Mythen:<\/p>\n","protected":false},"author":1,"featured_media":0,"comment_status":"closed","ping_status":"closed","sticky":false,"template":"","format":"standard","meta":{"footnotes":""},"categories":[1,20],"tags":[],"class_list":["post-3558","post","type-post","status-publish","format-standard","hentry","category-alle-beitraege","category-ausstellungen"],"_links":{"self":[{"href":"https:\/\/bureau-heuchel-klag.de\/kunsthaus\/index.php?rest_route=\/wp\/v2\/posts\/3558","targetHints":{"allow":["GET"]}}],"collection":[{"href":"https:\/\/bureau-heuchel-klag.de\/kunsthaus\/index.php?rest_route=\/wp\/v2\/posts"}],"about":[{"href":"https:\/\/bureau-heuchel-klag.de\/kunsthaus\/index.php?rest_route=\/wp\/v2\/types\/post"}],"author":[{"embeddable":true,"href":"https:\/\/bureau-heuchel-klag.de\/kunsthaus\/index.php?rest_route=\/wp\/v2\/users\/1"}],"replies":[{"embeddable":true,"href":"https:\/\/bureau-heuchel-klag.de\/kunsthaus\/index.php?rest_route=%2Fwp%2Fv2%2Fcomments&post=3558"}],"version-history":[{"count":7,"href":"https:\/\/bureau-heuchel-klag.de\/kunsthaus\/index.php?rest_route=\/wp\/v2\/posts\/3558\/revisions"}],"predecessor-version":[{"id":3584,"href":"https:\/\/bureau-heuchel-klag.de\/kunsthaus\/index.php?rest_route=\/wp\/v2\/posts\/3558\/revisions\/3584"}],"wp:attachment":[{"href":"https:\/\/bureau-heuchel-klag.de\/kunsthaus\/index.php?rest_route=%2Fwp%2Fv2%2Fmedia&parent=3558"}],"wp:term":[{"taxonomy":"category","embeddable":true,"href":"https:\/\/bureau-heuchel-klag.de\/kunsthaus\/index.php?rest_route=%2Fwp%2Fv2%2Fcategories&post=3558"},{"taxonomy":"post_tag","embeddable":true,"href":"https:\/\/bureau-heuchel-klag.de\/kunsthaus\/index.php?rest_route=%2Fwp%2Fv2%2Ftags&post=3558"}],"curies":[{"name":"wp","href":"https:\/\/api.w.org\/{rel}","templated":true}]}}