{"id":3459,"date":"2015-07-01T16:38:12","date_gmt":"2015-07-01T16:38:12","guid":{"rendered":"http:\/\/www.bureau-heuchel-klag.de\/kunsthaus\/?p=3459"},"modified":"2016-02-06T14:31:22","modified_gmt":"2016-02-06T14:31:22","slug":"ausstellung-moderne-mythen","status":"publish","type":"post","link":"https:\/\/bureau-heuchel-klag.de\/kunsthaus\/?p=3459","title":{"rendered":"Ausstellung &#8222;Moderne Mythen&#8220;"},"content":{"rendered":"<h2><span style=\"color: #ff6600;\"><strong>Ausstellung von Sa. 11. Juli bis So. 26. Juli 2015<\/strong><\/span><\/h2>\n<p><a href=\"https:\/\/bureau-heuchel-klag.de\/kunsthaus\/wp-content\/uploads\/2014\/07\/bHK_ModerneMythen_Plakat_A2_web.jpg\"><img loading=\"lazy\" decoding=\"async\" class=\"alignnone  wp-image-3461\" alt=\"bHK_ModerneMythen_Plakat_A2_web\" src=\"https:\/\/bureau-heuchel-klag.de\/kunsthaus\/wp-content\/uploads\/2014\/07\/bHK_ModerneMythen_Plakat_A2_web.jpg\" width=\"491\" height=\"693\" srcset=\"https:\/\/bureau-heuchel-klag.de\/kunsthaus\/wp-content\/uploads\/2014\/07\/bHK_ModerneMythen_Plakat_A2_web.jpg 778w, https:\/\/bureau-heuchel-klag.de\/kunsthaus\/wp-content\/uploads\/2014\/07\/bHK_ModerneMythen_Plakat_A2_web-212x300.jpg 212w\" sizes=\"auto, (max-width: 491px) 100vw, 491px\" \/><\/a><\/p>\n<h2><strong>MODERNE MYTHEN<\/strong><\/h2>\n<p><b>Er\u00f6ffnung <\/b><br \/>\nmit <strong>\u201eJonny Las Vegas\u201c<\/strong> am <span style=\"color: #ff6600;\">Samstag 11.Juli 2015 um 20 Uhr<\/span><\/p>\n<p>Der Kultursommer 2015 bietet unter dem Motto \u201eHelden und Legenden\u201c ein perfektes Motto um einen modernen Mythos zu schaffen. Im Mittelpunkt der fiktiven Geschichte, die im Kunsthaus des bHK zu erleben ist, steht ein K\u00fcnstlerkollektiv und eine Band. \u00a0Eine Gruppe, die durch ihr jahrzehntelanges Engagement \u00fcber die regionalen Grenzen hinaus, zu Weltruhm gelangt ist. Ihre Werke haben entscheidenden Einfluss auf die internationale Kunstszene (Kunstforum), die Musikbranche (Melody Maker) und die allt\u00e4gliche Popkultur (Bravo). Die ausgestellten Filmaufnahmen, Interviews, historischen Photographien, Konzertmitschnitte und Ausstellungsplakate lassen die Grenzen zwischen Wahrheit und Erfindung f\u00fcr den Betrachter verschwimmen. Im Dialog mit der Ausstellung in den R\u00e4umen des Kunsthauses werden Geschichten dieser \u201eModernen Helden\u201c im Internet zelebriert. Eine Legendenbildung, die eine gro\u00dfe Offenheit im Umgang mit den k\u00fcnstlerischen Disziplinen erwarten l\u00e4sst.<\/p>\n<p><b>Teilnehmende K\u00fcnstler<\/b><\/p>\n<p>Herbie Erb, Christian Frick, Christian Heuchel, Oliver Jung, Gunter Klag, Miriam K\u00fchnel, Hen Sen, Mike \u00dcberall und J\u00fcrgen Zimmermann<\/p>\n<p><b>\u00d6ffnungszeiten <\/b><br \/>\nJeweils Samstag + Sonntag von 14 bis 19 Uhr<\/p>\n<p><a href=\"https:\/\/bureau-heuchel-klag.de\/kunsthaus\/wp-content\/uploads\/2015\/07\/bHK_Einlad_ModerneMythen_front_web.jpg\"><img loading=\"lazy\" decoding=\"async\" class=\"alignnone size-thumbnail wp-image-3494\" alt=\"bHK_Einlad_ModerneMythen_front_web\" src=\"https:\/\/bureau-heuchel-klag.de\/kunsthaus\/wp-content\/uploads\/2015\/07\/bHK_Einlad_ModerneMythen_front_web-150x150.jpg\" width=\"150\" height=\"150\" \/><\/a> <a href=\"https:\/\/bureau-heuchel-klag.de\/kunsthaus\/wp-content\/uploads\/2015\/07\/bHK_Einlad_ModerneMythen_r\u00fcck_S2_web.jpg\"><img loading=\"lazy\" decoding=\"async\" class=\"alignnone size-thumbnail wp-image-3495\" alt=\"bHK_Einlad_ModerneMythen_r\u00fcck_S2_web\" src=\"https:\/\/bureau-heuchel-klag.de\/kunsthaus\/wp-content\/uploads\/2015\/07\/bHK_Einlad_ModerneMythen_r\u00fcck_S2_web-150x150.jpg\" width=\"150\" height=\"150\" \/><\/a><\/p>\n<p>&nbsp;<\/p>\n<!-- PHP 5.x -->","protected":false},"excerpt":{"rendered":"<p>MODERNE MYTHEN &#8211; Der Kultursommer 2015 bietet unter dem Motto \u201eHelden und Legenden\u201c ein perfektes Motto um einen modernen Mythos zu schaffen. Im Mittelpunkt der fiktiven Geschichte, die im Kunsthaus des bHK zu erleben ist, steht ein K\u00fcnstlerkollektiv und eine Band&#8230;<\/p>\n","protected":false},"author":1,"featured_media":0,"comment_status":"closed","ping_status":"closed","sticky":false,"template":"","format":"standard","meta":{"footnotes":""},"categories":[1,20,21],"tags":[],"class_list":["post-3459","post","type-post","status-publish","format-standard","hentry","category-alle-beitraege","category-ausstellungen","category-einladungen"],"_links":{"self":[{"href":"https:\/\/bureau-heuchel-klag.de\/kunsthaus\/index.php?rest_route=\/wp\/v2\/posts\/3459","targetHints":{"allow":["GET"]}}],"collection":[{"href":"https:\/\/bureau-heuchel-klag.de\/kunsthaus\/index.php?rest_route=\/wp\/v2\/posts"}],"about":[{"href":"https:\/\/bureau-heuchel-klag.de\/kunsthaus\/index.php?rest_route=\/wp\/v2\/types\/post"}],"author":[{"embeddable":true,"href":"https:\/\/bureau-heuchel-klag.de\/kunsthaus\/index.php?rest_route=\/wp\/v2\/users\/1"}],"replies":[{"embeddable":true,"href":"https:\/\/bureau-heuchel-klag.de\/kunsthaus\/index.php?rest_route=%2Fwp%2Fv2%2Fcomments&post=3459"}],"version-history":[{"count":14,"href":"https:\/\/bureau-heuchel-klag.de\/kunsthaus\/index.php?rest_route=\/wp\/v2\/posts\/3459\/revisions"}],"predecessor-version":[{"id":3496,"href":"https:\/\/bureau-heuchel-klag.de\/kunsthaus\/index.php?rest_route=\/wp\/v2\/posts\/3459\/revisions\/3496"}],"wp:attachment":[{"href":"https:\/\/bureau-heuchel-klag.de\/kunsthaus\/index.php?rest_route=%2Fwp%2Fv2%2Fmedia&parent=3459"}],"wp:term":[{"taxonomy":"category","embeddable":true,"href":"https:\/\/bureau-heuchel-klag.de\/kunsthaus\/index.php?rest_route=%2Fwp%2Fv2%2Fcategories&post=3459"},{"taxonomy":"post_tag","embeddable":true,"href":"https:\/\/bureau-heuchel-klag.de\/kunsthaus\/index.php?rest_route=%2Fwp%2Fv2%2Ftags&post=3459"}],"curies":[{"name":"wp","href":"https:\/\/api.w.org\/{rel}","templated":true}]}}