{"id":3359,"date":"2014-11-25T09:00:14","date_gmt":"2014-11-25T09:00:14","guid":{"rendered":"http:\/\/www.bureau-heuchel-klag.de\/kunsthaus\/?p=3359"},"modified":"2015-05-25T16:56:29","modified_gmt":"2015-05-25T16:56:29","slug":"landauer-pferde","status":"publish","type":"post","link":"https:\/\/bureau-heuchel-klag.de\/kunsthaus\/?p=3359","title":{"rendered":"\u201cLandauer Pferde\u201d"},"content":{"rendered":"<p><strong>\u201cLandauer Pferde\u201d @ artpropan<\/strong><\/p>\n<p>Die Idee zu dem Projekt \u201cLandauer Pferde\u201d entstand im Rahmen der Ortsbesichtigung des Gel\u00e4ndes auf dem die Landesgartenschau 2015 stattfinden soll. Auf dem ehemaligen Kasernengel\u00e4nde befinden sich einige alte Geb\u00e4ude, die von der milit\u00e4rischen Geschichte Landaus \u201eberichten\u201c.<\/p>\n<p><a href=\"https:\/\/bureau-heuchel-klag.de\/kunsthaus\/wp-content\/uploads\/2014\/11\/kotzende_pferde_G.Klag2007_web.jpg\"><img loading=\"lazy\" decoding=\"async\" class=\"alignnone  wp-image-3366\" alt=\"kotzende_pferde_G.Klag2007_web\" src=\"https:\/\/bureau-heuchel-klag.de\/kunsthaus\/wp-content\/uploads\/2014\/11\/kotzende_pferde_G.Klag2007_web-150x150.jpg\" width=\"120\" height=\"120\" \/><\/a><a href=\"https:\/\/bureau-heuchel-klag.de\/kunsthaus\/wp-content\/uploads\/2014\/11\/schattenreiter2_Hensen2014_web.jpg\"><img loading=\"lazy\" decoding=\"async\" class=\"alignnone  wp-image-3367\" alt=\"schattenreiter2_Hensen2014_web\" src=\"https:\/\/bureau-heuchel-klag.de\/kunsthaus\/wp-content\/uploads\/2014\/11\/schattenreiter2_Hensen2014_web-150x150.jpg\" width=\"120\" height=\"120\" \/><\/a><\/p>\n<p>Fotos: Eingereichte Entw\u00fcrfe der K\u00fcnstler Gunter Klag, Bellheim und Hen sen, Karlsruhe<\/p>\n<p><strong>Weitere Informationen zum Projekt:<\/strong><\/p>\n<p><a title=\"landauer-pferde.artpropan.de\" href=\"http:\/\/landauer-pferde.artpropan.de\/\" target=\"_blank\">http:\/\/landauer-pferde.artpropan.de\/<\/a><\/p>\n<p>&nbsp;<\/p>\n<!-- PHP 5.x -->","protected":false},"excerpt":{"rendered":"<p>Die Idee zu dem Projekt \u201cLandauer Pferde\u201d entstand im Rahmen der Ortsbesichtigung des Gel\u00e4ndes auf dem die Landesgartenschau 2015 stattfinden soll. Auf dem ehemaligen Kasernengel\u00e4nde befinden sich einige alte Geb\u00e4ude, die von der milit\u00e4rischen Geschichte Landaus \u201eberichten\u201c&#8230;<\/p>\n","protected":false},"author":1,"featured_media":0,"comment_status":"closed","ping_status":"closed","sticky":false,"template":"","format":"standard","meta":{"footnotes":""},"categories":[1,22],"tags":[],"class_list":["post-3359","post","type-post","status-publish","format-standard","hentry","category-alle-beitraege","category-verschiedenes"],"_links":{"self":[{"href":"https:\/\/bureau-heuchel-klag.de\/kunsthaus\/index.php?rest_route=\/wp\/v2\/posts\/3359","targetHints":{"allow":["GET"]}}],"collection":[{"href":"https:\/\/bureau-heuchel-klag.de\/kunsthaus\/index.php?rest_route=\/wp\/v2\/posts"}],"about":[{"href":"https:\/\/bureau-heuchel-klag.de\/kunsthaus\/index.php?rest_route=\/wp\/v2\/types\/post"}],"author":[{"embeddable":true,"href":"https:\/\/bureau-heuchel-klag.de\/kunsthaus\/index.php?rest_route=\/wp\/v2\/users\/1"}],"replies":[{"embeddable":true,"href":"https:\/\/bureau-heuchel-klag.de\/kunsthaus\/index.php?rest_route=%2Fwp%2Fv2%2Fcomments&post=3359"}],"version-history":[{"count":6,"href":"https:\/\/bureau-heuchel-klag.de\/kunsthaus\/index.php?rest_route=\/wp\/v2\/posts\/3359\/revisions"}],"predecessor-version":[{"id":3379,"href":"https:\/\/bureau-heuchel-klag.de\/kunsthaus\/index.php?rest_route=\/wp\/v2\/posts\/3359\/revisions\/3379"}],"wp:attachment":[{"href":"https:\/\/bureau-heuchel-klag.de\/kunsthaus\/index.php?rest_route=%2Fwp%2Fv2%2Fmedia&parent=3359"}],"wp:term":[{"taxonomy":"category","embeddable":true,"href":"https:\/\/bureau-heuchel-klag.de\/kunsthaus\/index.php?rest_route=%2Fwp%2Fv2%2Fcategories&post=3359"},{"taxonomy":"post_tag","embeddable":true,"href":"https:\/\/bureau-heuchel-klag.de\/kunsthaus\/index.php?rest_route=%2Fwp%2Fv2%2Ftags&post=3359"}],"curies":[{"name":"wp","href":"https:\/\/api.w.org\/{rel}","templated":true}]}}