{"id":3321,"date":"2014-09-20T20:42:31","date_gmt":"2014-09-20T20:42:31","guid":{"rendered":"http:\/\/www.bureau-heuchel-klag.de\/kunsthaus\/?p=3321"},"modified":"2016-02-25T23:08:04","modified_gmt":"2016-02-25T23:08:04","slug":"ausstellung-offene-ateliers-2014","status":"publish","type":"post","link":"https:\/\/bureau-heuchel-klag.de\/kunsthaus\/?p=3321","title":{"rendered":"Ausstellung &#8211; Offene Ateliers 2014"},"content":{"rendered":"<p>Hier finden sie Fotos der Ausstellung vom 13.09.2014 im Kunsthaus des bHK. Mit Werken von Christian Frick (K\u00fcnstler, Hagenbach), Christian Heuchel (K\u00fcnstler, K\u00f6ln), Gunter Klag (K\u00fcnstler, Bellheim), Hen Sen (K\u00fcnstler, Karlsruhe) und Mike \u00dcberall (K\u00fcnstler, Karlsruhe).<br \/>\n<a href=\"https:\/\/bureau-heuchel-klag.de\/kunsthaus\/wp-content\/uploads\/2014\/09\/bHK_Portraitmontage_v1_72dpi.jpg\"><img loading=\"lazy\" decoding=\"async\" class=\"alignnone wp-image-3261\" title=\"bHK-K\u00fcnstler: Klag - Hen Sen - Heuchel - Frick - \u00dcberall\" alt=\"\" src=\"https:\/\/bureau-heuchel-klag.de\/kunsthaus\/wp-content\/uploads\/2014\/09\/bHK_Portraitmontage_v1_72dpi.jpg\" width=\"672\" height=\"177\" srcset=\"https:\/\/bureau-heuchel-klag.de\/kunsthaus\/wp-content\/uploads\/2014\/09\/bHK_Portraitmontage_v1_72dpi.jpg 1400w, https:\/\/bureau-heuchel-klag.de\/kunsthaus\/wp-content\/uploads\/2014\/09\/bHK_Portraitmontage_v1_72dpi-300x78.jpg 300w, https:\/\/bureau-heuchel-klag.de\/kunsthaus\/wp-content\/uploads\/2014\/09\/bHK_Portraitmontage_v1_72dpi-1200x315.jpg 1200w\" sizes=\"auto, (max-width: 672px) 100vw, 672px\" \/><\/a><br \/>\n<a href=\"https:\/\/bureau-heuchel-klag.de\/kunsthaus\/wp-content\/uploads\/2014\/10\/DSC04964.jpg\"><img loading=\"lazy\" decoding=\"async\" class=\"alignnone  wp-image-3322\" title=\"DSC04964_bHK Konzert 2014\" alt=\"\" src=\"https:\/\/bureau-heuchel-klag.de\/kunsthaus\/wp-content\/uploads\/2014\/10\/DSC04964-150x150.jpg\" width=\"135\" height=\"135\" \/><\/a><a href=\"https:\/\/bureau-heuchel-klag.de\/kunsthaus\/wp-content\/uploads\/2014\/10\/DSC04966.jpg\"><img loading=\"lazy\" decoding=\"async\" class=\"alignnone  wp-image-3323\" title=\"DSC04966_Hen Sen + Christian Heuchel\" alt=\"\" src=\"https:\/\/bureau-heuchel-klag.de\/kunsthaus\/wp-content\/uploads\/2014\/10\/DSC04966-150x150.jpg\" width=\"135\" height=\"135\" \/><\/a><a href=\"https:\/\/bureau-heuchel-klag.de\/kunsthaus\/wp-content\/uploads\/2014\/10\/DSC04968.jpg\"><img loading=\"lazy\" decoding=\"async\" class=\"alignnone  wp-image-3324\" title=\"DSC04968_Hen Sen\" alt=\"\" src=\"https:\/\/bureau-heuchel-klag.de\/kunsthaus\/wp-content\/uploads\/2014\/10\/DSC04968-150x150.jpg\" width=\"135\" height=\"135\" \/><\/a><a href=\"https:\/\/bureau-heuchel-klag.de\/kunsthaus\/wp-content\/uploads\/2014\/10\/DSC04969.jpg\"><img loading=\"lazy\" decoding=\"async\" class=\"alignnone  wp-image-3325\" title=\"DSC04969_Hen Sen\" alt=\"\" src=\"https:\/\/bureau-heuchel-klag.de\/kunsthaus\/wp-content\/uploads\/2014\/10\/DSC04969-150x150.jpg\" width=\"135\" height=\"135\" \/><\/a><a href=\"https:\/\/bureau-heuchel-klag.de\/kunsthaus\/wp-content\/uploads\/2014\/10\/DSC04970.jpg\"><img loading=\"lazy\" decoding=\"async\" class=\"alignnone  wp-image-3326\" title=\"DSC04970_Hen Sen\" alt=\"\" src=\"https:\/\/bureau-heuchel-klag.de\/kunsthaus\/wp-content\/uploads\/2014\/10\/DSC04970-150x150.jpg\" width=\"135\" height=\"135\" \/><\/a><a href=\"https:\/\/bureau-heuchel-klag.de\/kunsthaus\/wp-content\/uploads\/2014\/10\/DSC04974.jpg\"><img loading=\"lazy\" decoding=\"async\" class=\"alignnone  wp-image-3327\" title=\"DSC04974_Gunter Klag\" alt=\"\" src=\"https:\/\/bureau-heuchel-klag.de\/kunsthaus\/wp-content\/uploads\/2014\/10\/DSC04974-150x150.jpg\" width=\"135\" height=\"135\" \/><\/a><a href=\"https:\/\/bureau-heuchel-klag.de\/kunsthaus\/wp-content\/uploads\/2014\/10\/DSC04976.jpg\"><img loading=\"lazy\" decoding=\"async\" class=\"alignnone  wp-image-3328\" title=\"DSC04976_Hen Sen\" alt=\"\" src=\"https:\/\/bureau-heuchel-klag.de\/kunsthaus\/wp-content\/uploads\/2014\/10\/DSC04976-150x150.jpg\" width=\"135\" height=\"135\" \/><\/a><a href=\"https:\/\/bureau-heuchel-klag.de\/kunsthaus\/wp-content\/uploads\/2014\/10\/DSC04977.jpg\"><img loading=\"lazy\" decoding=\"async\" class=\"alignnone  wp-image-3329\" title=\"DSC04977_Hen Sen + Mike \u00dcberall\" alt=\"\" src=\"https:\/\/bureau-heuchel-klag.de\/kunsthaus\/wp-content\/uploads\/2014\/10\/DSC04977-150x150.jpg\" width=\"135\" height=\"135\" \/><\/a><a href=\"https:\/\/bureau-heuchel-klag.de\/kunsthaus\/wp-content\/uploads\/2014\/10\/DSC04978.jpg\"><img loading=\"lazy\" decoding=\"async\" class=\"alignnone  wp-image-3330\" title=\"DSC04978_Hen Sen\" alt=\"\" src=\"https:\/\/bureau-heuchel-klag.de\/kunsthaus\/wp-content\/uploads\/2014\/10\/DSC04978-150x150.jpg\" width=\"135\" height=\"135\" \/><\/a><a href=\"https:\/\/bureau-heuchel-klag.de\/kunsthaus\/wp-content\/uploads\/2014\/10\/DSC04979.jpg\"><img loading=\"lazy\" decoding=\"async\" class=\"alignnone  wp-image-3331\" title=\"DSC04979_Christian Heuchel\" alt=\"\" src=\"https:\/\/bureau-heuchel-klag.de\/kunsthaus\/wp-content\/uploads\/2014\/10\/DSC04979-150x150.jpg\" width=\"135\" height=\"135\" \/><\/a><a href=\"https:\/\/bureau-heuchel-klag.de\/kunsthaus\/wp-content\/uploads\/2014\/10\/DSC04980.jpg\"><img loading=\"lazy\" decoding=\"async\" class=\"alignnone  wp-image-3332\" title=\"DSC04980_Mike \u00dcberall\" alt=\"\" src=\"https:\/\/bureau-heuchel-klag.de\/kunsthaus\/wp-content\/uploads\/2014\/10\/DSC04980-150x150.jpg\" width=\"135\" height=\"135\" \/><\/a><a href=\"https:\/\/bureau-heuchel-klag.de\/kunsthaus\/wp-content\/uploads\/2014\/10\/DSC04981.jpg\"><img loading=\"lazy\" decoding=\"async\" class=\"alignnone  wp-image-3333\" title=\"DSC04981_Mike \u00dcberall\" alt=\"\" src=\"https:\/\/bureau-heuchel-klag.de\/kunsthaus\/wp-content\/uploads\/2014\/10\/DSC04981-150x150.jpg\" width=\"135\" height=\"135\" \/><\/a><a href=\"https:\/\/bureau-heuchel-klag.de\/kunsthaus\/wp-content\/uploads\/2014\/10\/DSC04983.jpg\"><img loading=\"lazy\" decoding=\"async\" class=\"alignnone  wp-image-3334\" title=\"DSC04983_Mike \u00dcberall\" alt=\"\" src=\"https:\/\/bureau-heuchel-klag.de\/kunsthaus\/wp-content\/uploads\/2014\/10\/DSC04983-150x150.jpg\" width=\"135\" height=\"135\" \/><\/a><a href=\"https:\/\/bureau-heuchel-klag.de\/kunsthaus\/wp-content\/uploads\/2014\/10\/DSC04984.jpg\"><img loading=\"lazy\" decoding=\"async\" class=\"alignnone  wp-image-3335\" title=\"DSC04984_Hen Sen\" alt=\"\" src=\"https:\/\/bureau-heuchel-klag.de\/kunsthaus\/wp-content\/uploads\/2014\/10\/DSC04984-150x150.jpg\" width=\"135\" height=\"135\" \/><\/a><a href=\"https:\/\/bureau-heuchel-klag.de\/kunsthaus\/wp-content\/uploads\/2014\/10\/DSC04987.jpg\"><img loading=\"lazy\" decoding=\"async\" class=\"alignnone  wp-image-3336\" title=\"DSC04987_Hen Sen\" alt=\"\" src=\"https:\/\/bureau-heuchel-klag.de\/kunsthaus\/wp-content\/uploads\/2014\/10\/DSC04987-150x150.jpg\" width=\"135\" height=\"135\" \/><\/a><a href=\"https:\/\/bureau-heuchel-klag.de\/kunsthaus\/wp-content\/uploads\/2014\/10\/DSC04989.jpg\"><img loading=\"lazy\" decoding=\"async\" class=\"alignnone  wp-image-3337\" title=\"DSC04989_Christian Heuchel\" alt=\"\" src=\"https:\/\/bureau-heuchel-klag.de\/kunsthaus\/wp-content\/uploads\/2014\/10\/DSC04989-150x150.jpg\" width=\"135\" height=\"135\" \/><\/a><a href=\"https:\/\/bureau-heuchel-klag.de\/kunsthaus\/wp-content\/uploads\/2014\/10\/DSC04990.jpg\"><img loading=\"lazy\" decoding=\"async\" class=\"alignnone  wp-image-3338\" title=\"DSC04990_Christian Heuchel\" alt=\"\" src=\"https:\/\/bureau-heuchel-klag.de\/kunsthaus\/wp-content\/uploads\/2014\/10\/DSC04990-150x150.jpg\" width=\"135\" height=\"135\" \/><\/a><a href=\"https:\/\/bureau-heuchel-klag.de\/kunsthaus\/wp-content\/uploads\/2014\/10\/DSC04995.jpg\"><img loading=\"lazy\" decoding=\"async\" class=\"alignnone  wp-image-3339\" title=\"DSC04995_Christian Frick\" alt=\"\" src=\"https:\/\/bureau-heuchel-klag.de\/kunsthaus\/wp-content\/uploads\/2014\/10\/DSC04995-150x150.jpg\" width=\"135\" height=\"135\" \/><\/a><a href=\"https:\/\/bureau-heuchel-klag.de\/kunsthaus\/wp-content\/uploads\/2014\/10\/DSC04996.jpg\"><img loading=\"lazy\" decoding=\"async\" class=\"alignnone  wp-image-3340\" title=\"DSC04996_Christian Frick\" alt=\"\" src=\"https:\/\/bureau-heuchel-klag.de\/kunsthaus\/wp-content\/uploads\/2014\/10\/DSC04996-150x150.jpg\" width=\"135\" height=\"135\" \/><\/a><br \/>\n<em>(Fotos: Frick)<\/em><\/p>\n<!-- PHP 5.x -->","protected":false},"excerpt":{"rendered":"<p>Hier finden sie Fotos der Ausstellung vom 13.09.2014 im Kunsthaus des bHK. Mit Werken von Christian Frick (K\u00fcnstler, Hagenbach), Christian Heuchel (K\u00fcnstler, K\u00f6ln), Gunter Klag (K\u00fcnstler, Bellheim), Hen Sen (K\u00fcnstler, Karlsruhe) und Mike \u00dcberall (K\u00fcnstler, Karlsruhe)&#8230;<\/p>\n","protected":false},"author":1,"featured_media":0,"comment_status":"closed","ping_status":"closed","sticky":false,"template":"","format":"standard","meta":{"footnotes":""},"categories":[1,20],"tags":[],"class_list":["post-3321","post","type-post","status-publish","format-standard","hentry","category-alle-beitraege","category-ausstellungen"],"_links":{"self":[{"href":"https:\/\/bureau-heuchel-klag.de\/kunsthaus\/index.php?rest_route=\/wp\/v2\/posts\/3321","targetHints":{"allow":["GET"]}}],"collection":[{"href":"https:\/\/bureau-heuchel-klag.de\/kunsthaus\/index.php?rest_route=\/wp\/v2\/posts"}],"about":[{"href":"https:\/\/bureau-heuchel-klag.de\/kunsthaus\/index.php?rest_route=\/wp\/v2\/types\/post"}],"author":[{"embeddable":true,"href":"https:\/\/bureau-heuchel-klag.de\/kunsthaus\/index.php?rest_route=\/wp\/v2\/users\/1"}],"replies":[{"embeddable":true,"href":"https:\/\/bureau-heuchel-klag.de\/kunsthaus\/index.php?rest_route=%2Fwp%2Fv2%2Fcomments&post=3321"}],"version-history":[{"count":8,"href":"https:\/\/bureau-heuchel-klag.de\/kunsthaus\/index.php?rest_route=\/wp\/v2\/posts\/3321\/revisions"}],"predecessor-version":[{"id":3621,"href":"https:\/\/bureau-heuchel-klag.de\/kunsthaus\/index.php?rest_route=\/wp\/v2\/posts\/3321\/revisions\/3621"}],"wp:attachment":[{"href":"https:\/\/bureau-heuchel-klag.de\/kunsthaus\/index.php?rest_route=%2Fwp%2Fv2%2Fmedia&parent=3321"}],"wp:term":[{"taxonomy":"category","embeddable":true,"href":"https:\/\/bureau-heuchel-klag.de\/kunsthaus\/index.php?rest_route=%2Fwp%2Fv2%2Fcategories&post=3321"},{"taxonomy":"post_tag","embeddable":true,"href":"https:\/\/bureau-heuchel-klag.de\/kunsthaus\/index.php?rest_route=%2Fwp%2Fv2%2Ftags&post=3321"}],"curies":[{"name":"wp","href":"https:\/\/api.w.org\/{rel}","templated":true}]}}