{"id":3312,"date":"2014-09-09T20:15:24","date_gmt":"2014-09-09T20:15:24","guid":{"rendered":"http:\/\/www.bureau-heuchel-klag.de\/kunsthaus\/?p=3312"},"modified":"2014-10-13T22:45:14","modified_gmt":"2014-10-13T22:45:14","slug":"stadtplastik-form-der-grosse-das-nachste-koln","status":"publish","type":"post","link":"https:\/\/bureau-heuchel-klag.de\/kunsthaus\/?p=3312","title":{"rendered":"STADTPLASTIK &#8211; Form der Gr\u00f6sse, das n\u00e4chste K\u00f6ln"},"content":{"rendered":"<p><a href=\"https:\/\/bureau-heuchel-klag.de\/kunsthaus\/wp-content\/uploads\/2014\/09\/Stadtplastik.jpg\"><img loading=\"lazy\" decoding=\"async\" class=\"alignnone  wp-image-3313\" title=\"Stadtplastik\" src=\"https:\/\/bureau-heuchel-klag.de\/kunsthaus\/wp-content\/uploads\/2014\/09\/Stadtplastik.jpg\" alt=\"\" width=\"542\" height=\"256\" srcset=\"https:\/\/bureau-heuchel-klag.de\/kunsthaus\/wp-content\/uploads\/2014\/09\/Stadtplastik.jpg 1844w, https:\/\/bureau-heuchel-klag.de\/kunsthaus\/wp-content\/uploads\/2014\/09\/Stadtplastik-300x141.jpg 300w, https:\/\/bureau-heuchel-klag.de\/kunsthaus\/wp-content\/uploads\/2014\/09\/Stadtplastik-1200x566.jpg 1200w\" sizes=\"auto, (max-width: 542px) 100vw, 542px\" \/><\/a><br \/>\nEINLADUNG<br \/>\nwir laden Sie herzlich ein unsere manifestative Arbeit anl\u00e4sslich des plan14-parcours zu erkunden.<br \/>\nEin skulpturaler Masterplan f\u00fcr die europ\u00e4ische Stadt K\u00f6ln.<\/p>\n<p><a title=\"http:\/\/www.stadtplastik.de\" href=\"http:\/\/www.stadtplastik.de\" target=\"_blank\"><strong>STADTPLASTIK<\/strong><br \/>\nForm der Gr\u00f6sse, das n\u00e4chste K\u00f6ln<\/a><br \/>\nDie Arbeit wird in einem Gespr\u00e4ch zwischen <strong>Martin Bachem<\/strong> und <strong>Christian Heuchel<\/strong> (O&amp;O Baukunst)<br \/>\nam Freitag, 19. Sept. 2014, um 20:30 Uhr<br \/>\nin der Marsil Hotel Galerie, Marsilstein 25, 50676 K\u00f6ln<br \/>\nbesprochen.<br \/>\nPl\u00e4ne, Perspektiven und Erl\u00e4uterungen zur Arbeit finden Sie ab dem 19. Sept. 2014 unter:<a title=\"www.stadtplastik.de\" href=\"http:\/\/www.stadtplastik.de\" target=\"_blank\"> www.stadtplastik.de<\/a><\/p>\n<!-- PHP 5.x -->","protected":false},"excerpt":{"rendered":"<p>STADTPLASTIK &#8211; Form der Gr\u00f6sse, das n\u00e4chste K\u00f6ln. EINLADUNG &#8211; Wir laden Sie herzlich ein unsere manifestative Arbeit anl\u00e4sslich des plan14-parcours zu erkunden&#8230;<\/p>\n","protected":false},"author":1,"featured_media":0,"comment_status":"closed","ping_status":"closed","sticky":false,"template":"","format":"standard","meta":{"footnotes":""},"categories":[1,4,22],"tags":[],"class_list":["post-3312","post","type-post","status-publish","format-standard","hentry","category-alle-beitraege","category-kunst-am-bau","category-verschiedenes"],"_links":{"self":[{"href":"https:\/\/bureau-heuchel-klag.de\/kunsthaus\/index.php?rest_route=\/wp\/v2\/posts\/3312","targetHints":{"allow":["GET"]}}],"collection":[{"href":"https:\/\/bureau-heuchel-klag.de\/kunsthaus\/index.php?rest_route=\/wp\/v2\/posts"}],"about":[{"href":"https:\/\/bureau-heuchel-klag.de\/kunsthaus\/index.php?rest_route=\/wp\/v2\/types\/post"}],"author":[{"embeddable":true,"href":"https:\/\/bureau-heuchel-klag.de\/kunsthaus\/index.php?rest_route=\/wp\/v2\/users\/1"}],"replies":[{"embeddable":true,"href":"https:\/\/bureau-heuchel-klag.de\/kunsthaus\/index.php?rest_route=%2Fwp%2Fv2%2Fcomments&post=3312"}],"version-history":[{"count":8,"href":"https:\/\/bureau-heuchel-klag.de\/kunsthaus\/index.php?rest_route=\/wp\/v2\/posts\/3312\/revisions"}],"predecessor-version":[{"id":3316,"href":"https:\/\/bureau-heuchel-klag.de\/kunsthaus\/index.php?rest_route=\/wp\/v2\/posts\/3312\/revisions\/3316"}],"wp:attachment":[{"href":"https:\/\/bureau-heuchel-klag.de\/kunsthaus\/index.php?rest_route=%2Fwp%2Fv2%2Fmedia&parent=3312"}],"wp:term":[{"taxonomy":"category","embeddable":true,"href":"https:\/\/bureau-heuchel-klag.de\/kunsthaus\/index.php?rest_route=%2Fwp%2Fv2%2Fcategories&post=3312"},{"taxonomy":"post_tag","embeddable":true,"href":"https:\/\/bureau-heuchel-klag.de\/kunsthaus\/index.php?rest_route=%2Fwp%2Fv2%2Ftags&post=3312"}],"curies":[{"name":"wp","href":"https:\/\/api.w.org\/{rel}","templated":true}]}}