{"id":3257,"date":"2014-09-01T16:04:50","date_gmt":"2014-09-01T16:04:50","guid":{"rendered":"http:\/\/www.bureau-heuchel-klag.de\/kunsthaus\/?p=3257"},"modified":"2014-10-13T21:07:05","modified_gmt":"2014-10-13T21:07:05","slug":"offene-ateliers-2014","status":"publish","type":"post","link":"https:\/\/bureau-heuchel-klag.de\/kunsthaus\/?p=3257","title":{"rendered":"OFFENE ATELIERS 2014"},"content":{"rendered":"<p><strong>OFFENE ATELIERS 2014<\/strong><br \/>\nAusstellung im Kunsthaus des bHK in Bellheim<br \/>\n<span style=\"color: #ff6600;\">Sa., 13.09.2014 bis So., 14.09.2014,\u00a0 jeweils 14 bis 19 Uhr<\/span><\/p>\n<p><strong>Er\u00f6ffnung mit Konzert <\/strong><br \/>\n<span style=\"color: #ff6600;\">Sa., 13.09.2014 um 19 Uhr<\/span> mit dem Trio <strong>\u201e\u00dcberall &amp; Nirgends\u201c<\/strong> (Herbie Erb, Oliver Jung und Mike \u00dcberall).<\/p>\n<p>Das Kunsthaus des bHK in Bellheim beteiligt sich auch in diesem Jahr an der landesweiten Aktion \u201eOffene Ateliers\u201c in Rheinland-Pfalz.<\/p>\n<h5>\u201eMit den Offenen Ateliers wollen wir etwas aufbereiten, das in der heutigen Kunstdiskussion leider in den Hintergrund geraten ist. Das autonome Kunstwerk. Ein Blick auf das Werk verhie\u00df dem Kenner und dem Laien neue Welterkenntnis. Man war seit dem 17. Jahrhundert daran gew\u00f6hnt, f\u00fcr diesen Moment anzustehen. So markierte die kilometerlange Besucherschlange vor dem Louvre im Jahr 1793 die Ankunft eines lang erwartenden Meisterwerks: \u201eDer Tod des Marat\u201c von Jacques-Louis David wurde endlich der Pariser \u00d6ffentlichkeit pr\u00e4sentiert.<br \/>\nDie Geduld war Garant f\u00fcr die Teilhabe an dem magischen Moment und erlaubte, das \u201eMonstr\u00f6se\u201c endlich zu sehen.\u201c Christian Heuchel<\/h5>\n<p><a href=\"https:\/\/bureau-heuchel-klag.de\/kunsthaus\/wp-content\/uploads\/2014\/09\/bHK_Portraitmontage_v1_72dpi.jpg\"><img loading=\"lazy\" decoding=\"async\" class=\"alignnone  wp-image-3261\" title=\"bHK K\u00fcnstler 2014\" src=\"https:\/\/bureau-heuchel-klag.de\/kunsthaus\/wp-content\/uploads\/2014\/09\/bHK_Portraitmontage_v1_72dpi.jpg\" alt=\"\" width=\"686\" height=\"181\" srcset=\"https:\/\/bureau-heuchel-klag.de\/kunsthaus\/wp-content\/uploads\/2014\/09\/bHK_Portraitmontage_v1_72dpi.jpg 1400w, https:\/\/bureau-heuchel-klag.de\/kunsthaus\/wp-content\/uploads\/2014\/09\/bHK_Portraitmontage_v1_72dpi-300x78.jpg 300w, https:\/\/bureau-heuchel-klag.de\/kunsthaus\/wp-content\/uploads\/2014\/09\/bHK_Portraitmontage_v1_72dpi-1200x315.jpg 1200w\" sizes=\"auto, (max-width: 686px) 100vw, 686px\" \/><\/a><br \/>\nDas Kunsthaus des bHK in Bellheim ist erneut Plattform f\u00fcr den Austausch interessanter Positionen der Kunst. In diesem Jahr beteiligt sind: Christian Frick (K\u00fcnstler, Hagenbach), Christian Heuchel (K\u00fcnstler, K\u00f6ln), Gunter Klag (K\u00fcnstler, Bellheim), Hen Sen (K\u00fcnstler, Karlsruhe) und Mike \u00dcberall (K\u00fcnstler, Karlsruhe).<\/p>\n<p><strong>\u00d6ffnungszeiten<\/strong><br \/>\nSa., 13.09.2014, 14 bis 19 Uhr<br \/>\nSo., 14.09.2014, 14 bis 19 Uhr<\/p>\n<p>F\u00fcr weitere Informationen wenden Sie sich bitte an:<\/p>\n<p><strong>Kunsthaus des bHK <\/strong><br \/>\nHauptstra\u00dfe 129, 76756 Bellheim<br \/>\nTel.: 0177-5620479<br \/>\ninfo@bureau-heuchel-klag.de<\/p>\n<!-- PHP 5.x -->","protected":false},"excerpt":{"rendered":"<p>OFFENE ATELIERS 2014 &#8211; Ausstellung im Kunsthaus des bHK in Bellheim. Das Kunsthaus des bHK beteiligt sich auch in diesem Jahr an der landesweiten Aktion \u201eOffene Ateliers\u201c in Rheinland-Pfalz &#8230;<\/p>\n","protected":false},"author":1,"featured_media":0,"comment_status":"closed","ping_status":"closed","sticky":false,"template":"","format":"standard","meta":{"footnotes":""},"categories":[1,20,21],"tags":[],"class_list":["post-3257","post","type-post","status-publish","format-standard","hentry","category-alle-beitraege","category-ausstellungen","category-einladungen"],"_links":{"self":[{"href":"https:\/\/bureau-heuchel-klag.de\/kunsthaus\/index.php?rest_route=\/wp\/v2\/posts\/3257","targetHints":{"allow":["GET"]}}],"collection":[{"href":"https:\/\/bureau-heuchel-klag.de\/kunsthaus\/index.php?rest_route=\/wp\/v2\/posts"}],"about":[{"href":"https:\/\/bureau-heuchel-klag.de\/kunsthaus\/index.php?rest_route=\/wp\/v2\/types\/post"}],"author":[{"embeddable":true,"href":"https:\/\/bureau-heuchel-klag.de\/kunsthaus\/index.php?rest_route=\/wp\/v2\/users\/1"}],"replies":[{"embeddable":true,"href":"https:\/\/bureau-heuchel-klag.de\/kunsthaus\/index.php?rest_route=%2Fwp%2Fv2%2Fcomments&post=3257"}],"version-history":[{"count":20,"href":"https:\/\/bureau-heuchel-klag.de\/kunsthaus\/index.php?rest_route=\/wp\/v2\/posts\/3257\/revisions"}],"predecessor-version":[{"id":3260,"href":"https:\/\/bureau-heuchel-klag.de\/kunsthaus\/index.php?rest_route=\/wp\/v2\/posts\/3257\/revisions\/3260"}],"wp:attachment":[{"href":"https:\/\/bureau-heuchel-klag.de\/kunsthaus\/index.php?rest_route=%2Fwp%2Fv2%2Fmedia&parent=3257"}],"wp:term":[{"taxonomy":"category","embeddable":true,"href":"https:\/\/bureau-heuchel-klag.de\/kunsthaus\/index.php?rest_route=%2Fwp%2Fv2%2Fcategories&post=3257"},{"taxonomy":"post_tag","embeddable":true,"href":"https:\/\/bureau-heuchel-klag.de\/kunsthaus\/index.php?rest_route=%2Fwp%2Fv2%2Ftags&post=3257"}],"curies":[{"name":"wp","href":"https:\/\/api.w.org\/{rel}","templated":true}]}}