{"id":3176,"date":"2014-06-28T09:37:36","date_gmt":"2014-06-28T09:37:36","guid":{"rendered":"http:\/\/www.bureau-heuchel-klag.de\/kunsthaus\/?p=3176"},"modified":"2014-07-17T19:03:14","modified_gmt":"2014-07-17T19:03:14","slug":"3176","status":"publish","type":"post","link":"https:\/\/bureau-heuchel-klag.de\/kunsthaus\/?p=3176","title":{"rendered":"Schm\u00fccken &#8211; Kunst am Haus &#8211; Studien von Mike \u00dcberall"},"content":{"rendered":"<p>Im Kultursommer 2014 wird Mike \u00dcberall eine Ellipse am Kunsthaus in Bellheim installieren.<\/p>\n<p>Ausstellung <strong>\u201cSchm\u00fccken \u2013 Kunst am Haus\u201d vom 12.07. bis 25.07.2014<\/strong><br \/>\n<a href=\"https:\/\/bureau-heuchel-klag.de\/kunsthaus\/wp-content\/uploads\/2014\/06\/mike_1.jpg\"><img loading=\"lazy\" decoding=\"async\" class=\"alignnone size-full wp-image-3177\" title=\"mike_1\" src=\"https:\/\/bureau-heuchel-klag.de\/kunsthaus\/wp-content\/uploads\/2014\/06\/mike_1.jpg\" alt=\"\" width=\"169\" height=\"238\" \/><\/a><a href=\"https:\/\/bureau-heuchel-klag.de\/kunsthaus\/wp-content\/uploads\/2014\/06\/mike_1.jpg\"><img loading=\"lazy\" decoding=\"async\" class=\"alignnone size-full wp-image-3177\" title=\"mike_1\" src=\"https:\/\/bureau-heuchel-klag.de\/kunsthaus\/wp-content\/uploads\/2014\/06\/mike_1.jpg\" alt=\"\" width=\"169\" height=\"238\" \/><\/a><a href=\"https:\/\/bureau-heuchel-klag.de\/kunsthaus\/wp-content\/uploads\/2014\/06\/mike_1.jpg\"><img loading=\"lazy\" decoding=\"async\" class=\"alignnone size-full wp-image-3177\" title=\"mike_1\" src=\"https:\/\/bureau-heuchel-klag.de\/kunsthaus\/wp-content\/uploads\/2014\/06\/mike_1.jpg\" alt=\"\" width=\"169\" height=\"238\" \/><\/a><br \/>\n\u201eTotal Recall\u201c Studien zur Wandarbeit, \u00d6l auf Leinwand, Mike \u00dcberall 2014<\/p>\n<!-- PHP 5.x -->","protected":false},"excerpt":{"rendered":"<p>Ausstellung im Kunsthaus des bHK in Bellheim am Sa. 12.07. 2014  bis So. 27.07.2014. Mike \u00dcberall fertigt erste Entw\u00fcrfe zu \u201eTotal Recall&#8220; 2014. Christian Frick zeigt die &#8222;Anatomie eines Bauschadens&#8220; in 2D und 3D&#8230;<\/p>\n","protected":false},"author":1,"featured_media":0,"comment_status":"closed","ping_status":"closed","sticky":false,"template":"","format":"standard","meta":{"footnotes":""},"categories":[1,20,25],"tags":[],"class_list":["post-3176","post","type-post","status-publish","format-standard","hentry","category-alle-beitraege","category-ausstellungen","category-kunst-am-haus"],"_links":{"self":[{"href":"https:\/\/bureau-heuchel-klag.de\/kunsthaus\/index.php?rest_route=\/wp\/v2\/posts\/3176","targetHints":{"allow":["GET"]}}],"collection":[{"href":"https:\/\/bureau-heuchel-klag.de\/kunsthaus\/index.php?rest_route=\/wp\/v2\/posts"}],"about":[{"href":"https:\/\/bureau-heuchel-klag.de\/kunsthaus\/index.php?rest_route=\/wp\/v2\/types\/post"}],"author":[{"embeddable":true,"href":"https:\/\/bureau-heuchel-klag.de\/kunsthaus\/index.php?rest_route=\/wp\/v2\/users\/1"}],"replies":[{"embeddable":true,"href":"https:\/\/bureau-heuchel-klag.de\/kunsthaus\/index.php?rest_route=%2Fwp%2Fv2%2Fcomments&post=3176"}],"version-history":[{"count":8,"href":"https:\/\/bureau-heuchel-klag.de\/kunsthaus\/index.php?rest_route=\/wp\/v2\/posts\/3176\/revisions"}],"predecessor-version":[{"id":3180,"href":"https:\/\/bureau-heuchel-klag.de\/kunsthaus\/index.php?rest_route=\/wp\/v2\/posts\/3176\/revisions\/3180"}],"wp:attachment":[{"href":"https:\/\/bureau-heuchel-klag.de\/kunsthaus\/index.php?rest_route=%2Fwp%2Fv2%2Fmedia&parent=3176"}],"wp:term":[{"taxonomy":"category","embeddable":true,"href":"https:\/\/bureau-heuchel-klag.de\/kunsthaus\/index.php?rest_route=%2Fwp%2Fv2%2Fcategories&post=3176"},{"taxonomy":"post_tag","embeddable":true,"href":"https:\/\/bureau-heuchel-klag.de\/kunsthaus\/index.php?rest_route=%2Fwp%2Fv2%2Ftags&post=3176"}],"curies":[{"name":"wp","href":"https:\/\/api.w.org\/{rel}","templated":true}]}}