{"id":2588,"date":"2006-04-15T21:23:47","date_gmt":"2006-04-15T21:23:47","guid":{"rendered":"http:\/\/www.bureau-heuchel-klag.de\/kunsthaus\/?p=2588"},"modified":"2013-01-30T21:37:34","modified_gmt":"2013-01-30T21:37:34","slug":"hommage-an-heine-und-schumann","status":"publish","type":"post","link":"https:\/\/bureau-heuchel-klag.de\/kunsthaus\/?p=2588","title":{"rendered":"Hommage an Heine und Schumann"},"content":{"rendered":"<p>Ausstellung im Kunsthaus des bHK Bellheim, Sa. 06.05.06 \u2013 So. 14.05.06<br \/>\nKultursommer Rheinland-Pfalz 2006 \u201eWelt-Meister\u201c<br \/>\n<a href=\"https:\/\/bureau-heuchel-klag.de\/kunsthaus\/wp-content\/uploads\/2013\/01\/Einladung_Homage_Heine_Schumann.gif\"><img loading=\"lazy\" decoding=\"async\" class=\"alignnone size-medium wp-image-2589\" title=\"Einladung_Homage_Heine_Schumann\" src=\"https:\/\/bureau-heuchel-klag.de\/kunsthaus\/wp-content\/uploads\/2013\/01\/Einladung_Homage_Heine_Schumann-223x300.gif\" alt=\"\" width=\"223\" height=\"300\" srcset=\"https:\/\/bureau-heuchel-klag.de\/kunsthaus\/wp-content\/uploads\/2013\/01\/Einladung_Homage_Heine_Schumann-223x300.gif 223w, https:\/\/bureau-heuchel-klag.de\/kunsthaus\/wp-content\/uploads\/2013\/01\/Einladung_Homage_Heine_Schumann.gif 400w\" sizes=\"auto, (max-width: 223px) 100vw, 223px\" \/><\/a><a href=\"https:\/\/bureau-heuchel-klag.de\/kunsthaus\/wp-content\/uploads\/2013\/01\/Buch_Heine_Schumann.jpg\"><img loading=\"lazy\" decoding=\"async\" class=\"alignnone size-thumbnail wp-image-2590\" title=\"Buch_Heine_Schumann\" src=\"https:\/\/bureau-heuchel-klag.de\/kunsthaus\/wp-content\/uploads\/2013\/01\/Buch_Heine_Schumann-150x150.jpg\" alt=\"\" width=\"150\" height=\"150\" \/><\/a><br \/>\n<strong>Hommage an Heinrich Heine und Robert Schumann<\/strong><br \/>\nDem 150. Todestag zweier herausragender K\u00fcnstler wird in diesem Jahr gedacht: Heinrich Heine und Robert Schumann. Der Dichter und der Komponist schrieben beide auf eigene Weise deutsche Kulturgeschichte. F\u00fcr die Entwicklung der Romantik sind sie von unterschiedlicher Bedeutung. Nur ein einziges Mal begegneten sie sich pers\u00f6nlich. Beider Leben und Schaffen sind jedoch eng miteinander verkn\u00fcpft. Ber\u00fchmte Schnittstelle ihres Wirkens sind 40 Lieder, die Schumann zu Versen Heines komponierte.<\/p>\n<p>Gerade die \u00dcberg\u00e4nge zwischen Literatur, Musik und bildender Kunst r\u00fcckt diese intermediale Hommage in den Vordergrund. Zeitgen\u00f6ssische K\u00fcnstler setzen sich unkonventionell mit dem sprachlichen und musikalischen Erbe der beiden Genies auseinander. Mitwirkende K\u00fcnstler sind Thomas Ruch, Werner Laubscher, Mike \u00dcberall, Gunter Klag, Andreas Kohm, Thomas Salzmann und Christian Heuchel.<\/p>\n<p><strong>Zur Er\u00f6ffnung am Samstag, 6. Mai 2006 ab 19 Uhr<br \/>\nfindet eine Buchpr\u00e4sentation mit Lesung statt.<\/strong><\/p>\n<p>&nbsp;<\/p>\n<p><strong>Ausstellungsdauer<\/strong><br \/>\n6. Mai \u2013 7. Mai 2006 16\u201322 Uhr<br \/>\n13. Mai \u201314. Mai 2006 16\u201322 Uhr<br \/>\nund nach Vereinbarung<br \/>\nmit freundlicher Unterst\u00fctzung des Kultursommers Rheinland-Pfalz<img loading=\"lazy\" decoding=\"async\" class=\"size-full wp-image-2591 alignnone\" title=\"Kultursommer\" src=\"https:\/\/bureau-heuchel-klag.de\/kunsthaus\/wp-content\/uploads\/2013\/01\/Kultursommer_grey.gif\" alt=\"\" width=\"75\" height=\"87\" \/><\/p>\n<!-- PHP 5.x -->","protected":false},"excerpt":{"rendered":"<p>Ausstellung im Kunsthaus des bHK Bellheim, Sa. 06.05.06 \u2013 So. 14.05.06. Kultursommer Rheinland-Pfalz 2006 \u201eWelt-Meister\u201c &#8230;<\/p>\n","protected":false},"author":1,"featured_media":0,"comment_status":"closed","ping_status":"closed","sticky":false,"template":"","format":"standard","meta":{"footnotes":""},"categories":[1,21,10],"tags":[],"class_list":["post-2588","post","type-post","status-publish","format-standard","hentry","category-alle-beitraege","category-einladungen","category-kuenstlerbuecher"],"_links":{"self":[{"href":"https:\/\/bureau-heuchel-klag.de\/kunsthaus\/index.php?rest_route=\/wp\/v2\/posts\/2588","targetHints":{"allow":["GET"]}}],"collection":[{"href":"https:\/\/bureau-heuchel-klag.de\/kunsthaus\/index.php?rest_route=\/wp\/v2\/posts"}],"about":[{"href":"https:\/\/bureau-heuchel-klag.de\/kunsthaus\/index.php?rest_route=\/wp\/v2\/types\/post"}],"author":[{"embeddable":true,"href":"https:\/\/bureau-heuchel-klag.de\/kunsthaus\/index.php?rest_route=\/wp\/v2\/users\/1"}],"replies":[{"embeddable":true,"href":"https:\/\/bureau-heuchel-klag.de\/kunsthaus\/index.php?rest_route=%2Fwp%2Fv2%2Fcomments&post=2588"}],"version-history":[{"count":7,"href":"https:\/\/bureau-heuchel-klag.de\/kunsthaus\/index.php?rest_route=\/wp\/v2\/posts\/2588\/revisions"}],"predecessor-version":[{"id":2598,"href":"https:\/\/bureau-heuchel-klag.de\/kunsthaus\/index.php?rest_route=\/wp\/v2\/posts\/2588\/revisions\/2598"}],"wp:attachment":[{"href":"https:\/\/bureau-heuchel-klag.de\/kunsthaus\/index.php?rest_route=%2Fwp%2Fv2%2Fmedia&parent=2588"}],"wp:term":[{"taxonomy":"category","embeddable":true,"href":"https:\/\/bureau-heuchel-klag.de\/kunsthaus\/index.php?rest_route=%2Fwp%2Fv2%2Fcategories&post=2588"},{"taxonomy":"post_tag","embeddable":true,"href":"https:\/\/bureau-heuchel-klag.de\/kunsthaus\/index.php?rest_route=%2Fwp%2Fv2%2Ftags&post=2588"}],"curies":[{"name":"wp","href":"https:\/\/api.w.org\/{rel}","templated":true}]}}