{"id":2448,"date":"2008-10-01T16:23:00","date_gmt":"2008-10-01T16:23:00","guid":{"rendered":"http:\/\/www.bureau-heuchel-klag.de\/kunsthaus\/?p=2448"},"modified":"2013-01-28T16:32:27","modified_gmt":"2013-01-28T16:32:27","slug":"mike-uberall-im-bhk","status":"publish","type":"post","link":"https:\/\/bureau-heuchel-klag.de\/kunsthaus\/?p=2448","title":{"rendered":"Mike \u00dcberall im bHK &#8211; \u00ab Ceci n&#8217;est pas une r\u00e9trospective \u00bb"},"content":{"rendered":"<p><strong><\/strong>Das Kunsthaus des bHK in Bellheim startet mit Mike \u00dcberall eine Ausstellungsreihe mit jungen K\u00fcnstlern aus der Region.<\/p>\n<p>Mike \u00dcberall zeigt in seiner Ausstellung<br \/>\n<strong><em>\u00ab Ceci n&#8217;est pas une r\u00e9trospective \u00bb<\/em><\/strong><br \/>\nZeichnungen und Malerei.<br \/>\nSein Kunstwerk \u201eSeest\u00fcck\u201c wird er an der Fassade des Hauses hinterlassen.<\/p>\n<p><a href=\"https:\/\/bureau-heuchel-klag.de\/kunsthaus\/wp-content\/uploads\/2008\/10\/einladungBHK-40jahre-mike_ueberall.jpg\"><img loading=\"lazy\" decoding=\"async\" class=\"alignnone size-medium wp-image-2452\" title=\"einladungBHK-40jahre-mike_ueberall\" src=\"https:\/\/bureau-heuchel-klag.de\/kunsthaus\/wp-content\/uploads\/2008\/10\/einladungBHK-40jahre-mike_ueberall-215x300.jpg\" alt=\"\" width=\"215\" height=\"300\" srcset=\"https:\/\/bureau-heuchel-klag.de\/kunsthaus\/wp-content\/uploads\/2008\/10\/einladungBHK-40jahre-mike_ueberall-215x300.jpg 215w, https:\/\/bureau-heuchel-klag.de\/kunsthaus\/wp-content\/uploads\/2008\/10\/einladungBHK-40jahre-mike_ueberall.jpg 591w\" sizes=\"auto, (max-width: 215px) 100vw, 215px\" \/><\/a><\/p>\n<p><strong>Er\u00f6ffnung der Ausstellung<\/strong><br \/>\nSa. 11.10.2008 19.00 Uhr<\/p>\n<p><strong>Konzert der Band Jonny Las Vegas<\/strong><br \/>\nSa. 18.10.2008 19.30 Uhr<\/p>\n<p><strong>\u00d6ffnungszeiten<\/strong><br \/>\nSo. 12.10.2008 14 \u2013 18 Uhr<br \/>\nSa. 18.10.2008 14 \u2013 21 Uhr<br \/>\nSo. 19.10.2008 14 \u2013 18 Uhr<\/p>\n<!-- PHP 5.x -->","protected":false},"excerpt":{"rendered":"<p>Das Kunsthaus des bHK in Bellheim startet mit Mike \u00dcberall eine Ausstellungsreihe mit jungen K\u00fcnstlern aus der Region. Mike \u00dcberall zeigt in seiner Ausstellung <strong><em>\u00ab Ceci n\u00b4est pas une r\u00e9trospective \u00bb<\/em><\/strong> &#8230;<\/p>\n","protected":false},"author":1,"featured_media":0,"comment_status":"closed","ping_status":"closed","sticky":false,"template":"","format":"standard","meta":{"footnotes":""},"categories":[1,20,21],"tags":[],"class_list":["post-2448","post","type-post","status-publish","format-standard","hentry","category-alle-beitraege","category-ausstellungen","category-einladungen"],"_links":{"self":[{"href":"https:\/\/bureau-heuchel-klag.de\/kunsthaus\/index.php?rest_route=\/wp\/v2\/posts\/2448","targetHints":{"allow":["GET"]}}],"collection":[{"href":"https:\/\/bureau-heuchel-klag.de\/kunsthaus\/index.php?rest_route=\/wp\/v2\/posts"}],"about":[{"href":"https:\/\/bureau-heuchel-klag.de\/kunsthaus\/index.php?rest_route=\/wp\/v2\/types\/post"}],"author":[{"embeddable":true,"href":"https:\/\/bureau-heuchel-klag.de\/kunsthaus\/index.php?rest_route=\/wp\/v2\/users\/1"}],"replies":[{"embeddable":true,"href":"https:\/\/bureau-heuchel-klag.de\/kunsthaus\/index.php?rest_route=%2Fwp%2Fv2%2Fcomments&post=2448"}],"version-history":[{"count":9,"href":"https:\/\/bureau-heuchel-klag.de\/kunsthaus\/index.php?rest_route=\/wp\/v2\/posts\/2448\/revisions"}],"predecessor-version":[{"id":2453,"href":"https:\/\/bureau-heuchel-klag.de\/kunsthaus\/index.php?rest_route=\/wp\/v2\/posts\/2448\/revisions\/2453"}],"wp:attachment":[{"href":"https:\/\/bureau-heuchel-klag.de\/kunsthaus\/index.php?rest_route=%2Fwp%2Fv2%2Fmedia&parent=2448"}],"wp:term":[{"taxonomy":"category","embeddable":true,"href":"https:\/\/bureau-heuchel-klag.de\/kunsthaus\/index.php?rest_route=%2Fwp%2Fv2%2Fcategories&post=2448"},{"taxonomy":"post_tag","embeddable":true,"href":"https:\/\/bureau-heuchel-klag.de\/kunsthaus\/index.php?rest_route=%2Fwp%2Fv2%2Ftags&post=2448"}],"curies":[{"name":"wp","href":"https:\/\/api.w.org\/{rel}","templated":true}]}}