{"id":2259,"date":"2009-05-11T09:09:29","date_gmt":"2009-05-11T09:09:29","guid":{"rendered":"http:\/\/www.bureau-heuchel-klag.de\/kunsthaus\/?p=2259"},"modified":"2012-10-21T09:24:27","modified_gmt":"2012-10-21T09:24:27","slug":"konferenz-das-uneingeloste-versprechen","status":"publish","type":"post","link":"https:\/\/bureau-heuchel-klag.de\/kunsthaus\/?p=2259","title":{"rendered":"Konferenz &#8222;Das uneingel\u00f6ste Versprechen&#8220;"},"content":{"rendered":"<p>&nbsp;<\/p>\n<p><strong>Konferenz &#8222;Das uneingel\u00f6ste Versprechen&#8220;<\/strong><\/p>\n<p>Kunstverein f.d. Rheinlande und Westfalen in D\u00fcsseldorf<\/p>\n<p>Diskussionsveranstaltung zur Stadtentwicklung am Beispiel der aktuellen Entscheidungen um das Terrain Dreischeibenhaus, Schauspielhaus, Tausendf\u00fc\u00dfler und K\u00f6bogen <strong>am Samstag, 16. Mai 2009, 19:00 Uhr.<\/strong><\/p>\n<blockquote><p>\u201eZur Zukunft eines Ensembles&#8220;<\/p><\/blockquote>\n<p>Prof. Juan Pablo Molestina, Molestina Architekten, K\u00f6ln<br \/>\nThomas Fenner, FSWLA Landschaftsarchitektur D\u00fcsseldorf<br \/>\nProf. Yvonne P. Doderer, Architektin, Stuttgart<br \/>\nVanessa Joan M\u00fcller, Direktorin Kunstverein f\u00fcr die Rheinlande und Westfalen<br \/>\nChristian Heuchel, rheinfl\u00fcgel \/ bHK, K\u00f6ln<br \/>\nChristoph Sch\u00e4fer, K\u00fcnstler \/ Park Fiction, Hamburg<br \/>\nMarkus Ambach, K\u00fcnstler \/ Projektautor, MAP<\/p>\n<p>Moderation: Frauke Burgdorff, Montag-Stiftung Urbane R\u00e4ume, Bonn<\/p>\n<p><a href=\"https:\/\/bureau-heuchel-klag.de\/kunsthaus\/wp-content\/uploads\/2012\/10\/89d7ef5b24.jpg\"><img loading=\"lazy\" decoding=\"async\" class=\"alignnone  wp-image-2260\" title=\"89d7ef5b24\" src=\"https:\/\/bureau-heuchel-klag.de\/kunsthaus\/wp-content\/uploads\/2012\/10\/89d7ef5b24.jpg\" alt=\"\" width=\"608\" height=\"406\" srcset=\"https:\/\/bureau-heuchel-klag.de\/kunsthaus\/wp-content\/uploads\/2012\/10\/89d7ef5b24.jpg 760w, https:\/\/bureau-heuchel-klag.de\/kunsthaus\/wp-content\/uploads\/2012\/10\/89d7ef5b24-300x200.jpg 300w\" sizes=\"auto, (max-width: 608px) 100vw, 608px\" \/><\/a><\/p>\n<p>Einladung als PDF laden\u00a0<a title=\"Einladung - Das uneingeloeste Versprechen\" href=\"https:\/\/bureau-heuchel-klag.de\/kunsthaus\/wp-content\/uploads\/2012\/10\/Das_uneingeloeste_Versprechen-einladung.pdf\" target=\"_blank\">Das uneingeloeste Versprechen<\/a> [ca.163KB]<\/p>\n<!-- PHP 5.x -->","protected":false},"excerpt":{"rendered":"<p>Kunstverein f.d. Rheinlande und Westfalen in D\u00fcsseldorf &#8211; Diskussionsveranstaltung zur Stadtentwicklung am Beispiel der aktuellen Entscheidungen um das Terrain Dreischeibenhaus, Schauspielhaus, Tausendf\u00fc\u00dfler und K\u00f6bogen &#8230;<\/p>\n","protected":false},"author":1,"featured_media":0,"comment_status":"closed","ping_status":"closed","sticky":false,"template":"","format":"standard","meta":{"footnotes":""},"categories":[1,4],"tags":[],"class_list":["post-2259","post","type-post","status-publish","format-standard","hentry","category-alle-beitraege","category-kunst-am-bau"],"_links":{"self":[{"href":"https:\/\/bureau-heuchel-klag.de\/kunsthaus\/index.php?rest_route=\/wp\/v2\/posts\/2259","targetHints":{"allow":["GET"]}}],"collection":[{"href":"https:\/\/bureau-heuchel-klag.de\/kunsthaus\/index.php?rest_route=\/wp\/v2\/posts"}],"about":[{"href":"https:\/\/bureau-heuchel-klag.de\/kunsthaus\/index.php?rest_route=\/wp\/v2\/types\/post"}],"author":[{"embeddable":true,"href":"https:\/\/bureau-heuchel-klag.de\/kunsthaus\/index.php?rest_route=\/wp\/v2\/users\/1"}],"replies":[{"embeddable":true,"href":"https:\/\/bureau-heuchel-klag.de\/kunsthaus\/index.php?rest_route=%2Fwp%2Fv2%2Fcomments&post=2259"}],"version-history":[{"count":5,"href":"https:\/\/bureau-heuchel-klag.de\/kunsthaus\/index.php?rest_route=\/wp\/v2\/posts\/2259\/revisions"}],"predecessor-version":[{"id":2266,"href":"https:\/\/bureau-heuchel-klag.de\/kunsthaus\/index.php?rest_route=\/wp\/v2\/posts\/2259\/revisions\/2266"}],"wp:attachment":[{"href":"https:\/\/bureau-heuchel-klag.de\/kunsthaus\/index.php?rest_route=%2Fwp%2Fv2%2Fmedia&parent=2259"}],"wp:term":[{"taxonomy":"category","embeddable":true,"href":"https:\/\/bureau-heuchel-klag.de\/kunsthaus\/index.php?rest_route=%2Fwp%2Fv2%2Fcategories&post=2259"},{"taxonomy":"post_tag","embeddable":true,"href":"https:\/\/bureau-heuchel-klag.de\/kunsthaus\/index.php?rest_route=%2Fwp%2Fv2%2Ftags&post=2259"}],"curies":[{"name":"wp","href":"https:\/\/api.w.org\/{rel}","templated":true}]}}