{"id":2096,"date":"2011-03-14T17:11:59","date_gmt":"2011-03-14T17:11:59","guid":{"rendered":"http:\/\/www.bureau-heuchel-klag.de\/kunsthaus\/?p=2096"},"modified":"2016-02-07T19:18:58","modified_gmt":"2016-02-07T19:18:58","slug":"und-6-in-karlsruhe-mit-circus3000","status":"publish","type":"post","link":"https:\/\/bureau-heuchel-klag.de\/kunsthaus\/?p=2096","title":{"rendered":"UND 6 in Karlsruhe mit Circus3000"},"content":{"rendered":"<p>Bereits zum sechsten Mal bietet die UND Plattform Karlsruhe vom 08.M\u00e4rz bis 13.M\u00e4rz 2011 eine experimentelle und avantgardistische Ausstellung f\u00fcr junge, zeitgen\u00f6ssische Kunst in der Nancyhalle am Festplatz.<\/p>\n<p><img loading=\"lazy\" decoding=\"async\" class=\"alignnone size-full wp-image-2098\" title=\"Banner_sd\" alt=\"\" src=\"https:\/\/bureau-heuchel-klag.de\/kunsthaus\/wp-content\/uploads\/2012\/10\/Banner_sd.jpg\" width=\"146\" height=\"146\" \/><\/p>\n<ul>\n<li>Link zur <a title=\"http:\/\/www.und-1.de\/Archive\/UND6\/UND6-info.html\" href=\"http:\/\/www.und-1.de\/Archive\/UND6\/UND6-info.html\" target=\"_blank\">Internetseite der UND 6<\/a><\/li>\n<li>Link zur <a title=\"http:\/\/freakshow.circus3000.com\/team\/\" href=\"http:\/\/freakshow.circus3000.com\/team\/\" target=\"_blank\">Internetseite Circus3000<\/a><\/li>\n<\/ul>\n<p><a href=\"https:\/\/bureau-heuchel-klag.de\/kunsthaus\/wp-content\/uploads\/2012\/10\/banner_klag_radierung_2010.jpg\"><img loading=\"lazy\" decoding=\"async\" class=\"alignnone size-thumbnail wp-image-2097\" title=\"banner_klag_radierung_2010\" alt=\"\" src=\"https:\/\/bureau-heuchel-klag.de\/kunsthaus\/wp-content\/uploads\/2012\/10\/banner_klag_radierung_2010-150x150.jpg\" width=\"150\" height=\"150\" \/><\/a><a href=\"https:\/\/bureau-heuchel-klag.de\/kunsthaus\/wp-content\/uploads\/2012\/10\/DSCF0465_GK.jpg\"><img loading=\"lazy\" decoding=\"async\" class=\"alignnone size-thumbnail wp-image-2099\" title=\"DSCF0465_GK\" alt=\"\" src=\"https:\/\/bureau-heuchel-klag.de\/kunsthaus\/wp-content\/uploads\/2012\/10\/DSCF0465_GK-150x150.jpg\" width=\"150\" height=\"150\" \/><\/a><a href=\"https:\/\/bureau-heuchel-klag.de\/kunsthaus\/wp-content\/uploads\/2012\/10\/DSCF0476_GK.jpg\"><img loading=\"lazy\" decoding=\"async\" class=\"alignnone size-thumbnail wp-image-2100\" title=\"DSCF0476_GK\" alt=\"\" src=\"https:\/\/bureau-heuchel-klag.de\/kunsthaus\/wp-content\/uploads\/2012\/10\/DSCF0476_GK-150x150.jpg\" width=\"150\" height=\"150\" \/><\/a><a href=\"https:\/\/bureau-heuchel-klag.de\/kunsthaus\/wp-content\/uploads\/2012\/10\/DSCF0480_GK.jpg\"><img loading=\"lazy\" decoding=\"async\" class=\"alignnone size-thumbnail wp-image-2101\" title=\"DSCF0480_GK\" alt=\"\" src=\"https:\/\/bureau-heuchel-klag.de\/kunsthaus\/wp-content\/uploads\/2012\/10\/DSCF0480_GK-150x150.jpg\" width=\"150\" height=\"150\" \/><\/a><a href=\"https:\/\/bureau-heuchel-klag.de\/kunsthaus\/wp-content\/uploads\/2012\/10\/DSCF0498_GK.jpg\"><img loading=\"lazy\" decoding=\"async\" class=\"alignnone size-thumbnail wp-image-2102\" title=\"DSCF0498_GK\" alt=\"\" src=\"https:\/\/bureau-heuchel-klag.de\/kunsthaus\/wp-content\/uploads\/2012\/10\/DSCF0498_GK-150x150.jpg\" width=\"150\" height=\"150\" \/><\/a><a href=\"https:\/\/bureau-heuchel-klag.de\/kunsthaus\/wp-content\/uploads\/2012\/10\/landschaftscollage_feldzeichen_klag.jpg\"><img loading=\"lazy\" decoding=\"async\" class=\"alignnone size-thumbnail wp-image-2103\" title=\"landschaftscollage_feldzeichen_klag\" alt=\"\" src=\"https:\/\/bureau-heuchel-klag.de\/kunsthaus\/wp-content\/uploads\/2012\/10\/landschaftscollage_feldzeichen_klag-150x150.jpg\" width=\"150\" height=\"150\" \/><\/a><\/p>\n<p>die Teilnehmer bei der UND 6 2011 waren:<\/p>\n<p><strong>Team<\/strong><\/p>\n<p><strong>Kerngruppe\/<\/strong><br \/>\n<strong> Organisations-, Planungsteam:<\/strong><\/p>\n<p>Simone van gen Hassend<br \/>\nHerbie Erb<br \/>\nUli Tillmann<br \/>\nMarcel Vangermain<br \/>\nOndine Dietz<br \/>\nLibuse Schmidt<\/p>\n<p><strong>G\u00e4ste, assozierte K\u00fcnstler:<\/strong><\/p>\n<p>Belarmino Barros<br \/>\nJean-Michel Dejasmin<br \/>\nAlenka Jovic<br \/>\nAdrian Florea<br \/>\nHugi Hugel<br \/>\nGunter Klag<br \/>\nHelga Gross<\/p>\n<p><strong>\u00a0\u00a0\u00a0 CIRCUS3000 Kerngruppe<\/strong><\/p>\n<p>Simone van gen Hassend<br \/>\nHerbie Erb<br \/>\nUli Tillmann<br \/>\nMarcel Vangermain<br \/>\nOndine Dietz<br \/>\nLibuse Schmidt<\/p>\n<p>&nbsp;<\/p>\n<p><strong>FELDZEICHEN 2010-2011<\/strong><\/p>\n<p><strong>Das Kunsthaus des bHK<\/strong><\/p>\n<p>Das bHK ist ein LABOR, ein Ort der ARBEIT.<\/p>\n<p>Der Ansatz ist ein \u00f6konomischer. Die Gegenst\u00e4nde der k\u00fcnstlerischen Arbeit entstehen im Zusammenwirken von Pers\u00f6nlichkeiten.<\/p>\n<p>Die Arbeitsergebnisse finden ihre Projektion in den unterschiedlichsten Medien, nat\u00fcrlich bestimmt durch die arbeitenden Menschen mit ihren individuellen Arbeitsans\u00e4tzen.<\/p>\n<p>Das KunstHaus des bHK ist ein sich in Umnutzung befindliches Wohn-Haus, es ist eine zentrale Anlaufstelle der mittlerweile zahlreichen Au\u00dfenstellen des bHK.<\/p>\n<p>In den Ausstellungsreihen <strong>Kunst am Haus <\/strong>und <strong>Kunst im Haus <\/strong>wird diese Umnutzung f\u00fcr die \u00d6ffentlichkeit wahrnehmbar vollzogen.<\/p>\n<p>&nbsp;<\/p>\n<p><strong>Feldzeichen<\/strong><\/p>\n<p>Die Affinit\u00e4t dieser Arbeit zum (mobilen) &#8222;Feldzeichen&#8220; in Form von Stellw\u00e4nden, Schildern und Bannern bzw. Fahnen, erlaubt es tempor\u00e4r Kunstr\u00e4ume zu markieren und &#8222;abzugrenzen&#8220;. Inhaltlich sind essenzielle Grundformen abgebildet, die unterschiedliche Rollen in verschiedensten bHK-Kunstprojekten aus den letzten 20 Jahren spiegeln.<\/p>\n<p>Die Feldzeichen und Banner spielen auch eine Rolle beim 20 j\u00e4hrigen Jubil\u00e4um der K\u00fcnstlergemeinschaft bHK im Herbst 2011.<\/p>\n<p>Die Feldzeichen markieren die Grenzschwelle:<\/p>\n<p>Dort beginnt der Kunstraum, der triviale Raum endet hier.<\/p>\n<p style=\"padding-left: 30px;\"><em>Gunter Klag anl\u00e4sslich der Ausstellung Kunst im Haus 2010<\/em><\/p>\n<!-- PHP 5.x -->","protected":false},"excerpt":{"rendered":"<p>Bereits zum sechsten Mal bietet die UND Plattform Karlsruhe vom 08.M\u00e4rz bis 13.M\u00e4rz 2011 eine experimentelle und avantgardistische Ausstellung f\u00fcr junge, zeitgen\u00f6ssische Kunst in der Nancyhalle am Festplatz. &#8230;<\/p>\n","protected":false},"author":1,"featured_media":0,"comment_status":"closed","ping_status":"closed","sticky":false,"template":"","format":"standard","meta":{"footnotes":""},"categories":[1,20],"tags":[],"class_list":["post-2096","post","type-post","status-publish","format-standard","hentry","category-alle-beitraege","category-ausstellungen"],"_links":{"self":[{"href":"https:\/\/bureau-heuchel-klag.de\/kunsthaus\/index.php?rest_route=\/wp\/v2\/posts\/2096","targetHints":{"allow":["GET"]}}],"collection":[{"href":"https:\/\/bureau-heuchel-klag.de\/kunsthaus\/index.php?rest_route=\/wp\/v2\/posts"}],"about":[{"href":"https:\/\/bureau-heuchel-klag.de\/kunsthaus\/index.php?rest_route=\/wp\/v2\/types\/post"}],"author":[{"embeddable":true,"href":"https:\/\/bureau-heuchel-klag.de\/kunsthaus\/index.php?rest_route=\/wp\/v2\/users\/1"}],"replies":[{"embeddable":true,"href":"https:\/\/bureau-heuchel-klag.de\/kunsthaus\/index.php?rest_route=%2Fwp%2Fv2%2Fcomments&post=2096"}],"version-history":[{"count":9,"href":"https:\/\/bureau-heuchel-klag.de\/kunsthaus\/index.php?rest_route=\/wp\/v2\/posts\/2096\/revisions"}],"predecessor-version":[{"id":3542,"href":"https:\/\/bureau-heuchel-klag.de\/kunsthaus\/index.php?rest_route=\/wp\/v2\/posts\/2096\/revisions\/3542"}],"wp:attachment":[{"href":"https:\/\/bureau-heuchel-klag.de\/kunsthaus\/index.php?rest_route=%2Fwp%2Fv2%2Fmedia&parent=2096"}],"wp:term":[{"taxonomy":"category","embeddable":true,"href":"https:\/\/bureau-heuchel-klag.de\/kunsthaus\/index.php?rest_route=%2Fwp%2Fv2%2Fcategories&post=2096"},{"taxonomy":"post_tag","embeddable":true,"href":"https:\/\/bureau-heuchel-klag.de\/kunsthaus\/index.php?rest_route=%2Fwp%2Fv2%2Ftags&post=2096"}],"curies":[{"name":"wp","href":"https:\/\/api.w.org\/{rel}","templated":true}]}}