{"id":1907,"date":"2012-09-24T20:19:13","date_gmt":"2012-09-24T20:19:13","guid":{"rendered":"http:\/\/www.bureau-heuchel-klag.de\/kunsthaus\/?p=1907"},"modified":"2012-10-09T16:43:41","modified_gmt":"2012-10-09T16:43:41","slug":"offene-ateliers-2012-2","status":"publish","type":"post","link":"https:\/\/bureau-heuchel-klag.de\/kunsthaus\/?p=1907","title":{"rendered":"Ausstellung &#8211; Offene Ateliers 2012"},"content":{"rendered":"<p><strong>Das Kunsthaus des bHK \u00f6ffnet sein Atelier<\/strong><\/p>\n<p>Ausstellung im Kunsthaus des bHK Bellheim,<br \/>\nSA. 22. bis SO. 23. September 2012<\/p>\n<p>Das Kunsthaus in Bellheim zeigt am Samstag, den 22.09.12 und Sonntag, den 23.09.12, von 14.00 bis 19.00 Uhr, neue Arbeiten von Christian Frick (Hagenbach), Mike \u00dcberall (Karlsruhe), Christian Heuchel (K\u00f6ln), Gunter Klag (Bellheim).<br \/>\nDie Kunst braucht einen Ort, der nicht unter dem permanenten Einfluss unserer schnelllebigen Zeit steht. Einen Alltag, der noch allt\u00e4glich ist. Ein Refugium, das keiner Mode und keinen Trends unterworfen ist. Das Kunsthaus des bHK ist langsam und st\u00f6rrisch \u2500 ein Ort, an dem man seine Phantasien und seine Autonomie ausleben kann. Ein Ort, der konzentriertes Arbeiten m\u00f6glich macht.<br \/>\nDas bHK macht keine Kunst f\u00fcr die Masse und will nie dem breiten Publikum gefallen, Zugest\u00e4ndnisse sind ihm fremd. Das bHK ist Basis f\u00fcr eine hochwertige und nachhaltige Kunstproduktion.<\/p>\n<p><a href=\"https:\/\/bureau-heuchel-klag.de\/kunsthaus\/wp-content\/uploads\/2012\/09\/Kunsthaus_des_bHK_Hauptstr_129_Bellheim.jpg\"><img loading=\"lazy\" decoding=\"async\" class=\"alignnone size-medium wp-image-1915\" title=\"Kunsthaus_des_bHK_Hauptstr_129_Bellheim\" src=\"https:\/\/bureau-heuchel-klag.de\/kunsthaus\/wp-content\/uploads\/2012\/09\/Kunsthaus_des_bHK_Hauptstr_129_Bellheim-225x300.jpg\" alt=\"\" width=\"225\" height=\"300\" srcset=\"https:\/\/bureau-heuchel-klag.de\/kunsthaus\/wp-content\/uploads\/2012\/09\/Kunsthaus_des_bHK_Hauptstr_129_Bellheim-225x300.jpg 225w, https:\/\/bureau-heuchel-klag.de\/kunsthaus\/wp-content\/uploads\/2012\/09\/Kunsthaus_des_bHK_Hauptstr_129_Bellheim.jpg 600w\" sizes=\"auto, (max-width: 225px) 100vw, 225px\" \/><\/a><\/p>\n<p><strong>Vier K\u00fcnstler geben Einblick in ihr aktuelles Werk:<\/strong><\/p>\n<ul>\n<li>Christian Frick (K\u00fcnstler, Hagenbach)<\/li>\n<\/ul>\n<ul>\n<li>Mike \u00dcberall (K\u00fcnstler, Karlsruhe)<\/li>\n<\/ul>\n<ul>\n<li>Gunter Klag (K\u00fcnstler, Bellheim)<\/li>\n<\/ul>\n<ul>\n<li>Christian Heuchel (Architekt, K\u00f6ln)<\/li>\n<\/ul>\n<p><a href=\"https:\/\/bureau-heuchel-klag.de\/kunsthaus\/wp-content\/uploads\/2012\/09\/DSC00512_CF.jpg\"><img loading=\"lazy\" decoding=\"async\" class=\"alignnone  wp-image-1935\" title=\"DSC00512_CF\" src=\"https:\/\/bureau-heuchel-klag.de\/kunsthaus\/wp-content\/uploads\/2012\/09\/DSC00512_CF-150x150.jpg\" alt=\"\" width=\"100\" height=\"100\" \/><\/a><a href=\"https:\/\/bureau-heuchel-klag.de\/kunsthaus\/wp-content\/uploads\/2012\/09\/DSC00509_CF.jpg\"><img loading=\"lazy\" decoding=\"async\" class=\"alignnone  wp-image-1934\" title=\"DSC00509_CF\" src=\"https:\/\/bureau-heuchel-klag.de\/kunsthaus\/wp-content\/uploads\/2012\/09\/DSC00509_CF-150x150.jpg\" alt=\"\" width=\"100\" height=\"100\" \/><\/a><a href=\"https:\/\/bureau-heuchel-klag.de\/kunsthaus\/wp-content\/uploads\/2012\/09\/DSC00507_CF.jpg\"><img loading=\"lazy\" decoding=\"async\" class=\"alignnone  wp-image-1933\" title=\"DSC00507_CF\" src=\"https:\/\/bureau-heuchel-klag.de\/kunsthaus\/wp-content\/uploads\/2012\/09\/DSC00507_CF-150x150.jpg\" alt=\"\" width=\"100\" height=\"100\" \/><\/a><a href=\"https:\/\/bureau-heuchel-klag.de\/kunsthaus\/wp-content\/uploads\/2012\/09\/DSC00505_CF.jpg\"><img loading=\"lazy\" decoding=\"async\" class=\"alignnone  wp-image-1932\" title=\"DSC00505_CF\" src=\"https:\/\/bureau-heuchel-klag.de\/kunsthaus\/wp-content\/uploads\/2012\/09\/DSC00505_CF-150x150.jpg\" alt=\"\" width=\"100\" height=\"100\" \/><\/a><a href=\"https:\/\/bureau-heuchel-klag.de\/kunsthaus\/wp-content\/uploads\/2012\/09\/DSC00504_CF.jpg\"><img loading=\"lazy\" decoding=\"async\" class=\"alignnone  wp-image-1931\" title=\"DSC00504_CF\" src=\"https:\/\/bureau-heuchel-klag.de\/kunsthaus\/wp-content\/uploads\/2012\/09\/DSC00504_CF-150x150.jpg\" alt=\"\" width=\"100\" height=\"100\" \/><\/a><a href=\"https:\/\/bureau-heuchel-klag.de\/kunsthaus\/wp-content\/uploads\/2012\/09\/DSC00503_CF.jpg\"><img loading=\"lazy\" decoding=\"async\" class=\"alignnone  wp-image-1930\" title=\"DSC00503_CF\" src=\"https:\/\/bureau-heuchel-klag.de\/kunsthaus\/wp-content\/uploads\/2012\/09\/DSC00503_CF-150x150.jpg\" alt=\"\" width=\"100\" height=\"100\" \/><\/a><a href=\"https:\/\/bureau-heuchel-klag.de\/kunsthaus\/wp-content\/uploads\/2012\/09\/DSC00502_CF.jpg\"><img loading=\"lazy\" decoding=\"async\" class=\"alignnone  wp-image-1929\" title=\"DSC00502_CF\" src=\"https:\/\/bureau-heuchel-klag.de\/kunsthaus\/wp-content\/uploads\/2012\/09\/DSC00502_CF-150x150.jpg\" alt=\"\" width=\"100\" height=\"100\" \/><\/a><a href=\"https:\/\/bureau-heuchel-klag.de\/kunsthaus\/wp-content\/uploads\/2012\/09\/DSC00501_CF.jpg\"><img loading=\"lazy\" decoding=\"async\" class=\"alignnone  wp-image-1928\" title=\"DSC00501_CF\" src=\"https:\/\/bureau-heuchel-klag.de\/kunsthaus\/wp-content\/uploads\/2012\/09\/DSC00501_CF-150x150.jpg\" alt=\"\" width=\"100\" height=\"100\" \/><\/a><a href=\"https:\/\/bureau-heuchel-klag.de\/kunsthaus\/wp-content\/uploads\/2012\/09\/DSC00500_CF.jpg\"><img loading=\"lazy\" decoding=\"async\" class=\"alignnone  wp-image-1927\" title=\"DSC00500_CF\" src=\"https:\/\/bureau-heuchel-klag.de\/kunsthaus\/wp-content\/uploads\/2012\/09\/DSC00500_CF-150x150.jpg\" alt=\"\" width=\"100\" height=\"100\" \/><\/a><a href=\"https:\/\/bureau-heuchel-klag.de\/kunsthaus\/wp-content\/uploads\/2012\/09\/DSC00529_CF.jpg\"><img loading=\"lazy\" decoding=\"async\" class=\"alignnone  wp-image-1941\" title=\"DSC00529_CF\" src=\"https:\/\/bureau-heuchel-klag.de\/kunsthaus\/wp-content\/uploads\/2012\/09\/DSC00529_CF-150x150.jpg\" alt=\"\" width=\"100\" height=\"100\" \/><\/a><a href=\"https:\/\/bureau-heuchel-klag.de\/kunsthaus\/wp-content\/uploads\/2012\/09\/DSC00524_CF.jpg\"><img loading=\"lazy\" decoding=\"async\" class=\"alignnone  wp-image-1940\" title=\"DSC00524_CF\" src=\"https:\/\/bureau-heuchel-klag.de\/kunsthaus\/wp-content\/uploads\/2012\/09\/DSC00524_CF-150x150.jpg\" alt=\"\" width=\"100\" height=\"100\" \/><\/a><a href=\"https:\/\/bureau-heuchel-klag.de\/kunsthaus\/wp-content\/uploads\/2012\/09\/DSC00522_CF.jpg\"><img loading=\"lazy\" decoding=\"async\" class=\"alignnone  wp-image-1939\" title=\"DSC00522_CF\" src=\"https:\/\/bureau-heuchel-klag.de\/kunsthaus\/wp-content\/uploads\/2012\/09\/DSC00522_CF-150x150.jpg\" alt=\"\" width=\"100\" height=\"100\" \/><\/a><a href=\"https:\/\/bureau-heuchel-klag.de\/kunsthaus\/wp-content\/uploads\/2012\/09\/DSC00520_CF.jpg\"><img loading=\"lazy\" decoding=\"async\" class=\"alignnone  wp-image-1938\" title=\"DSC00520_CF\" src=\"https:\/\/bureau-heuchel-klag.de\/kunsthaus\/wp-content\/uploads\/2012\/09\/DSC00520_CF-150x150.jpg\" alt=\"\" width=\"100\" height=\"100\" \/><\/a><a href=\"https:\/\/bureau-heuchel-klag.de\/kunsthaus\/wp-content\/uploads\/2012\/09\/DSC00517_CF.jpg\"><img loading=\"lazy\" decoding=\"async\" class=\"alignnone  wp-image-1937\" title=\"DSC00517_CF\" src=\"https:\/\/bureau-heuchel-klag.de\/kunsthaus\/wp-content\/uploads\/2012\/09\/DSC00517_CF-150x150.jpg\" alt=\"\" width=\"100\" height=\"100\" \/><\/a><a href=\"https:\/\/bureau-heuchel-klag.de\/kunsthaus\/wp-content\/uploads\/2012\/09\/DSC00516_CF.jpg\"><img loading=\"lazy\" decoding=\"async\" class=\"alignnone  wp-image-1936\" title=\"DSC00516_CF\" src=\"https:\/\/bureau-heuchel-klag.de\/kunsthaus\/wp-content\/uploads\/2012\/09\/DSC00516_CF-150x150.jpg\" alt=\"\" width=\"100\" height=\"100\" \/><\/a><a href=\"https:\/\/bureau-heuchel-klag.de\/kunsthaus\/wp-content\/uploads\/2012\/09\/DSC00496_CF.jpg\"><img loading=\"lazy\" decoding=\"async\" class=\"alignnone  wp-image-1926\" title=\"DSC00496_CF\" src=\"https:\/\/bureau-heuchel-klag.de\/kunsthaus\/wp-content\/uploads\/2012\/09\/DSC00496_CF-150x150.jpg\" alt=\"\" width=\"100\" height=\"100\" \/><\/a><a href=\"https:\/\/bureau-heuchel-klag.de\/kunsthaus\/wp-content\/uploads\/2012\/09\/DSC00495_CF.jpg\"><img loading=\"lazy\" decoding=\"async\" class=\"alignnone  wp-image-1925\" title=\"DSC00495_CF\" src=\"https:\/\/bureau-heuchel-klag.de\/kunsthaus\/wp-content\/uploads\/2012\/09\/DSC00495_CF-150x150.jpg\" alt=\"\" width=\"100\" height=\"100\" \/><\/a><a href=\"https:\/\/bureau-heuchel-klag.de\/kunsthaus\/wp-content\/uploads\/2012\/09\/DSC00494_CF.jpg\"><img loading=\"lazy\" decoding=\"async\" class=\"alignnone  wp-image-1924\" title=\"DSC00494_CF\" src=\"https:\/\/bureau-heuchel-klag.de\/kunsthaus\/wp-content\/uploads\/2012\/09\/DSC00494_CF-150x150.jpg\" alt=\"\" width=\"100\" height=\"100\" \/><\/a><a href=\"https:\/\/bureau-heuchel-klag.de\/kunsthaus\/wp-content\/uploads\/2012\/09\/DSC00483_CF.jpg\"><img loading=\"lazy\" decoding=\"async\" class=\"alignnone  wp-image-1923\" title=\"DSC00483_CF\" src=\"https:\/\/bureau-heuchel-klag.de\/kunsthaus\/wp-content\/uploads\/2012\/09\/DSC00483_CF-150x150.jpg\" alt=\"\" width=\"100\" height=\"100\" \/><\/a><a href=\"https:\/\/bureau-heuchel-klag.de\/kunsthaus\/wp-content\/uploads\/2012\/09\/Kunsthaus_Nacht_mont_cut.jpg\"><img loading=\"lazy\" decoding=\"async\" class=\"alignnone  wp-image-1942\" title=\"Kunsthaus_Nacht_mont_cut\" src=\"https:\/\/bureau-heuchel-klag.de\/kunsthaus\/wp-content\/uploads\/2012\/09\/Kunsthaus_Nacht_mont_cut-150x150.jpg\" alt=\"\" width=\"100\" height=\"100\" \/><\/a><br \/>\n<em>(Fotos: Frick)<\/em><\/p>\n<p><strong>Ausstellungsdauer:<\/strong><br \/>\nSA. 22. bis SO. 23. September 2012<\/p>\n<p><strong>\u00d6ffnungszeiten der Ausstellung:<\/strong><br \/>\njeweils SA. und SO., 14 Uhr bis 19 Uhr<br \/>\nund nach Vereinbarung<\/p>\n<!-- PHP 5.x -->","protected":false},"excerpt":{"rendered":"<p>Vier K\u00fcnstler geben Einblick in ihr aktuelles Werk: Christian Frick (K\u00fcnstler, Hagenbach) Mike \u00dcberall (K\u00fcnstler, Karlsruhe) Gunter Klag (K\u00fcnstler, Bellheim) Christian Heuchel (Architekt, K\u00f6ln). &#8230;<\/p>\n","protected":false},"author":1,"featured_media":0,"comment_status":"closed","ping_status":"closed","sticky":false,"template":"","format":"standard","meta":{"footnotes":""},"categories":[1,20],"tags":[],"class_list":["post-1907","post","type-post","status-publish","format-standard","hentry","category-alle-beitraege","category-ausstellungen"],"_links":{"self":[{"href":"https:\/\/bureau-heuchel-klag.de\/kunsthaus\/index.php?rest_route=\/wp\/v2\/posts\/1907","targetHints":{"allow":["GET"]}}],"collection":[{"href":"https:\/\/bureau-heuchel-klag.de\/kunsthaus\/index.php?rest_route=\/wp\/v2\/posts"}],"about":[{"href":"https:\/\/bureau-heuchel-klag.de\/kunsthaus\/index.php?rest_route=\/wp\/v2\/types\/post"}],"author":[{"embeddable":true,"href":"https:\/\/bureau-heuchel-klag.de\/kunsthaus\/index.php?rest_route=\/wp\/v2\/users\/1"}],"replies":[{"embeddable":true,"href":"https:\/\/bureau-heuchel-klag.de\/kunsthaus\/index.php?rest_route=%2Fwp%2Fv2%2Fcomments&post=1907"}],"version-history":[{"count":14,"href":"https:\/\/bureau-heuchel-klag.de\/kunsthaus\/index.php?rest_route=\/wp\/v2\/posts\/1907\/revisions"}],"predecessor-version":[{"id":1969,"href":"https:\/\/bureau-heuchel-klag.de\/kunsthaus\/index.php?rest_route=\/wp\/v2\/posts\/1907\/revisions\/1969"}],"wp:attachment":[{"href":"https:\/\/bureau-heuchel-klag.de\/kunsthaus\/index.php?rest_route=%2Fwp%2Fv2%2Fmedia&parent=1907"}],"wp:term":[{"taxonomy":"category","embeddable":true,"href":"https:\/\/bureau-heuchel-klag.de\/kunsthaus\/index.php?rest_route=%2Fwp%2Fv2%2Fcategories&post=1907"},{"taxonomy":"post_tag","embeddable":true,"href":"https:\/\/bureau-heuchel-klag.de\/kunsthaus\/index.php?rest_route=%2Fwp%2Fv2%2Ftags&post=1907"}],"curies":[{"name":"wp","href":"https:\/\/api.w.org\/{rel}","templated":true}]}}