{"id":1842,"date":"2012-08-08T16:54:45","date_gmt":"2012-08-08T16:54:45","guid":{"rendered":"http:\/\/www.bureau-heuchel-klag.de\/kunsthaus\/?p=1842"},"modified":"2012-10-09T16:46:39","modified_gmt":"2012-10-09T16:46:39","slug":"ausstellung-%e2%80%9erapport-reloaded","status":"publish","type":"post","link":"https:\/\/bureau-heuchel-klag.de\/kunsthaus\/?p=1842","title":{"rendered":"Ausstellung \u201erapport\u201c reloaded"},"content":{"rendered":"<p>&nbsp;<\/p>\n<p><strong>\u201erapport\u201c reloaded<br \/>\n&#8211; eine Raum- und Klanginstallation des bHK<\/strong><\/p>\n<p>Ausstellung im Kunsthaus des bHK Bellheim, FR 27. Juli bis SO 05. August 2012<\/p>\n<p>\u201eKUNST MENSCH GLAUBE\u201c am 28.07.2012 im Kunsthaus des bHK<br \/>\nKultursommer Rheinland-Pfalz 2012 \u201eGott und die Welt\u201c<\/p>\n<p>Teilnehmende sind:<br \/>\nGunter Klag (K\u00fcnstler, Bellheim), Christian Heuchel (Architekt, K\u00f6ln), Dr. Ralph Musielski (Komparatist, Hamburg) und weitere G\u00e4ste.<\/p>\n<p><a href=\"https:\/\/bureau-heuchel-klag.de\/kunsthaus\/wp-content\/uploads\/2012\/08\/plakatrapport2012.jpg\"><img loading=\"lazy\" decoding=\"async\" class=\"alignnone size-thumbnail wp-image-1852\" title=\"plakatrapport2012\" src=\"https:\/\/bureau-heuchel-klag.de\/kunsthaus\/wp-content\/uploads\/2012\/08\/plakatrapport2012-150x150.jpg\" alt=\"\" width=\"150\" height=\"150\" \/><\/a><a href=\"https:\/\/bureau-heuchel-klag.de\/kunsthaus\/wp-content\/uploads\/2012\/08\/DSCF2516_GK.jpg\"><img loading=\"lazy\" decoding=\"async\" class=\"alignnone size-thumbnail wp-image-1850\" title=\"DSCF2516_GK\" src=\"https:\/\/bureau-heuchel-klag.de\/kunsthaus\/wp-content\/uploads\/2012\/08\/DSCF2516_GK-150x150.jpg\" alt=\"\" width=\"150\" height=\"150\" \/><\/a><a href=\"https:\/\/bureau-heuchel-klag.de\/kunsthaus\/wp-content\/uploads\/2012\/08\/DSCF2567_GK.jpg\"><img loading=\"lazy\" decoding=\"async\" class=\"alignnone size-thumbnail wp-image-1851\" title=\"DSCF2567_GK\" src=\"https:\/\/bureau-heuchel-klag.de\/kunsthaus\/wp-content\/uploads\/2012\/08\/DSCF2567_GK-150x150.jpg\" alt=\"\" width=\"150\" height=\"150\" \/><\/a><a href=\"https:\/\/bureau-heuchel-klag.de\/kunsthaus\/wp-content\/uploads\/2012\/08\/DSCF2487_GK.jpg\"><img loading=\"lazy\" decoding=\"async\" class=\"alignnone size-thumbnail wp-image-1849\" title=\"DSCF2487_GK\" src=\"https:\/\/bureau-heuchel-klag.de\/kunsthaus\/wp-content\/uploads\/2012\/08\/DSCF2487_GK-150x150.jpg\" alt=\"\" width=\"150\" height=\"150\" \/><\/a><a href=\"https:\/\/bureau-heuchel-klag.de\/kunsthaus\/wp-content\/uploads\/2012\/08\/DSCF2436_GK.jpg\"><img loading=\"lazy\" decoding=\"async\" class=\"alignnone size-thumbnail wp-image-1848\" title=\"DSCF2436_GK\" src=\"https:\/\/bureau-heuchel-klag.de\/kunsthaus\/wp-content\/uploads\/2012\/08\/DSCF2436_GK-150x150.jpg\" alt=\"\" width=\"150\" height=\"150\" \/><\/a><a href=\"https:\/\/bureau-heuchel-klag.de\/kunsthaus\/wp-content\/uploads\/2012\/08\/DSCF2429_GK.jpg\"><img loading=\"lazy\" decoding=\"async\" class=\"alignnone size-thumbnail wp-image-1847\" title=\"DSCF2429_GK\" src=\"https:\/\/bureau-heuchel-klag.de\/kunsthaus\/wp-content\/uploads\/2012\/08\/DSCF2429_GK-150x150.jpg\" alt=\"\" width=\"150\" height=\"150\" \/><\/a><a href=\"https:\/\/bureau-heuchel-klag.de\/kunsthaus\/wp-content\/uploads\/2012\/08\/DSCF2428_GK.jpg\"><img loading=\"lazy\" decoding=\"async\" class=\"alignnone size-thumbnail wp-image-1846\" title=\"DSCF2428_GK\" src=\"https:\/\/bureau-heuchel-klag.de\/kunsthaus\/wp-content\/uploads\/2012\/08\/DSCF2428_GK-150x150.jpg\" alt=\"\" width=\"150\" height=\"150\" \/><\/a><a href=\"https:\/\/bureau-heuchel-klag.de\/kunsthaus\/wp-content\/uploads\/2012\/08\/DSCF2420_GK.jpg\"><img loading=\"lazy\" decoding=\"async\" class=\"alignnone size-thumbnail wp-image-1845\" title=\"DSCF2420_GK\" src=\"https:\/\/bureau-heuchel-klag.de\/kunsthaus\/wp-content\/uploads\/2012\/08\/DSCF2420_GK-150x150.jpg\" alt=\"\" width=\"150\" height=\"150\" \/><\/a><a href=\"https:\/\/bureau-heuchel-klag.de\/kunsthaus\/wp-content\/uploads\/2012\/08\/DSCF2419_GK.jpg\"><img loading=\"lazy\" decoding=\"async\" class=\"alignnone size-thumbnail wp-image-1844\" title=\"DSCF2419_GK\" src=\"https:\/\/bureau-heuchel-klag.de\/kunsthaus\/wp-content\/uploads\/2012\/08\/DSCF2419_GK-150x150.jpg\" alt=\"\" width=\"150\" height=\"150\" \/><\/a><br \/>\n<em>(Fotos: G. Klag)<\/em><\/p>\n<p>&nbsp;<\/p>\n<ul>\n<li>Er\u00f6ffnungsrede von Dr. Ralph Musielski als PDF<a title=\"Er\u00f6ffnungsrede Dr. Ralph Musielski\" href=\"https:\/\/bureau-heuchel-klag.de\/kunsthaus\/wp-content\/uploads\/2012\/08\/bhk2012.rapport.rede_.pdf\" target=\"_blank\"> bhk2012.rapport.rede<\/a> [ca.88 KB]<\/li>\n<\/ul>\n<ul>\n<li>Handout zum Workshop als PDF <a title=\"Handout zum Workshop\" href=\"https:\/\/bureau-heuchel-klag.de\/kunsthaus\/wp-content\/uploads\/2012\/08\/bHK2012.rapport.workshop.pdf\" target=\"_blank\">bHK2012.rapport.workshop<\/a> [ca.76 KB]<\/li>\n<\/ul>\n<ul>\n<li>Dokumentation zur Ausstellung &#8222;rapport&#8220; reloaded <a title=\"Doku Handout bHK 2012\" href=\"https:\/\/bureau-heuchel-klag.de\/kunsthaus\/wp-content\/uploads\/2012\/08\/handout_klag_bHK_KUSO_2012.pdf\" target=\"_blank\">Doku Handout bHK 2012<\/a> [ca.79 KB]<\/li>\n<\/ul>\n<p>&nbsp;<\/p>\n<p>&nbsp;<\/p>\n<p><a href=\"https:\/\/bureau-heuchel-klag.de\/kunsthaus\/wp-content\/uploads\/2012\/08\/DSC00291_CF.jpg\"><img loading=\"lazy\" decoding=\"async\" class=\"alignnone size-thumbnail wp-image-1855\" title=\"DSC00291_CF\" src=\"https:\/\/bureau-heuchel-klag.de\/kunsthaus\/wp-content\/uploads\/2012\/08\/DSC00291_CF-150x150.jpg\" alt=\"\" width=\"150\" height=\"150\" \/><\/a><a href=\"https:\/\/bureau-heuchel-klag.de\/kunsthaus\/wp-content\/uploads\/2012\/08\/DSC00293_CF.jpg\"><img loading=\"lazy\" decoding=\"async\" class=\"alignnone size-thumbnail wp-image-1856\" title=\"DSC00293_CF\" src=\"https:\/\/bureau-heuchel-klag.de\/kunsthaus\/wp-content\/uploads\/2012\/08\/DSC00293_CF-150x150.jpg\" alt=\"\" width=\"150\" height=\"150\" \/><\/a><a href=\"https:\/\/bureau-heuchel-klag.de\/kunsthaus\/wp-content\/uploads\/2012\/08\/DSC00306_CF.jpg\"><img loading=\"lazy\" decoding=\"async\" class=\"alignnone size-thumbnail wp-image-1857\" title=\"DSC00306_CF\" src=\"https:\/\/bureau-heuchel-klag.de\/kunsthaus\/wp-content\/uploads\/2012\/08\/DSC00306_CF-150x150.jpg\" alt=\"\" width=\"150\" height=\"150\" \/><\/a><a href=\"https:\/\/bureau-heuchel-klag.de\/kunsthaus\/wp-content\/uploads\/2012\/08\/DSC00307_CF.jpg\"><img loading=\"lazy\" decoding=\"async\" class=\"alignnone size-thumbnail wp-image-1858\" title=\"DSC00307_CF\" src=\"https:\/\/bureau-heuchel-klag.de\/kunsthaus\/wp-content\/uploads\/2012\/08\/DSC00307_CF-150x150.jpg\" alt=\"\" width=\"150\" height=\"150\" \/><\/a><a href=\"https:\/\/bureau-heuchel-klag.de\/kunsthaus\/wp-content\/uploads\/2012\/08\/DSC00308_CF.jpg\"><img loading=\"lazy\" decoding=\"async\" class=\"alignnone size-thumbnail wp-image-1859\" title=\"DSC00308_CF\" src=\"https:\/\/bureau-heuchel-klag.de\/kunsthaus\/wp-content\/uploads\/2012\/08\/DSC00308_CF-150x150.jpg\" alt=\"\" width=\"150\" height=\"150\" \/><\/a><a href=\"https:\/\/bureau-heuchel-klag.de\/kunsthaus\/wp-content\/uploads\/2012\/08\/DSC00309_CF.jpg\"><img loading=\"lazy\" decoding=\"async\" class=\"alignnone  wp-image-1860\" title=\"DSC00309_CF\" src=\"https:\/\/bureau-heuchel-klag.de\/kunsthaus\/wp-content\/uploads\/2012\/08\/DSC00309_CF-150x150.jpg\" alt=\"\" width=\"150\" height=\"150\" \/><\/a><a href=\"https:\/\/bureau-heuchel-klag.de\/kunsthaus\/wp-content\/uploads\/2012\/08\/DSC00318_CF.jpg\"><img loading=\"lazy\" decoding=\"async\" class=\"alignnone size-thumbnail wp-image-1861\" title=\"DSC00318_CF\" src=\"https:\/\/bureau-heuchel-klag.de\/kunsthaus\/wp-content\/uploads\/2012\/08\/DSC00318_CF-150x150.jpg\" alt=\"\" width=\"150\" height=\"150\" \/><\/a><a href=\"https:\/\/bureau-heuchel-klag.de\/kunsthaus\/wp-content\/uploads\/2012\/08\/DSC00322_CF.jpg\"><img loading=\"lazy\" decoding=\"async\" class=\"alignnone size-thumbnail wp-image-1862\" title=\"DSC00322_CF\" src=\"https:\/\/bureau-heuchel-klag.de\/kunsthaus\/wp-content\/uploads\/2012\/08\/DSC00322_CF-150x150.jpg\" alt=\"\" width=\"150\" height=\"150\" \/><\/a><a href=\"https:\/\/bureau-heuchel-klag.de\/kunsthaus\/wp-content\/uploads\/2012\/08\/DSC00335_CF.jpg\"><img loading=\"lazy\" decoding=\"async\" class=\"alignnone size-thumbnail wp-image-1863\" title=\"DSC00335_CF\" src=\"https:\/\/bureau-heuchel-klag.de\/kunsthaus\/wp-content\/uploads\/2012\/08\/DSC00335_CF-150x150.jpg\" alt=\"\" width=\"150\" height=\"150\" \/><\/a><br \/>\n<em>(Fotos: C. Frick)<\/em><\/p>\n<p><strong><br \/>\nEine Ausstellungskiste wird \u201edekomprimiert\u201c!<\/strong><br \/>\n\u201e &#8230;<br \/>\nDer rapport in der Saalkirche von Ingelheim (1996) ist ein weiteres hervorragendes Beispiel f\u00fcr die Art der Ausstellungskomprimierung. In der gro\u00dfen rechteckigen Kiste finden wir ein &#8222;Szenenfoto&#8220;, welches die Installation in dem Kirchenschiff dokumentiert. In aufsteigender Sortierung nach Gr\u00f6\u00dfe von links unten nach rechts oben befinden sich in eigenen h\u00f6lzernen Unterabteilungen Muttern und Metallst\u00e4be. In Folie verpackt und geschn\u00fcrt finden wir u.a. wei\u00dfe F\u00e4hnchen in einen Zwischenraum gelegt. Die Schichtung des Kunstwerkes erschlie\u00dft sich mehr und mehr. Blickt man nochmals auf das Foto, so erinnert dieses Meer von Fahnen an ein Kornfeld, das sich im Wind wiegt. Die bewegte Gemeinschaft? Die Gemeinschaft der Bewegung? Viele kleine Seelen finden in den F\u00e4hnchen ihr Symbol. Der Besucher kann sich selbst in der Menge begegnen.<\/p>\n<p>Das Schriftdokument erz\u00e4hlt von den Stimmen, die dazu vom Band z\u00e4hlen: &#8222;1,2,3,4,5&#8230;&#8220;. Der Titel ist schlie\u00dflich rapport! Und die einheitliche Farbe Wei\u00df steigert den formalen Zusammenhang. Eine uniforme Menge, die uns die Wechselwirkung von K\u00f6rper- und Raumerlebnis vor Augen f\u00fchrt. Dieser Kirchenraum wurde durch die Installation in seiner meditativen Wirkung derma\u00dfen gesteigert, dass er zu einer &#8222;Isolierstation&#8220; wurde, in der das Ich durch die Einzelnennung ganz auf sich selbst gestellt ist.<br \/>\n&#8230;\u201c<br \/>\n<em>Aus: \u201ebHK: Das Archiv auf Reisen\u201c,<br \/>\nEr\u00f6ffnungsrede in der Bundesfinanzakademie Br\u00fchl<br \/>\nam 14.03.2000 \u00a9 Regina Caspers<\/em><\/p>\n<p><a href=\"https:\/\/bureau-heuchel-klag.de\/kunsthaus\/wp-content\/uploads\/2012\/08\/rapport_saalkirche_96_1.jpg\"><img loading=\"lazy\" decoding=\"async\" class=\"alignnone size-thumbnail wp-image-1875\" title=\"rapport_saalkirche_96_1\" src=\"https:\/\/bureau-heuchel-klag.de\/kunsthaus\/wp-content\/uploads\/2012\/08\/rapport_saalkirche_96_1-150x150.jpg\" alt=\"\" width=\"150\" height=\"150\" \/><\/a><a href=\"https:\/\/bureau-heuchel-klag.de\/kunsthaus\/wp-content\/uploads\/2012\/08\/fahnenfeld_rapport_1996_2.jpg\"><img loading=\"lazy\" decoding=\"async\" class=\"alignnone size-thumbnail wp-image-1874\" title=\"fahnenfeld_rapport_1996_2\" src=\"https:\/\/bureau-heuchel-klag.de\/kunsthaus\/wp-content\/uploads\/2012\/08\/fahnenfeld_rapport_1996_2-150x150.jpg\" alt=\"\" width=\"150\" height=\"150\" \/><\/a><a href=\"https:\/\/bureau-heuchel-klag.de\/kunsthaus\/wp-content\/uploads\/2012\/08\/fahnen_rapport_1996_3.jpg\"><img loading=\"lazy\" decoding=\"async\" class=\"alignnone size-thumbnail wp-image-1873\" title=\"fahnen_rapport_1996_3\" src=\"https:\/\/bureau-heuchel-klag.de\/kunsthaus\/wp-content\/uploads\/2012\/08\/fahnen_rapport_1996_3-150x150.jpg\" alt=\"\" width=\"150\" height=\"150\" \/><\/a><\/p>\n<p><em>Fotos der Installation in der Saalkirche 1996<\/em><\/p>\n<p>&nbsp;<\/p>\n<p>&nbsp;<\/p>\n<p>&nbsp;<\/p>\n<!-- PHP 5.x -->","protected":false},"excerpt":{"rendered":"<p>\u201erapport\u201c reloaded &#8211; eine Raum- und Klanginstallation des bHK. Die Ausstellung im Kunsthaus des bHK Bellheim von FR 27. Juli bis SO 05. August 2012. Mit Gunter Klag, Christian Heuchel, Dr. Ralph Musielski und weiteren G\u00e4sten. &#8230;<\/p>\n","protected":false},"author":1,"featured_media":0,"comment_status":"closed","ping_status":"closed","sticky":false,"template":"","format":"standard","meta":{"footnotes":""},"categories":[1,20],"tags":[],"class_list":["post-1842","post","type-post","status-publish","format-standard","hentry","category-alle-beitraege","category-ausstellungen"],"_links":{"self":[{"href":"https:\/\/bureau-heuchel-klag.de\/kunsthaus\/index.php?rest_route=\/wp\/v2\/posts\/1842","targetHints":{"allow":["GET"]}}],"collection":[{"href":"https:\/\/bureau-heuchel-klag.de\/kunsthaus\/index.php?rest_route=\/wp\/v2\/posts"}],"about":[{"href":"https:\/\/bureau-heuchel-klag.de\/kunsthaus\/index.php?rest_route=\/wp\/v2\/types\/post"}],"author":[{"embeddable":true,"href":"https:\/\/bureau-heuchel-klag.de\/kunsthaus\/index.php?rest_route=\/wp\/v2\/users\/1"}],"replies":[{"embeddable":true,"href":"https:\/\/bureau-heuchel-klag.de\/kunsthaus\/index.php?rest_route=%2Fwp%2Fv2%2Fcomments&post=1842"}],"version-history":[{"count":22,"href":"https:\/\/bureau-heuchel-klag.de\/kunsthaus\/index.php?rest_route=\/wp\/v2\/posts\/1842\/revisions"}],"predecessor-version":[{"id":1854,"href":"https:\/\/bureau-heuchel-klag.de\/kunsthaus\/index.php?rest_route=\/wp\/v2\/posts\/1842\/revisions\/1854"}],"wp:attachment":[{"href":"https:\/\/bureau-heuchel-klag.de\/kunsthaus\/index.php?rest_route=%2Fwp%2Fv2%2Fmedia&parent=1842"}],"wp:term":[{"taxonomy":"category","embeddable":true,"href":"https:\/\/bureau-heuchel-klag.de\/kunsthaus\/index.php?rest_route=%2Fwp%2Fv2%2Fcategories&post=1842"},{"taxonomy":"post_tag","embeddable":true,"href":"https:\/\/bureau-heuchel-klag.de\/kunsthaus\/index.php?rest_route=%2Fwp%2Fv2%2Ftags&post=1842"}],"curies":[{"name":"wp","href":"https:\/\/api.w.org\/{rel}","templated":true}]}}