{"id":174,"date":"2009-02-15T12:40:40","date_gmt":"2009-02-15T12:40:40","guid":{"rendered":"http:\/\/www.bureau-heuchel-klag.de\/kunsthaus\/?p=174"},"modified":"2012-09-29T07:38:34","modified_gmt":"2012-09-29T07:38:34","slug":"2009-02-15-bhk-erfolgreich-bei-%e2%80%9eereignis-druckgrafik-in-leipzig","status":"publish","type":"post","link":"https:\/\/bureau-heuchel-klag.de\/kunsthaus\/?p=174","title":{"rendered":"bHK erfolgreich bei \u201eEreignis Druckgrafik\u201c in Leipzig"},"content":{"rendered":"<p><strong><a href=\"https:\/\/bureau-heuchel-klag.de\/kunsthaus\/wp-content\/uploads\/2012\/03\/0817c79870.jpg\"><img loading=\"lazy\" decoding=\"async\" class=\"alignnone size-thumbnail wp-image-176\" title=\"0817c79870\" src=\"https:\/\/bureau-heuchel-klag.de\/kunsthaus\/wp-content\/uploads\/2012\/03\/0817c79870-150x150.jpg\" alt=\"\" width=\"150\" height=\"150\" \/><\/a><\/strong><\/p>\n<p><strong>bHK erfolgreich bei der Ausschreibung \u201eAtelier und K\u00fcnstler\u201c<\/strong><\/p>\n<p>Das bHK wurde f\u00fcr die Ausstellung \u201eEreignis Druckgrafik\u201c vom 12.03. \u2013 12.04.09 in Leipzig nominiert. Unter 428 Bewerbungen wurden das K\u00fcnstlerbuch \u201ebar for five birds without birds\u201c ausgew\u00e4hlt.<\/p>\n<p>Vom 12. bis 15. M\u00e4rz 2009 findet in Leipzig die traditionsreiche Buchmesse statt. Dies nimmt der K\u00fcnstlerbund Leipzig zum Anlass, eine internationale Druckgraphik-Ausstellung zu pr\u00e4sentieren. Gezeigt werden Beispiele der verschiedenen technischen Auspr\u00e4gungen. Die Frage, was \u201enoch\u201c Druckgrafik sei, wird bewusst offen gehalten, die Grenzen verwischt. Um eine m\u00f6glichst umfassende Repr\u00e4sentanz aller technischen Aspekte sicher zu stellen, wird die Ausstellung gezielt international offen ausgeschrieben und juriert. Daneben wird Druckgraphik von wie Beuys, Penck, Janssen und Antes zu sehen sein.<\/p>\n<p>Galerie VORORTOST Projektgalerie des BBK Leipzig e. V. 04103 Leipzig Rosa-Luxemburg-Str. 19\/21 Telefon 0341\/224 76 81, info@bbkl.org<\/p>\n<!-- PHP 5.x -->","protected":false},"excerpt":{"rendered":"<p>bHK erfolgreich bei der Ausschreibung \u201eAtelier und K\u00fcnstler\u201c &#8211; Das bHK wurde f\u00fcr die Ausstellung \u201eEreignis Druckgrafik\u201c vom 12.03. \u2013 12.04.09 in Leipzig nominiert. Unter 428 Bewerbungen wurden das K\u00fcnstlerbuch \u201ebar for five birds without birds\u201c ausgew\u00e4hlt. &#8230;<\/p>\n","protected":false},"author":1,"featured_media":0,"comment_status":"closed","ping_status":"closed","sticky":false,"template":"","format":"standard","meta":{"footnotes":""},"categories":[1,22],"tags":[],"class_list":["post-174","post","type-post","status-publish","format-standard","hentry","category-alle-beitraege","category-verschiedenes"],"_links":{"self":[{"href":"https:\/\/bureau-heuchel-klag.de\/kunsthaus\/index.php?rest_route=\/wp\/v2\/posts\/174","targetHints":{"allow":["GET"]}}],"collection":[{"href":"https:\/\/bureau-heuchel-klag.de\/kunsthaus\/index.php?rest_route=\/wp\/v2\/posts"}],"about":[{"href":"https:\/\/bureau-heuchel-klag.de\/kunsthaus\/index.php?rest_route=\/wp\/v2\/types\/post"}],"author":[{"embeddable":true,"href":"https:\/\/bureau-heuchel-klag.de\/kunsthaus\/index.php?rest_route=\/wp\/v2\/users\/1"}],"replies":[{"embeddable":true,"href":"https:\/\/bureau-heuchel-klag.de\/kunsthaus\/index.php?rest_route=%2Fwp%2Fv2%2Fcomments&post=174"}],"version-history":[{"count":13,"href":"https:\/\/bureau-heuchel-klag.de\/kunsthaus\/index.php?rest_route=\/wp\/v2\/posts\/174\/revisions"}],"predecessor-version":[{"id":1625,"href":"https:\/\/bureau-heuchel-klag.de\/kunsthaus\/index.php?rest_route=\/wp\/v2\/posts\/174\/revisions\/1625"}],"wp:attachment":[{"href":"https:\/\/bureau-heuchel-klag.de\/kunsthaus\/index.php?rest_route=%2Fwp%2Fv2%2Fmedia&parent=174"}],"wp:term":[{"taxonomy":"category","embeddable":true,"href":"https:\/\/bureau-heuchel-klag.de\/kunsthaus\/index.php?rest_route=%2Fwp%2Fv2%2Fcategories&post=174"},{"taxonomy":"post_tag","embeddable":true,"href":"https:\/\/bureau-heuchel-klag.de\/kunsthaus\/index.php?rest_route=%2Fwp%2Fv2%2Ftags&post=174"}],"curies":[{"name":"wp","href":"https:\/\/api.w.org\/{rel}","templated":true}]}}