{"id":1517,"date":"2011-09-17T07:12:42","date_gmt":"2011-09-17T07:12:42","guid":{"rendered":"http:\/\/www.bureau-heuchel-klag.de\/kunsthaus\/?p=1517"},"modified":"2012-10-09T16:50:07","modified_gmt":"2012-10-09T16:50:07","slug":"offene-ateliers-2011-20-jahre-bhk","status":"publish","type":"post","link":"https:\/\/bureau-heuchel-klag.de\/kunsthaus\/?p=1517","title":{"rendered":"Offene Ateliers 2011 &#8211; 20 Jahre bHK"},"content":{"rendered":"<p><strong>Offene Ateliers 2011 \u00bb 20 Jahre bHK \u00ab<\/strong><\/p>\n<p>Das Kunsthaus des bHK beteiligt sich mit:<\/p>\n<p>Mike \u00dcberall (Karlsruhe), Philipp Dury (Landau), Thomas Salzmann (Frankfurt), Christian Heuchel (K\u00f6ln), Gunter Klag (Bellheim) und der D\u00fcsseldorfer Gruppe DREIHAUSFRAUEN<\/p>\n<p>&#8230; an den landesweiten &#8222;Offenen Ateliers&#8220;.<br \/>\n<a href=\"https:\/\/bureau-heuchel-klag.de\/kunsthaus\/wp-content\/uploads\/2011\/09\/bHK_Einladungskarte_digital_2011_72dpi.jpg\"><img loading=\"lazy\" decoding=\"async\" class=\"wp-image-1707 alignleft\" title=\"bHK_Einladungskarte_digital_2011_72dpi\" src=\"https:\/\/bureau-heuchel-klag.de\/kunsthaus\/wp-content\/uploads\/2011\/09\/bHK_Einladungskarte_digital_2011_72dpi-150x150.jpg\" alt=\"\" width=\"120\" height=\"120\" \/><\/a><br \/>\nAm Samstag dem 17. September spielt um 19.00 Uhr die Karlsruher Kultband:<br \/>\n\u201cJonny Las Vegas\u201d<br \/>\nAusstellungsdauer:<br \/>\nSA 17. September 2011 und SO 18. September 2011<br \/>\n\u00d6ffnungszeiten:<br \/>\nSA und SO von 14.00 bis 19.00 Uhr und nach Vereinbarung<\/p>\n<p>&nbsp;<\/p>\n<p><a href=\"https:\/\/bureau-heuchel-klag.de\/kunsthaus\/wp-content\/uploads\/2011\/09\/ansicht_kunsthaus.jpg\"><img loading=\"lazy\" decoding=\"async\" class=\"size-thumbnail wp-image-1705 alignnone\" title=\"ansicht_kunsthaus\" src=\"https:\/\/bureau-heuchel-klag.de\/kunsthaus\/wp-content\/uploads\/2011\/09\/ansicht_kunsthaus-150x150.jpg\" alt=\"\" width=\"150\" height=\"150\" \/><\/a><a href=\"https:\/\/bureau-heuchel-klag.de\/kunsthaus\/wp-content\/uploads\/2011\/09\/jonny_las_vegas_2011.jpg\"><img loading=\"lazy\" decoding=\"async\" class=\"alignnone size-thumbnail wp-image-1692\" title=\"jonny_las_vegas_2011\" src=\"https:\/\/bureau-heuchel-klag.de\/kunsthaus\/wp-content\/uploads\/2011\/09\/jonny_las_vegas_2011-150x150.jpg\" alt=\"\" width=\"150\" height=\"150\" \/><\/a><a href=\"https:\/\/bureau-heuchel-klag.de\/kunsthaus\/wp-content\/uploads\/2011\/09\/mike_ueberall_austellung_2011.jpg\"><img loading=\"lazy\" decoding=\"async\" class=\"alignnone size-thumbnail wp-image-1693\" title=\"mike_ueberall_austellung_2011\" src=\"https:\/\/bureau-heuchel-klag.de\/kunsthaus\/wp-content\/uploads\/2011\/09\/mike_ueberall_austellung_2011-150x150.jpg\" alt=\"\" width=\"150\" height=\"150\" \/><\/a><a href=\"https:\/\/bureau-heuchel-klag.de\/kunsthaus\/wp-content\/uploads\/2011\/09\/mike_ueberall_songtexte_2011.jpg\"><img loading=\"lazy\" decoding=\"async\" class=\"alignnone size-thumbnail wp-image-1694\" title=\"mike_ueberall_songtexte_2011\" src=\"https:\/\/bureau-heuchel-klag.de\/kunsthaus\/wp-content\/uploads\/2011\/09\/mike_ueberall_songtexte_2011-150x150.jpg\" alt=\"\" width=\"150\" height=\"150\" \/><\/a><a href=\"https:\/\/bureau-heuchel-klag.de\/kunsthaus\/wp-content\/uploads\/2011\/09\/philip_dury_studiolo.jpg\"><img loading=\"lazy\" decoding=\"async\" class=\"alignnone size-thumbnail wp-image-1696\" title=\"philip_dury_studiolo\" src=\"https:\/\/bureau-heuchel-klag.de\/kunsthaus\/wp-content\/uploads\/2011\/09\/philip_dury_studiolo-150x150.jpg\" alt=\"\" width=\"150\" height=\"150\" \/><\/a><a href=\"https:\/\/bureau-heuchel-klag.de\/kunsthaus\/wp-content\/uploads\/2011\/09\/thomas_salzmann_windraeder_2011.jpg\"><img loading=\"lazy\" decoding=\"async\" class=\"alignnone size-thumbnail wp-image-1690\" title=\"thomas_salzmann_windraeder_2011\" src=\"https:\/\/bureau-heuchel-klag.de\/kunsthaus\/wp-content\/uploads\/2011\/09\/thomas_salzmann_windraeder_2011-150x150.jpg\" alt=\"\" width=\"150\" height=\"150\" \/><\/a><a href=\"https:\/\/bureau-heuchel-klag.de\/kunsthaus\/wp-content\/uploads\/2011\/09\/thomas_salzmann_musenkuss_2011.jpg\"><img loading=\"lazy\" decoding=\"async\" class=\"alignnone size-thumbnail wp-image-1688\" title=\"thomas_salzmann_musenkuss_2011\" src=\"https:\/\/bureau-heuchel-klag.de\/kunsthaus\/wp-content\/uploads\/2011\/09\/thomas_salzmann_musenkuss_2011-150x150.jpg\" alt=\"\" width=\"150\" height=\"150\" \/><\/a><a href=\"https:\/\/bureau-heuchel-klag.de\/kunsthaus\/wp-content\/uploads\/2011\/09\/thomas_salzmann_musenkuss_zeichnung_2011.jpg\"><img loading=\"lazy\" decoding=\"async\" class=\"alignnone size-thumbnail wp-image-1689\" title=\"thomas_salzmann_musenkuss_zeichnung_2011\" src=\"https:\/\/bureau-heuchel-klag.de\/kunsthaus\/wp-content\/uploads\/2011\/09\/thomas_salzmann_musenkuss_zeichnung_2011-150x150.jpg\" alt=\"\" width=\"150\" height=\"150\" \/><\/a><a href=\"https:\/\/bureau-heuchel-klag.de\/kunsthaus\/wp-content\/uploads\/2011\/09\/thomas_salzmann_blume_zeichnung_2011.jpg\"><img loading=\"lazy\" decoding=\"async\" class=\"alignnone size-thumbnail wp-image-1687\" title=\"thomas_salzmann_blume_zeichnung_2011\" src=\"https:\/\/bureau-heuchel-klag.de\/kunsthaus\/wp-content\/uploads\/2011\/09\/thomas_salzmann_blume_zeichnung_2011-150x150.jpg\" alt=\"\" width=\"150\" height=\"150\" \/><\/a><a href=\"https:\/\/bureau-heuchel-klag.de\/kunsthaus\/wp-content\/uploads\/2011\/09\/thomas_salzmann_blume_gross_2011.jpg\"><img loading=\"lazy\" decoding=\"async\" class=\"alignnone size-thumbnail wp-image-1686\" title=\"thomas_salzmann_blume_gross_2011\" src=\"https:\/\/bureau-heuchel-klag.de\/kunsthaus\/wp-content\/uploads\/2011\/09\/thomas_salzmann_blume_gross_2011-150x150.jpg\" alt=\"\" width=\"150\" height=\"150\" \/><\/a><a href=\"https:\/\/bureau-heuchel-klag.de\/kunsthaus\/wp-content\/uploads\/2011\/09\/christian_heuchel_monster_2011.jpg\"><img loading=\"lazy\" decoding=\"async\" class=\"alignnone size-thumbnail wp-image-1698\" title=\"christian_heuchel_monster_2011\" src=\"https:\/\/bureau-heuchel-klag.de\/kunsthaus\/wp-content\/uploads\/2011\/09\/christian_heuchel_monster_2011-150x150.jpg\" alt=\"\" width=\"150\" height=\"150\" \/><\/a><a href=\"https:\/\/bureau-heuchel-klag.de\/kunsthaus\/wp-content\/uploads\/2011\/09\/christian_heuchel_wunderkammer_monster_2011.jpg\"><img loading=\"lazy\" decoding=\"async\" class=\"alignnone size-thumbnail wp-image-1699\" title=\"christian_heuchel_wunderkammer_monster_2011\" src=\"https:\/\/bureau-heuchel-klag.de\/kunsthaus\/wp-content\/uploads\/2011\/09\/christian_heuchel_wunderkammer_monster_2011-150x150.jpg\" alt=\"\" width=\"150\" height=\"150\" \/><\/a><a href=\"https:\/\/bureau-heuchel-klag.de\/kunsthaus\/wp-content\/uploads\/2011\/09\/gunter_klag_3_feldzeichen.jpg\"><img loading=\"lazy\" decoding=\"async\" class=\"alignnone size-thumbnail wp-image-1702\" title=\"gunter_klag_3_feldzeichen\" src=\"https:\/\/bureau-heuchel-klag.de\/kunsthaus\/wp-content\/uploads\/2011\/09\/gunter_klag_3_feldzeichen-150x150.jpg\" alt=\"\" width=\"150\" height=\"150\" \/><\/a><a href=\"https:\/\/bureau-heuchel-klag.de\/kunsthaus\/wp-content\/uploads\/2011\/09\/gunter_klag_kunsthaus_und_monster_2011.jpg\"><img loading=\"lazy\" decoding=\"async\" class=\"alignnone size-thumbnail wp-image-1703\" title=\"gunter_klag_kunsthaus_und_monster_2011\" src=\"https:\/\/bureau-heuchel-klag.de\/kunsthaus\/wp-content\/uploads\/2011\/09\/gunter_klag_kunsthaus_und_monster_2011-150x150.jpg\" alt=\"\" width=\"150\" height=\"150\" \/><\/a><a href=\"https:\/\/bureau-heuchel-klag.de\/kunsthaus\/wp-content\/uploads\/2011\/09\/dreihausfrauen_2011.jpg\"><img loading=\"lazy\" decoding=\"async\" class=\"alignnone size-thumbnail wp-image-1701\" title=\"dreihausfrauen_2011\" src=\"https:\/\/bureau-heuchel-klag.de\/kunsthaus\/wp-content\/uploads\/2011\/09\/dreihausfrauen_2011-150x150.jpg\" alt=\"\" width=\"150\" height=\"150\" \/><\/a><\/p>\n<!-- PHP 5.x -->","protected":false},"excerpt":{"rendered":"<p>Das Kunsthaus des bHK beteiligt sich mit: Mike \u00dcberall (Karlsruhe), Philipp Dury (Landau), Thomas Salzmann (Frankfurt), Christian Heuchel (K\u00f6ln), Gunter Klag (Bellheim) und der D\u00fcsseldorfer Gruppe DREIHAUSFRAUEN&#8230; an den landesweiten &#8222;Offenen Ateliers&#8220;. &#8230;<\/p>\n","protected":false},"author":1,"featured_media":0,"comment_status":"closed","ping_status":"closed","sticky":false,"template":"","format":"standard","meta":{"footnotes":""},"categories":[1,20],"tags":[],"class_list":["post-1517","post","type-post","status-publish","format-standard","hentry","category-alle-beitraege","category-ausstellungen"],"_links":{"self":[{"href":"https:\/\/bureau-heuchel-klag.de\/kunsthaus\/index.php?rest_route=\/wp\/v2\/posts\/1517","targetHints":{"allow":["GET"]}}],"collection":[{"href":"https:\/\/bureau-heuchel-klag.de\/kunsthaus\/index.php?rest_route=\/wp\/v2\/posts"}],"about":[{"href":"https:\/\/bureau-heuchel-klag.de\/kunsthaus\/index.php?rest_route=\/wp\/v2\/types\/post"}],"author":[{"embeddable":true,"href":"https:\/\/bureau-heuchel-klag.de\/kunsthaus\/index.php?rest_route=\/wp\/v2\/users\/1"}],"replies":[{"embeddable":true,"href":"https:\/\/bureau-heuchel-klag.de\/kunsthaus\/index.php?rest_route=%2Fwp%2Fv2%2Fcomments&post=1517"}],"version-history":[{"count":18,"href":"https:\/\/bureau-heuchel-klag.de\/kunsthaus\/index.php?rest_route=\/wp\/v2\/posts\/1517\/revisions"}],"predecessor-version":[{"id":1684,"href":"https:\/\/bureau-heuchel-klag.de\/kunsthaus\/index.php?rest_route=\/wp\/v2\/posts\/1517\/revisions\/1684"}],"wp:attachment":[{"href":"https:\/\/bureau-heuchel-klag.de\/kunsthaus\/index.php?rest_route=%2Fwp%2Fv2%2Fmedia&parent=1517"}],"wp:term":[{"taxonomy":"category","embeddable":true,"href":"https:\/\/bureau-heuchel-klag.de\/kunsthaus\/index.php?rest_route=%2Fwp%2Fv2%2Fcategories&post=1517"},{"taxonomy":"post_tag","embeddable":true,"href":"https:\/\/bureau-heuchel-klag.de\/kunsthaus\/index.php?rest_route=%2Fwp%2Fv2%2Ftags&post=1517"}],"curies":[{"name":"wp","href":"https:\/\/api.w.org\/{rel}","templated":true}]}}