{"id":1485,"date":"2011-03-17T18:30:25","date_gmt":"2011-03-17T18:30:25","guid":{"rendered":"http:\/\/www.bureau-heuchel-klag.de\/kunsthaus\/?p=1485"},"modified":"2012-09-29T18:47:19","modified_gmt":"2012-09-29T18:47:19","slug":"ereignis-druckgraphik-3-hochdruck-2011","status":"publish","type":"post","link":"https:\/\/bureau-heuchel-klag.de\/kunsthaus\/?p=1485","title":{"rendered":"Ausstellung Ereignis Druckgraphik 3 < Hochdruck 2011"},"content":{"rendered":"<p>EREIGNIS DRUCKGRAPHIK 3 &lt; HOCHDRUCK<br \/>\n17.03. \u2013 30.04.2011<br \/>\nProjektgalerie des Bundes Bildender K\u00fcnstler Leipzig e.V. VORORTOST<\/p>\n<ul>\n<li><a title=\"Einladung Ereignis Druckgraphik 3\" href=\"https:\/\/bureau-heuchel-klag.de\/kunsthaus\/wp-content\/uploads\/2011\/03\/Einladung-Ereignis-Druckgraphik-3.pdf\" target=\"_blank\"> Einladung Ereignis Druckgraphik 3<\/a> als PDF [636kb]<\/li>\n<\/ul>\n<p><a href=\"https:\/\/bureau-heuchel-klag.de\/kunsthaus\/wp-content\/uploads\/2011\/03\/buddha_klag_bhk_2009.jpg\"><img loading=\"lazy\" decoding=\"async\" class=\"size-thumbnail wp-image-1501 alignnone\" title=\"buddha_klag_bhk_2009\" src=\"https:\/\/bureau-heuchel-klag.de\/kunsthaus\/wp-content\/uploads\/2011\/03\/buddha_klag_bhk_2009-150x150.jpg\" alt=\"\" width=\"150\" height=\"150\" \/><br \/>\n<\/a><a href=\"https:\/\/bureau-heuchel-klag.de\/kunsthaus\/wp-content\/uploads\/2011\/03\/compositum_4_seiten.jpg\"><img loading=\"lazy\" decoding=\"async\" class=\"alignnone size-thumbnail wp-image-1502\" title=\"compositum_4_seiten\" src=\"https:\/\/bureau-heuchel-klag.de\/kunsthaus\/wp-content\/uploads\/2011\/03\/compositum_4_seiten-150x150.jpg\" alt=\"\" width=\"150\" height=\"150\" \/><\/a><a href=\"https:\/\/bureau-heuchel-klag.de\/kunsthaus\/wp-content\/uploads\/2011\/03\/der_rhein_kilometer574.jpg\"><img loading=\"lazy\" decoding=\"async\" class=\"alignnone size-thumbnail wp-image-1503\" title=\"der_rhein_kilometer574\" src=\"https:\/\/bureau-heuchel-klag.de\/kunsthaus\/wp-content\/uploads\/2011\/03\/der_rhein_kilometer574-150x150.jpg\" alt=\"\" width=\"150\" height=\"150\" \/><\/a><a href=\"https:\/\/bureau-heuchel-klag.de\/kunsthaus\/wp-content\/uploads\/2011\/03\/der_rhein_kilometer688.jpg\"><img loading=\"lazy\" decoding=\"async\" class=\"alignnone size-thumbnail wp-image-1504\" title=\"der_rhein_kilometer688\" src=\"https:\/\/bureau-heuchel-klag.de\/kunsthaus\/wp-content\/uploads\/2011\/03\/der_rhein_kilometer688-150x150.jpg\" alt=\"\" width=\"150\" height=\"150\" \/><\/a><a href=\"https:\/\/bureau-heuchel-klag.de\/kunsthaus\/wp-content\/uploads\/2011\/03\/india_Einband_2006.jpg\"><img loading=\"lazy\" decoding=\"async\" class=\"alignnone size-thumbnail wp-image-1505\" title=\"india_Einband_2006\" src=\"https:\/\/bureau-heuchel-klag.de\/kunsthaus\/wp-content\/uploads\/2011\/03\/india_Einband_2006-150x150.jpg\" alt=\"\" width=\"150\" height=\"150\" \/><\/a><a href=\"https:\/\/bureau-heuchel-klag.de\/kunsthaus\/wp-content\/uploads\/2011\/03\/india_Klag_2006.jpg\"><img loading=\"lazy\" decoding=\"async\" class=\"alignnone size-thumbnail wp-image-1506\" title=\"india_Klag_2006\" src=\"https:\/\/bureau-heuchel-klag.de\/kunsthaus\/wp-content\/uploads\/2011\/03\/india_Klag_2006-150x150.jpg\" alt=\"\" width=\"150\" height=\"150\" \/><\/a><a href=\"https:\/\/bureau-heuchel-klag.de\/kunsthaus\/wp-content\/uploads\/2011\/03\/leporello_urwald.jpg\"><img loading=\"lazy\" decoding=\"async\" class=\"alignnone size-thumbnail wp-image-1507\" title=\"leporello_urwald\" src=\"https:\/\/bureau-heuchel-klag.de\/kunsthaus\/wp-content\/uploads\/2011\/03\/leporello_urwald-150x150.jpg\" alt=\"\" width=\"150\" height=\"150\" \/><\/a><a href=\"https:\/\/bureau-heuchel-klag.de\/kunsthaus\/wp-content\/uploads\/2011\/03\/saturday_night1.jpg\"><img loading=\"lazy\" decoding=\"async\" class=\"alignnone size-thumbnail wp-image-1509\" title=\"saturday_night1\" src=\"https:\/\/bureau-heuchel-klag.de\/kunsthaus\/wp-content\/uploads\/2011\/03\/saturday_night1-150x150.jpg\" alt=\"\" width=\"150\" height=\"150\" \/><\/a><a href=\"https:\/\/bureau-heuchel-klag.de\/kunsthaus\/wp-content\/uploads\/2011\/03\/saturday_night2.jpg\"><img loading=\"lazy\" decoding=\"async\" class=\"alignnone size-thumbnail wp-image-1510\" title=\"saturday_night2\" src=\"https:\/\/bureau-heuchel-klag.de\/kunsthaus\/wp-content\/uploads\/2011\/03\/saturday_night2-150x150.jpg\" alt=\"\" width=\"150\" height=\"150\" \/><\/a><a href=\"https:\/\/bureau-heuchel-klag.de\/kunsthaus\/wp-content\/uploads\/2011\/03\/titelblatt_urwaldbuch.jpg\"><img loading=\"lazy\" decoding=\"async\" class=\"alignnone size-thumbnail wp-image-1511\" title=\"titelblatt_urwaldbuch\" src=\"https:\/\/bureau-heuchel-klag.de\/kunsthaus\/wp-content\/uploads\/2011\/03\/titelblatt_urwaldbuch-150x150.jpg\" alt=\"\" width=\"150\" height=\"150\" \/><\/a><br \/>\n<strong>bHK <\/strong><\/p>\n<p>5 K\u00fcnstlerb\u00fccher aus den Jahren 2003\u20132010,<\/p>\n<p>sowie ein gro\u00dfformatiger Hochdruck \u201eBuddha 2009\u201c (bHK\/Klag, 2009).<\/p>\n<p>&nbsp;<\/p>\n<p>Das bHK setzt auf Nachhaltigkeit. Das K\u00fcnstlerbuch verstehen wir als wertvolles, exklusives Produkt, das den Status des Einmaligen sichert. J\u00e4hrlich entstehen 2\u20133 B\u00fccher und Mappenwerke. Als Unikat, in limitierten Kleinauflagen und als Vorzugsausgaben.<\/p>\n<p>&nbsp;<\/p>\n<p>Die handwerklich wie k\u00fcnstlerisch hochwertigen B\u00fccher spiegeln die Herangehensweise des bHK wider. In das Kunsthaus des bHK Bellheim werden K\u00fcnstler, Autoren, Wissenschaftler und Architekten zur Teilnahme an neuen Buchprojekten eingeladen. In der Druckwerkstatt des bHK werden Buchdrucke und Originalgrafiken in traditionellen Verfahren umgesetzt.<\/p>\n<ul>\n<li><a title=\"bHK Portfolio Leibzig 2011\" href=\"https:\/\/bureau-heuchel-klag.de\/kunsthaus\/wp-content\/uploads\/2012\/07\/bHK_Portfolio_Leibzig_2011.pdf\" target=\"_blank\">bHK Portfolio Leibzig 2011<\/a> als PDF [~6,6MB]<\/li>\n<\/ul>\n<!-- PHP 5.x -->","protected":false},"excerpt":{"rendered":"<p>Das bureau Heuchel Klag in Leibzig bei der EREIGNIS DRUCKGRAPHIK 3 < HOCHDRUCK 2011 - vom 17.03. bis 30.04.2011 - Projektgalerie des Bundes Bildender K\u00fcnstler Leipzig e.V. ...\n<\/p>\n","protected":false},"author":1,"featured_media":0,"comment_status":"closed","ping_status":"closed","sticky":false,"template":"","format":"standard","meta":{"footnotes":""},"categories":[1,20],"tags":[],"class_list":["post-1485","post","type-post","status-publish","format-standard","hentry","category-alle-beitraege","category-ausstellungen"],"_links":{"self":[{"href":"https:\/\/bureau-heuchel-klag.de\/kunsthaus\/index.php?rest_route=\/wp\/v2\/posts\/1485","targetHints":{"allow":["GET"]}}],"collection":[{"href":"https:\/\/bureau-heuchel-klag.de\/kunsthaus\/index.php?rest_route=\/wp\/v2\/posts"}],"about":[{"href":"https:\/\/bureau-heuchel-klag.de\/kunsthaus\/index.php?rest_route=\/wp\/v2\/types\/post"}],"author":[{"embeddable":true,"href":"https:\/\/bureau-heuchel-klag.de\/kunsthaus\/index.php?rest_route=\/wp\/v2\/users\/1"}],"replies":[{"embeddable":true,"href":"https:\/\/bureau-heuchel-klag.de\/kunsthaus\/index.php?rest_route=%2Fwp%2Fv2%2Fcomments&post=1485"}],"version-history":[{"count":23,"href":"https:\/\/bureau-heuchel-klag.de\/kunsthaus\/index.php?rest_route=\/wp\/v2\/posts\/1485\/revisions"}],"predecessor-version":[{"id":1489,"href":"https:\/\/bureau-heuchel-klag.de\/kunsthaus\/index.php?rest_route=\/wp\/v2\/posts\/1485\/revisions\/1489"}],"wp:attachment":[{"href":"https:\/\/bureau-heuchel-klag.de\/kunsthaus\/index.php?rest_route=%2Fwp%2Fv2%2Fmedia&parent=1485"}],"wp:term":[{"taxonomy":"category","embeddable":true,"href":"https:\/\/bureau-heuchel-klag.de\/kunsthaus\/index.php?rest_route=%2Fwp%2Fv2%2Fcategories&post=1485"},{"taxonomy":"post_tag","embeddable":true,"href":"https:\/\/bureau-heuchel-klag.de\/kunsthaus\/index.php?rest_route=%2Fwp%2Fv2%2Ftags&post=1485"}],"curies":[{"name":"wp","href":"https:\/\/api.w.org\/{rel}","templated":true}]}}