{"id":1359,"date":"2012-08-24T21:03:31","date_gmt":"2012-08-24T21:03:31","guid":{"rendered":"http:\/\/www.bureau-heuchel-klag.de\/kunsthaus\/?p=1359"},"modified":"2012-10-12T18:30:26","modified_gmt":"2012-10-12T18:30:26","slug":"bhk-bei-den-offenen-ateliers-in-koln","status":"publish","type":"post","link":"https:\/\/bureau-heuchel-klag.de\/kunsthaus\/?p=1359","title":{"rendered":"bHK im September 2012 bei den Offenen Ateliers in K\u00f6ln"},"content":{"rendered":"<p><a href=\"https:\/\/bureau-heuchel-klag.de\/kunsthaus\/wp-content\/uploads\/2012\/07\/Dat_head_k\u00f6ln.jpg\"><img loading=\"lazy\" decoding=\"async\" class=\"alignnone size-full wp-image-1533\" title=\"14.09.-16.09.2012\" src=\"https:\/\/bureau-heuchel-klag.de\/kunsthaus\/wp-content\/uploads\/2012\/07\/Dat_head_k\u00f6ln.jpg\" alt=\"\" width=\"400\" height=\"100\" srcset=\"https:\/\/bureau-heuchel-klag.de\/kunsthaus\/wp-content\/uploads\/2012\/07\/Dat_head_k\u00f6ln.jpg 400w, https:\/\/bureau-heuchel-klag.de\/kunsthaus\/wp-content\/uploads\/2012\/07\/Dat_head_k\u00f6ln-300x75.jpg 300w\" sizes=\"auto, (max-width: 400px) 100vw, 400px\" \/><\/a><br \/>\n<strong>bHK in K\u00f6ln<\/strong><\/p>\n<p>Das bHK ist von der K\u00fcnstlerin Edith Buchhalter zu den diesj\u00e4hrigen Offenen Ateliers in K\u00f6ln eingeladen.<\/p>\n<p>Das bHK zeigt 7 K\u00fcnstlerb\u00fccher.<\/p>\n<p>Der Ausstellungsort liegt im boomenden Stadtteil K\u00f6ln Ehrenfeld<\/p>\n<p>und ist von <span style=\"color: #ff0000;\"><strong>Fr. 14. 09. bis So. 16.09.2012<\/strong><\/span> ge\u00f6ffnet.<\/p>\n<ul>\n<li>Weitere Informationen erhalten Sie hier:\u00a0 <a title=\"offenes_atelier_edith_buchhalter\" href=\"http:\/\/www.ausstellungsportal.net\/ausstellungen\/d1b8333e\/edith_buchhalter\/offenes_atelier_edith_buchhalter\/\" target=\"_blank\">Offenes Atelier Edith Buchhalter<\/a><\/li>\n<\/ul>\n<p><a href=\"https:\/\/bureau-heuchel-klag.de\/kunsthaus\/wp-content\/uploads\/2012\/07\/bar_for_birds_bHK_72.jpg\"><img loading=\"lazy\" decoding=\"async\" class=\"alignnone size-medium wp-image-1360\" title=\"bar_for_birds_bHK_72\" src=\"https:\/\/bureau-heuchel-klag.de\/kunsthaus\/wp-content\/uploads\/2012\/07\/bar_for_birds_bHK_72-300x225.jpg\" alt=\"\" width=\"300\" height=\"225\" srcset=\"https:\/\/bureau-heuchel-klag.de\/kunsthaus\/wp-content\/uploads\/2012\/07\/bar_for_birds_bHK_72-300x225.jpg 300w, https:\/\/bureau-heuchel-klag.de\/kunsthaus\/wp-content\/uploads\/2012\/07\/bar_for_birds_bHK_72.jpg 800w\" sizes=\"auto, (max-width: 300px) 100vw, 300px\" \/><\/a><\/p>\n<p>Titel: &#8222;bar for five birds without birds&#8220; 2004<\/p>\n<!-- PHP 5.x -->","protected":false},"excerpt":{"rendered":"<p>Das bHK ist von der K\u00fcnstlerin Edith Buchhalter zu den diesj\u00e4hrigen Offenen Ateliers in K\u00f6ln eingeladen. Das bHK zeigt 7 K\u00fcnstlerb\u00fccher. Der Ausstellungsort liegt im boomenden Stadtteil K\u00f6ln Ehrenfeld &#8230;<\/p>\n","protected":false},"author":1,"featured_media":0,"comment_status":"closed","ping_status":"closed","sticky":false,"template":"","format":"standard","meta":{"footnotes":""},"categories":[1,20,21],"tags":[],"class_list":["post-1359","post","type-post","status-publish","format-standard","hentry","category-alle-beitraege","category-ausstellungen","category-einladungen"],"_links":{"self":[{"href":"https:\/\/bureau-heuchel-klag.de\/kunsthaus\/index.php?rest_route=\/wp\/v2\/posts\/1359","targetHints":{"allow":["GET"]}}],"collection":[{"href":"https:\/\/bureau-heuchel-klag.de\/kunsthaus\/index.php?rest_route=\/wp\/v2\/posts"}],"about":[{"href":"https:\/\/bureau-heuchel-klag.de\/kunsthaus\/index.php?rest_route=\/wp\/v2\/types\/post"}],"author":[{"embeddable":true,"href":"https:\/\/bureau-heuchel-klag.de\/kunsthaus\/index.php?rest_route=\/wp\/v2\/users\/1"}],"replies":[{"embeddable":true,"href":"https:\/\/bureau-heuchel-klag.de\/kunsthaus\/index.php?rest_route=%2Fwp%2Fv2%2Fcomments&post=1359"}],"version-history":[{"count":27,"href":"https:\/\/bureau-heuchel-klag.de\/kunsthaus\/index.php?rest_route=\/wp\/v2\/posts\/1359\/revisions"}],"predecessor-version":[{"id":2149,"href":"https:\/\/bureau-heuchel-klag.de\/kunsthaus\/index.php?rest_route=\/wp\/v2\/posts\/1359\/revisions\/2149"}],"wp:attachment":[{"href":"https:\/\/bureau-heuchel-klag.de\/kunsthaus\/index.php?rest_route=%2Fwp%2Fv2%2Fmedia&parent=1359"}],"wp:term":[{"taxonomy":"category","embeddable":true,"href":"https:\/\/bureau-heuchel-klag.de\/kunsthaus\/index.php?rest_route=%2Fwp%2Fv2%2Fcategories&post=1359"},{"taxonomy":"post_tag","embeddable":true,"href":"https:\/\/bureau-heuchel-klag.de\/kunsthaus\/index.php?rest_route=%2Fwp%2Fv2%2Ftags&post=1359"}],"curies":[{"name":"wp","href":"https:\/\/api.w.org\/{rel}","templated":true}]}}