{"id":1265,"date":"1998-07-22T07:53:46","date_gmt":"1998-07-22T07:53:46","guid":{"rendered":"http:\/\/www.bureau-heuchel-klag.de\/kunsthaus\/?p=1265"},"modified":"2012-10-12T13:56:02","modified_gmt":"2012-10-12T13:56:02","slug":"pneu-1998-hamburg","status":"publish","type":"post","link":"https:\/\/bureau-heuchel-klag.de\/kunsthaus\/?p=1265","title":{"rendered":"Pneu &#8211; 1998 Hamburg"},"content":{"rendered":"<p><a href=\"https:\/\/bureau-heuchel-klag.de\/kunsthaus\/wp-content\/uploads\/2012\/06\/6355893689.gif\"><img loading=\"lazy\" decoding=\"async\" class=\"alignnone size-thumbnail wp-image-1267\" title=\"6355893689\" src=\"https:\/\/bureau-heuchel-klag.de\/kunsthaus\/wp-content\/uploads\/2012\/06\/6355893689-150x150.gif\" alt=\"\" width=\"150\" height=\"150\" \/><\/a><a href=\"https:\/\/bureau-heuchel-klag.de\/kunsthaus\/wp-content\/uploads\/2012\/06\/be59eaa68a.gif\"><img loading=\"lazy\" decoding=\"async\" class=\"alignnone size-thumbnail wp-image-1268\" title=\"be59eaa68a\" src=\"https:\/\/bureau-heuchel-klag.de\/kunsthaus\/wp-content\/uploads\/2012\/06\/be59eaa68a-150x150.gif\" alt=\"\" width=\"150\" height=\"150\" \/><\/a><a href=\"https:\/\/bureau-heuchel-klag.de\/kunsthaus\/wp-content\/uploads\/2012\/06\/68304e2500.jpg\"><img loading=\"lazy\" decoding=\"async\" class=\"alignnone size-thumbnail wp-image-1266\" title=\"68304e2500\" src=\"https:\/\/bureau-heuchel-klag.de\/kunsthaus\/wp-content\/uploads\/2012\/06\/68304e2500-150x150.jpg\" alt=\"\" width=\"150\" height=\"150\" \/><\/a><\/p>\n<p>&nbsp;<\/p>\n<p>In der Galerie Marktstra\u00dfe h\u00e4ngt eine luftgef\u00fcllte Hohlform aus transparentem Material. Das Objekt ist gelb. Die Abmessungen korrelieren mit dem Ausstellungsraum. Die Arbeitsger\u00e4usche des Kompressors sind Bestandteil des elektroakustischen Klangteppichs.<br \/>\n\u201ebureau Heuchel Klags pneu entfaltet \u00fcber den mathematisch-geometrischen Raum hinaus einen gelebten Raum als Widerstand und Grenze, Organ und Gegenspieler. Im materiell-immateriellen Balanceakt gestaltet pneu dynamisch-flexibel Raum-Verdichtungen wie Erweiterungen. Der eingeschriebene Modulcharakter ist nicht auf ein architektonisches Proportionssystem beschr\u00e4nkt &#8211; das bHK entwirft ein Gesamtwerk ohne Letztform.\u201c<\/p>\n<p><em>Dr. Ralph Musielski<\/em><\/p>\n<!-- PHP 5.x -->","protected":false},"excerpt":{"rendered":"<p>Pneu &#8211; 1998 Hamburg &#8211; In der Galerie Marktstra\u00dfe h\u00e4ngt eine luftgef\u00fcllte Hohlform aus transparentem Material. Das Objekt ist gelb. Die Abmessungen korrelieren mit dem Ausstellungsraum. Die Arbeitsger\u00e4usche des Kompressors sind Bestandteil des elektroakustischen Klangteppichs. &#8230;<\/p>\n","protected":false},"author":1,"featured_media":0,"comment_status":"closed","ping_status":"closed","sticky":false,"template":"","format":"standard","meta":{"footnotes":""},"categories":[1,17,27],"tags":[],"class_list":["post-1265","post","type-post","status-publish","format-standard","hentry","category-alle-beitraege","category-kunstprojekte","category-pneu"],"_links":{"self":[{"href":"https:\/\/bureau-heuchel-klag.de\/kunsthaus\/index.php?rest_route=\/wp\/v2\/posts\/1265","targetHints":{"allow":["GET"]}}],"collection":[{"href":"https:\/\/bureau-heuchel-klag.de\/kunsthaus\/index.php?rest_route=\/wp\/v2\/posts"}],"about":[{"href":"https:\/\/bureau-heuchel-klag.de\/kunsthaus\/index.php?rest_route=\/wp\/v2\/types\/post"}],"author":[{"embeddable":true,"href":"https:\/\/bureau-heuchel-klag.de\/kunsthaus\/index.php?rest_route=\/wp\/v2\/users\/1"}],"replies":[{"embeddable":true,"href":"https:\/\/bureau-heuchel-klag.de\/kunsthaus\/index.php?rest_route=%2Fwp%2Fv2%2Fcomments&post=1265"}],"version-history":[{"count":4,"href":"https:\/\/bureau-heuchel-klag.de\/kunsthaus\/index.php?rest_route=\/wp\/v2\/posts\/1265\/revisions"}],"predecessor-version":[{"id":1271,"href":"https:\/\/bureau-heuchel-klag.de\/kunsthaus\/index.php?rest_route=\/wp\/v2\/posts\/1265\/revisions\/1271"}],"wp:attachment":[{"href":"https:\/\/bureau-heuchel-klag.de\/kunsthaus\/index.php?rest_route=%2Fwp%2Fv2%2Fmedia&parent=1265"}],"wp:term":[{"taxonomy":"category","embeddable":true,"href":"https:\/\/bureau-heuchel-klag.de\/kunsthaus\/index.php?rest_route=%2Fwp%2Fv2%2Fcategories&post=1265"},{"taxonomy":"post_tag","embeddable":true,"href":"https:\/\/bureau-heuchel-klag.de\/kunsthaus\/index.php?rest_route=%2Fwp%2Fv2%2Ftags&post=1265"}],"curies":[{"name":"wp","href":"https:\/\/api.w.org\/{rel}","templated":true}]}}