{"id":1229,"date":"2003-02-17T21:59:07","date_gmt":"2003-02-17T21:59:07","guid":{"rendered":"http:\/\/www.bureau-heuchel-klag.de\/kunsthaus\/?p=1229"},"modified":"2012-10-12T13:54:27","modified_gmt":"2012-10-12T13:54:27","slug":"habitation-2003-bellheim","status":"publish","type":"post","link":"https:\/\/bureau-heuchel-klag.de\/kunsthaus\/?p=1229","title":{"rendered":"Habitation &#8211; 2003 Bellheim"},"content":{"rendered":"<p><a href=\"https:\/\/bureau-heuchel-klag.de\/kunsthaus\/wp-content\/uploads\/2003\/02\/habitation2000bh-001-erwiso.gif\"><img loading=\"lazy\" decoding=\"async\" class=\"alignnone  wp-image-1232\" title=\"habitation2000bh-001-erwiso\" src=\"https:\/\/bureau-heuchel-klag.de\/kunsthaus\/wp-content\/uploads\/2003\/02\/habitation2000bh-001-erwiso-150x150.gif\" alt=\"\" width=\"150\" height=\"122\" \/><\/a><a href=\"https:\/\/bureau-heuchel-klag.de\/kunsthaus\/wp-content\/uploads\/2003\/02\/be844ee7c6.gif\"><img loading=\"lazy\" decoding=\"async\" class=\"alignnone size-thumbnail wp-image-1231\" title=\"be844ee7c6\" src=\"https:\/\/bureau-heuchel-klag.de\/kunsthaus\/wp-content\/uploads\/2003\/02\/be844ee7c6-150x122.gif\" alt=\"\" width=\"150\" height=\"122\" \/><\/a><\/p>\n<p><strong>Ein Haus f\u00fcr ein Bild<\/strong><\/p>\n<p>Das Kunsthaus liegt auf dem Grundst\u00fcck 346 in der Hauptstrasse 129, 76756 Bellheim. Es hat eine L\u00e4nge von ca. 50 m eine Breite von ca. 8 m . Auf dem Grundst\u00fcck befindet sich ein giebelst\u00e4ndiges Geb\u00e4ude und eine Garage. Das Kunsthaus hat eine Breite von 4.80m. und eine L\u00e4nge von 24 m. Firsth\u00f6he ca. 12 m. Im hinteren Teil befindet sich eine 7 m x 9m gro\u00dfe Werkstatt. Das Kunsthaus hat 15 Fenster und eine Eingangst\u00fcr. Es werden weitere R\u00e4umlichkeiten ben\u00f6tigt. So k\u00f6nnte ein Wohnprogramm ausgebaut werden. Es fehlen, Archivr\u00e4ume, eine Dokumentationsstelle, weitere Ausstellungsfl\u00e4chen und eine Bibliothek.<\/p>\n<!-- PHP 5.x -->","protected":false},"excerpt":{"rendered":"<p>Habitation &#8211; 2003 Bellheim &#8211;  Ein Haus f\u00fcr ein Bild &#8211; Das Kunsthaus liegt auf dem Grundst\u00fcck 346 in der Hauptstrasse 129, 76756 Bellheim. Es hat eine L\u00e4nge von ca. 50 m eine Breite von ca. 8 m . Auf dem Grundst\u00fcck befindet sich ein giebelst\u00e4ndiges Geb\u00e4ude und eine Garage. &#8230;<\/p>\n","protected":false},"author":1,"featured_media":0,"comment_status":"closed","ping_status":"closed","sticky":false,"template":"","format":"standard","meta":{"footnotes":""},"categories":[1,26,17],"tags":[],"class_list":["post-1229","post","type-post","status-publish","format-standard","hentry","category-alle-beitraege","category-habitation","category-kunstprojekte"],"_links":{"self":[{"href":"https:\/\/bureau-heuchel-klag.de\/kunsthaus\/index.php?rest_route=\/wp\/v2\/posts\/1229","targetHints":{"allow":["GET"]}}],"collection":[{"href":"https:\/\/bureau-heuchel-klag.de\/kunsthaus\/index.php?rest_route=\/wp\/v2\/posts"}],"about":[{"href":"https:\/\/bureau-heuchel-klag.de\/kunsthaus\/index.php?rest_route=\/wp\/v2\/types\/post"}],"author":[{"embeddable":true,"href":"https:\/\/bureau-heuchel-klag.de\/kunsthaus\/index.php?rest_route=\/wp\/v2\/users\/1"}],"replies":[{"embeddable":true,"href":"https:\/\/bureau-heuchel-klag.de\/kunsthaus\/index.php?rest_route=%2Fwp%2Fv2%2Fcomments&post=1229"}],"version-history":[{"count":4,"href":"https:\/\/bureau-heuchel-klag.de\/kunsthaus\/index.php?rest_route=\/wp\/v2\/posts\/1229\/revisions"}],"predecessor-version":[{"id":2032,"href":"https:\/\/bureau-heuchel-klag.de\/kunsthaus\/index.php?rest_route=\/wp\/v2\/posts\/1229\/revisions\/2032"}],"wp:attachment":[{"href":"https:\/\/bureau-heuchel-klag.de\/kunsthaus\/index.php?rest_route=%2Fwp%2Fv2%2Fmedia&parent=1229"}],"wp:term":[{"taxonomy":"category","embeddable":true,"href":"https:\/\/bureau-heuchel-klag.de\/kunsthaus\/index.php?rest_route=%2Fwp%2Fv2%2Fcategories&post=1229"},{"taxonomy":"post_tag","embeddable":true,"href":"https:\/\/bureau-heuchel-klag.de\/kunsthaus\/index.php?rest_route=%2Fwp%2Fv2%2Ftags&post=1229"}],"curies":[{"name":"wp","href":"https:\/\/api.w.org\/{rel}","templated":true}]}}