{"id":1199,"date":"1999-04-12T18:58:30","date_gmt":"1999-04-12T18:58:30","guid":{"rendered":"http:\/\/www.bureau-heuchel-klag.de\/kunsthaus\/?p=1199"},"modified":"2012-10-12T13:55:44","modified_gmt":"2012-10-12T13:55:44","slug":"habitation-1999-dortmund","status":"publish","type":"post","link":"https:\/\/bureau-heuchel-klag.de\/kunsthaus\/?p=1199","title":{"rendered":"Habitation &#8211; 1999 Dortmund"},"content":{"rendered":"<p><a href=\"https:\/\/bureau-heuchel-klag.de\/kunsthaus\/wp-content\/uploads\/2012\/06\/habitation1999dm-002-habiaxo.gif\"><img loading=\"lazy\" decoding=\"async\" class=\"alignnone size-thumbnail wp-image-1202\" title=\"habitation1999dm-002-habiaxo\" src=\"https:\/\/bureau-heuchel-klag.de\/kunsthaus\/wp-content\/uploads\/2012\/06\/habitation1999dm-002-habiaxo-150x150.gif\" alt=\"\" width=\"150\" height=\"150\" \/><\/a><a href=\"https:\/\/bureau-heuchel-klag.de\/kunsthaus\/wp-content\/uploads\/2012\/06\/habitation1999dm-001-habiseit.jpg\"><img loading=\"lazy\" decoding=\"async\" class=\"alignnone size-thumbnail wp-image-1201\" title=\"habitation1999dm-001-habiseit\" src=\"https:\/\/bureau-heuchel-klag.de\/kunsthaus\/wp-content\/uploads\/2012\/06\/habitation1999dm-001-habiseit-150x150.jpg\" alt=\"\" width=\"150\" height=\"150\" \/><\/a><a href=\"https:\/\/bureau-heuchel-klag.de\/kunsthaus\/wp-content\/uploads\/2012\/06\/habitation1999dm-001-habilage.jpg\"><img loading=\"lazy\" decoding=\"async\" class=\"alignnone size-thumbnail wp-image-1200\" title=\"habitation1999dm-001-habilage\" src=\"https:\/\/bureau-heuchel-klag.de\/kunsthaus\/wp-content\/uploads\/2012\/06\/habitation1999dm-001-habilage-150x150.jpg\" alt=\"\" width=\"150\" height=\"150\" \/><\/a><\/p>\n<p>Ein Schrein der Arbeiten, Wohnen, Leben und Sterben in einer kompakten Form vereint. Der Hof dient dem landwirtschaftlichen Anbau und der Erholung. Die \u00dcberdachung versorgt die Siedlung mit Energie, Die Behausungen werden \u00fcber die Gassen und Medienkan\u00e4le miteinander vernetzt. Ihre durchl\u00e4ssigen W\u00e4nde folgen dem Wunsch nach freier Kommunikation und Entfaltung. Ein System aus interaktiven Membranen schm\u00fcckt, Grabkammern gleich, unsere Lebenswelt. Benutzeroberfl\u00e4chen und hieroglyphenhafte Zeichen kodieren unsere Behausungen und Erinnerungen.<\/p>\n<!-- PHP 5.x -->","protected":false},"excerpt":{"rendered":"<p>Habitation &#8211; 1999 Dortmund &#8211; Ein Schrein der Arbeiten, Wohnen, Leben und Sterben in einer kompakten Form vereint. Der Hof dient dem landwirtschaftlichen Anbau und der Erholung. Die \u00dcberdachung versorgt die Siedlung mit Energie, Die Behausungen werden \u00fcber die Gassen und Medienkan\u00e4le miteinander vernetzt. &#8230;<\/p>\n","protected":false},"author":1,"featured_media":0,"comment_status":"closed","ping_status":"closed","sticky":false,"template":"","format":"standard","meta":{"footnotes":""},"categories":[1,26,17],"tags":[],"class_list":["post-1199","post","type-post","status-publish","format-standard","hentry","category-alle-beitraege","category-habitation","category-kunstprojekte"],"_links":{"self":[{"href":"https:\/\/bureau-heuchel-klag.de\/kunsthaus\/index.php?rest_route=\/wp\/v2\/posts\/1199","targetHints":{"allow":["GET"]}}],"collection":[{"href":"https:\/\/bureau-heuchel-klag.de\/kunsthaus\/index.php?rest_route=\/wp\/v2\/posts"}],"about":[{"href":"https:\/\/bureau-heuchel-klag.de\/kunsthaus\/index.php?rest_route=\/wp\/v2\/types\/post"}],"author":[{"embeddable":true,"href":"https:\/\/bureau-heuchel-klag.de\/kunsthaus\/index.php?rest_route=\/wp\/v2\/users\/1"}],"replies":[{"embeddable":true,"href":"https:\/\/bureau-heuchel-klag.de\/kunsthaus\/index.php?rest_route=%2Fwp%2Fv2%2Fcomments&post=1199"}],"version-history":[{"count":6,"href":"https:\/\/bureau-heuchel-klag.de\/kunsthaus\/index.php?rest_route=\/wp\/v2\/posts\/1199\/revisions"}],"predecessor-version":[{"id":2039,"href":"https:\/\/bureau-heuchel-klag.de\/kunsthaus\/index.php?rest_route=\/wp\/v2\/posts\/1199\/revisions\/2039"}],"wp:attachment":[{"href":"https:\/\/bureau-heuchel-klag.de\/kunsthaus\/index.php?rest_route=%2Fwp%2Fv2%2Fmedia&parent=1199"}],"wp:term":[{"taxonomy":"category","embeddable":true,"href":"https:\/\/bureau-heuchel-klag.de\/kunsthaus\/index.php?rest_route=%2Fwp%2Fv2%2Fcategories&post=1199"},{"taxonomy":"post_tag","embeddable":true,"href":"https:\/\/bureau-heuchel-klag.de\/kunsthaus\/index.php?rest_route=%2Fwp%2Fv2%2Ftags&post=1199"}],"curies":[{"name":"wp","href":"https:\/\/api.w.org\/{rel}","templated":true}]}}