{"id":1177,"date":"2001-04-11T17:53:06","date_gmt":"2001-04-11T17:53:06","guid":{"rendered":"http:\/\/www.bureau-heuchel-klag.de\/kunsthaus\/?p=1177"},"modified":"2012-10-12T13:54:36","modified_gmt":"2012-10-12T13:54:36","slug":"grenze-2001-landau","status":"publish","type":"post","link":"https:\/\/bureau-heuchel-klag.de\/kunsthaus\/?p=1177","title":{"rendered":"Grenze &#8211; 2001 Landau"},"content":{"rendered":"<p><a href=\"https:\/\/bureau-heuchel-klag.de\/kunsthaus\/wp-content\/uploads\/2012\/06\/844e0ed745.jpg\"><img loading=\"lazy\" decoding=\"async\" class=\"alignnone size-thumbnail wp-image-1178\" title=\"844e0ed745\" src=\"https:\/\/bureau-heuchel-klag.de\/kunsthaus\/wp-content\/uploads\/2012\/06\/844e0ed745-150x150.jpg\" alt=\"\" width=\"150\" height=\"150\" \/><\/a><br \/>\n<a href=\"https:\/\/bureau-heuchel-klag.de\/kunsthaus\/wp-content\/uploads\/2012\/06\/grenze2001ld-3grenrad.jpg\"><img loading=\"lazy\" decoding=\"async\" class=\"alignnone  wp-image-1179\" title=\"grenze2001ld-3grenrad\" src=\"https:\/\/bureau-heuchel-klag.de\/kunsthaus\/wp-content\/uploads\/2012\/06\/grenze2001ld-3grenrad.jpg\" alt=\"\" width=\"640\" height=\"158\" srcset=\"https:\/\/bureau-heuchel-klag.de\/kunsthaus\/wp-content\/uploads\/2012\/06\/grenze2001ld-3grenrad.jpg 800w, https:\/\/bureau-heuchel-klag.de\/kunsthaus\/wp-content\/uploads\/2012\/06\/grenze2001ld-3grenrad-300x74.jpg 300w\" sizes=\"auto, (max-width: 640px) 100vw, 640px\" \/><\/a><\/p>\n<p>Die K\u00fcnstler Heuchel und Klag befassen sich in Ihrer Arbeit mit den deutsch-franz\u00f6sischen Nationalschwellen. Sie bearbeiten die biografische Vielschichtigkeit des Territoriums und hinterfragen dabei das Bed\u00fcrfnis nach Vereinigung und Aufl\u00f6sung von \u00dcbergangszonen. Dabei f\u00fchrt ein rein \u00e4sthetischer Umgang mit diesem Thema zur Konkretisierung der Grenzsituation: Nachdem historische Grenzmarken mehr und mehr verschwinden, m\u00fcssen neue Orientierungspunkte gefunden werden. So entstanden Entw\u00fcrfe zu pneumatischen Grenzsteinen, ein Bauwerk und ein Torbau.<br \/>\nMit der Ausstellung im Rahmen des Kultursommers m\u00f6chten die K\u00fcnstler ihr Kunst- und Architekturprojekt der Bev\u00f6lkerung vorstellen.<\/p>\n<p>&nbsp;<\/p>\n<ul>\n<li>PDF-Download: <a title=\"Einf\u00fchrungssrede Dr. Ralph Musielski\" href=\"https:\/\/bureau-heuchel-klag.de\/kunsthaus\/wp-content\/uploads\/2012\/06\/grenze2001ld-rede.pdf\" target=\"_blank\">Einf\u00fchrungssrede Dr. Ralph Musielski<\/a><\/li>\n<\/ul>\n<!-- PHP 5.x -->","protected":false},"excerpt":{"rendered":"<p>Grenze &#8211; 2001 Landau &#8211; Die K\u00fcnstler Heuchel und Klag befassen sich in Ihrer Arbeit mit den deutsch-franz\u00f6sischen Nationalschwellen. Sie bearbeiten die biografische Vielschichtigkeit des Territoriums und hinterfragen dabei das Bed\u00fcrfnis nach Vereinigung und Aufl\u00f6sung von \u00dcbergangszonen. &#8230;<\/p>\n","protected":false},"author":1,"featured_media":0,"comment_status":"closed","ping_status":"closed","sticky":false,"template":"","format":"standard","meta":{"footnotes":""},"categories":[1,24,17],"tags":[],"class_list":["post-1177","post","type-post","status-publish","format-standard","hentry","category-alle-beitraege","category-grenze","category-kunstprojekte"],"_links":{"self":[{"href":"https:\/\/bureau-heuchel-klag.de\/kunsthaus\/index.php?rest_route=\/wp\/v2\/posts\/1177","targetHints":{"allow":["GET"]}}],"collection":[{"href":"https:\/\/bureau-heuchel-klag.de\/kunsthaus\/index.php?rest_route=\/wp\/v2\/posts"}],"about":[{"href":"https:\/\/bureau-heuchel-klag.de\/kunsthaus\/index.php?rest_route=\/wp\/v2\/types\/post"}],"author":[{"embeddable":true,"href":"https:\/\/bureau-heuchel-klag.de\/kunsthaus\/index.php?rest_route=\/wp\/v2\/users\/1"}],"replies":[{"embeddable":true,"href":"https:\/\/bureau-heuchel-klag.de\/kunsthaus\/index.php?rest_route=%2Fwp%2Fv2%2Fcomments&post=1177"}],"version-history":[{"count":5,"href":"https:\/\/bureau-heuchel-klag.de\/kunsthaus\/index.php?rest_route=\/wp\/v2\/posts\/1177\/revisions"}],"predecessor-version":[{"id":1182,"href":"https:\/\/bureau-heuchel-klag.de\/kunsthaus\/index.php?rest_route=\/wp\/v2\/posts\/1177\/revisions\/1182"}],"wp:attachment":[{"href":"https:\/\/bureau-heuchel-klag.de\/kunsthaus\/index.php?rest_route=%2Fwp%2Fv2%2Fmedia&parent=1177"}],"wp:term":[{"taxonomy":"category","embeddable":true,"href":"https:\/\/bureau-heuchel-klag.de\/kunsthaus\/index.php?rest_route=%2Fwp%2Fv2%2Fcategories&post=1177"},{"taxonomy":"post_tag","embeddable":true,"href":"https:\/\/bureau-heuchel-klag.de\/kunsthaus\/index.php?rest_route=%2Fwp%2Fv2%2Ftags&post=1177"}],"curies":[{"name":"wp","href":"https:\/\/api.w.org\/{rel}","templated":true}]}}