{"id":1073,"date":"2007-06-21T13:07:03","date_gmt":"2007-06-21T13:07:03","guid":{"rendered":"http:\/\/www.bureau-heuchel-klag.de\/kunsthaus\/?p=1073"},"modified":"2012-10-12T13:54:07","modified_gmt":"2012-10-12T13:54:07","slug":"2007-thomas-ruch","status":"publish","type":"post","link":"https:\/\/bureau-heuchel-klag.de\/kunsthaus\/?p=1073","title":{"rendered":"Kunst am Haus &#8211; 2007 Thomas Ruch"},"content":{"rendered":"<p><a href=\"https:\/\/bureau-heuchel-klag.de\/kunsthaus\/wp-content\/uploads\/2012\/06\/3175c9a576.jpg\"><img loading=\"lazy\" decoding=\"async\" class=\"alignnone size-thumbnail wp-image-1081\" title=\"3175c9a576\" src=\"https:\/\/bureau-heuchel-klag.de\/kunsthaus\/wp-content\/uploads\/2012\/06\/3175c9a576-150x150.jpg\" alt=\"\" width=\"150\" height=\"150\" \/><\/a><a href=\"https:\/\/bureau-heuchel-klag.de\/kunsthaus\/wp-content\/uploads\/2012\/06\/6d66c30b16.jpg\"><img loading=\"lazy\" decoding=\"async\" class=\"alignnone size-thumbnail wp-image-1076\" title=\"6d66c30b16\" src=\"https:\/\/bureau-heuchel-klag.de\/kunsthaus\/wp-content\/uploads\/2012\/06\/6d66c30b16-150x150.jpg\" alt=\"\" width=\"150\" height=\"150\" \/><\/a><\/p>\n<p>&#8222;Auf den ersten Blick kommt das Grundst\u00fcck mit dem Haus an der Hauptsrasse 129 schmal daher. Auch beim Betreten will sich dieser Eindruck nicht abschreiben. Erstaunlich ist, dass dieser Parzelle das Schmale angehaftet bleibt. Um das Mehrfache zieht sich diese in die L\u00e4nge, offenbart und potenziert dem Betrachter die Schmalheit als Schmalheit per se.<br \/>\nUm diesen Raum zu erweitern, g\u00e4be es nichts einfacheres, als einen Spiegel anzubringen. Es w\u00e4re \u00fcberraschend, was ein Spiegel am hinteren Ende des Grundst\u00fccks im Stande w\u00e4re zu leisten. K\u00e4me dieser doch einer Erweiterung gleich, die das Vorstellungsverm\u00f6gen weit \u00fcberbietet und jede pragmatische Konstruktion schachmatt stellt.<br \/>\nDas beste Spiel ist jenes, das bei jedem Zug seine Bedingungen neu formuliert. Ausserdem ist das Spiel die h\u00f6chste Form der Muse. Wenn ich ein Haus bemalen soll und mir dazu nichts einf\u00e4llt, dann liegt nichts mehr auf der Hand, als dieses Haus mit Kringeln zu f\u00fcllen. Kringelzeichnungen erinnern uns an die Schulzeit. In langweiligen Vorlesungen gaben sie uns Anlass, die R\u00e4nder unserer B\u00fccher und Hefter damit zu bekritzeln, zu f\u00fcllen, ja zu \u00fcbers\u00e4hen, sehr zum Wohle unseres seelischen Zustandes.<br \/>\nWelche Seite auch immer eine \u00fcber zwei Finger gedrehte M\u00fcnze einnimmt, die in der Geschwindigkeit ihrer Selbstdrehung erst zum Stehen, dann beim Abklingen ihres Schwungs zum Kippen gelangt, ist nicht von Belang. Kreisende Kringel sind eine Geste der Muse.&#8220;<\/p>\n<p><a href=\"https:\/\/bureau-heuchel-klag.de\/kunsthaus\/wp-content\/uploads\/2012\/06\/f23d00d746.jpg\"><img loading=\"lazy\" decoding=\"async\" class=\"alignnone  wp-image-1087\" title=\"f23d00d746\" src=\"https:\/\/bureau-heuchel-klag.de\/kunsthaus\/wp-content\/uploads\/2012\/06\/f23d00d746-150x150.jpg\" alt=\"\" width=\"120\" height=\"120\" \/><\/a><a href=\"https:\/\/bureau-heuchel-klag.de\/kunsthaus\/wp-content\/uploads\/2012\/06\/00d438959b.jpg\"><img loading=\"lazy\" decoding=\"async\" class=\"alignnone  wp-image-1074\" title=\"00d438959b\" src=\"https:\/\/bureau-heuchel-klag.de\/kunsthaus\/wp-content\/uploads\/2012\/06\/00d438959b-150x150.jpg\" alt=\"\" width=\"120\" height=\"120\" \/><\/a><a href=\"https:\/\/bureau-heuchel-klag.de\/kunsthaus\/wp-content\/uploads\/2012\/06\/dffef91500.jpg\"><img loading=\"lazy\" decoding=\"async\" class=\"alignnone  wp-image-1086\" title=\"dffef91500\" src=\"https:\/\/bureau-heuchel-klag.de\/kunsthaus\/wp-content\/uploads\/2012\/06\/dffef91500-150x150.jpg\" alt=\"\" width=\"120\" height=\"120\" \/><\/a><a href=\"https:\/\/bureau-heuchel-klag.de\/kunsthaus\/wp-content\/uploads\/2012\/06\/d8ed6bfb87.jpg\"><img loading=\"lazy\" decoding=\"async\" class=\"alignnone  wp-image-1085\" title=\"d8ed6bfb87\" src=\"https:\/\/bureau-heuchel-klag.de\/kunsthaus\/wp-content\/uploads\/2012\/06\/d8ed6bfb87-150x150.jpg\" alt=\"\" width=\"120\" height=\"120\" \/><\/a><a href=\"https:\/\/bureau-heuchel-klag.de\/kunsthaus\/wp-content\/uploads\/2012\/06\/04d212c219.jpg\"><img loading=\"lazy\" decoding=\"async\" class=\"alignnone  wp-image-1075\" title=\"04d212c219\" src=\"https:\/\/bureau-heuchel-klag.de\/kunsthaus\/wp-content\/uploads\/2012\/06\/04d212c219-150x150.jpg\" alt=\"\" width=\"120\" height=\"120\" \/><\/a><a href=\"https:\/\/bureau-heuchel-klag.de\/kunsthaus\/wp-content\/uploads\/2012\/06\/28bfc24e0e.jpg\"><img loading=\"lazy\" decoding=\"async\" class=\"alignnone  wp-image-1078\" title=\"28bfc24e0e\" src=\"https:\/\/bureau-heuchel-klag.de\/kunsthaus\/wp-content\/uploads\/2012\/06\/28bfc24e0e-150x150.jpg\" alt=\"\" width=\"120\" height=\"120\" \/><\/a><a href=\"https:\/\/bureau-heuchel-klag.de\/kunsthaus\/wp-content\/uploads\/2012\/06\/690946eec8.jpg\"><img loading=\"lazy\" decoding=\"async\" class=\"alignnone  wp-image-1083\" title=\"690946eec8\" src=\"https:\/\/bureau-heuchel-klag.de\/kunsthaus\/wp-content\/uploads\/2012\/06\/690946eec8-150x150.jpg\" alt=\"\" width=\"120\" height=\"120\" \/><\/a><a href=\"https:\/\/bureau-heuchel-klag.de\/kunsthaus\/wp-content\/uploads\/2012\/06\/17b939a2ca.jpg\"><img loading=\"lazy\" decoding=\"async\" class=\"alignnone  wp-image-1077\" title=\"17b939a2ca\" src=\"https:\/\/bureau-heuchel-klag.de\/kunsthaus\/wp-content\/uploads\/2012\/06\/17b939a2ca-150x150.jpg\" alt=\"\" width=\"120\" height=\"120\" \/><\/a><a href=\"https:\/\/bureau-heuchel-klag.de\/kunsthaus\/wp-content\/uploads\/2012\/06\/095b96b85f.jpg\"><img loading=\"lazy\" decoding=\"async\" class=\"alignnone  wp-image-1080\" title=\"095b96b85f\" src=\"https:\/\/bureau-heuchel-klag.de\/kunsthaus\/wp-content\/uploads\/2012\/06\/095b96b85f-150x150.jpg\" alt=\"\" width=\"120\" height=\"120\" \/><\/a><a href=\"https:\/\/bureau-heuchel-klag.de\/kunsthaus\/wp-content\/uploads\/2012\/06\/a903cd5407.jpg\"><img loading=\"lazy\" decoding=\"async\" class=\"alignnone  wp-image-1084\" title=\"a903cd5407\" src=\"https:\/\/bureau-heuchel-klag.de\/kunsthaus\/wp-content\/uploads\/2012\/06\/a903cd5407-150x150.jpg\" alt=\"\" width=\"120\" height=\"120\" \/><\/a><a href=\"https:\/\/bureau-heuchel-klag.de\/kunsthaus\/wp-content\/uploads\/2012\/06\/9396b79a62.jpg\"><img loading=\"lazy\" decoding=\"async\" class=\"alignnone  wp-image-1082\" title=\"9396b79a62\" src=\"https:\/\/bureau-heuchel-klag.de\/kunsthaus\/wp-content\/uploads\/2012\/06\/9396b79a62-150x150.jpg\" alt=\"\" width=\"120\" height=\"120\" \/><\/a><a href=\"https:\/\/bureau-heuchel-klag.de\/kunsthaus\/wp-content\/uploads\/2012\/06\/61f27862e9.jpg\"><img loading=\"lazy\" decoding=\"async\" class=\"alignnone  wp-image-1079\" title=\"61f27862e9\" src=\"https:\/\/bureau-heuchel-klag.de\/kunsthaus\/wp-content\/uploads\/2012\/06\/61f27862e9-150x150.jpg\" alt=\"\" width=\"120\" height=\"120\" \/><\/a><\/p>\n<p><strong>THOMAS RUCH<\/strong><\/p>\n<p>1963 geboren in Basel, absolvierte das Studium der Freien-Kunst an der Kunstakademie D\u00fcsseldorf, das er mit dem Akademiebrief abschloss. Konrad Klapheck ernannte ihn zum Meistersch\u00fcler. Als bildender K\u00fcnstler arbeitet und lebt er in D\u00fcsseldorf und Grindelwald. Seine Biographie ist unter <a title=\"www.sokultur.ch\" href=\"http:\/\/www.sokultur.ch\" target=\"_blank\">www.sokultur.ch<\/a> \/Kulturschaffende abzurufen.<\/p>\n<!-- PHP 5.x -->","protected":false},"excerpt":{"rendered":"<p>THOMAS RUCH &#8211; 1963 geboren in Basel, absolvierte das Studium der Freien-Kunst an der Kunstakademie D\u00fcsseldorf, das er mit dem Akademiebrief abschloss. Konrad Klapheck ernannte ihn zum Meistersch\u00fcler. Als bildender K\u00fcnstler arbeitet und lebt er in D\u00fcsseldorf und Grindelwald. &#8230;<\/p>\n","protected":false},"author":1,"featured_media":0,"comment_status":"closed","ping_status":"closed","sticky":false,"template":"","format":"standard","meta":{"footnotes":""},"categories":[1,25,17],"tags":[],"class_list":["post-1073","post","type-post","status-publish","format-standard","hentry","category-alle-beitraege","category-kunst-am-haus","category-kunstprojekte"],"_links":{"self":[{"href":"https:\/\/bureau-heuchel-klag.de\/kunsthaus\/index.php?rest_route=\/wp\/v2\/posts\/1073","targetHints":{"allow":["GET"]}}],"collection":[{"href":"https:\/\/bureau-heuchel-klag.de\/kunsthaus\/index.php?rest_route=\/wp\/v2\/posts"}],"about":[{"href":"https:\/\/bureau-heuchel-klag.de\/kunsthaus\/index.php?rest_route=\/wp\/v2\/types\/post"}],"author":[{"embeddable":true,"href":"https:\/\/bureau-heuchel-klag.de\/kunsthaus\/index.php?rest_route=\/wp\/v2\/users\/1"}],"replies":[{"embeddable":true,"href":"https:\/\/bureau-heuchel-klag.de\/kunsthaus\/index.php?rest_route=%2Fwp%2Fv2%2Fcomments&post=1073"}],"version-history":[{"count":12,"href":"https:\/\/bureau-heuchel-klag.de\/kunsthaus\/index.php?rest_route=\/wp\/v2\/posts\/1073\/revisions"}],"predecessor-version":[{"id":2030,"href":"https:\/\/bureau-heuchel-klag.de\/kunsthaus\/index.php?rest_route=\/wp\/v2\/posts\/1073\/revisions\/2030"}],"wp:attachment":[{"href":"https:\/\/bureau-heuchel-klag.de\/kunsthaus\/index.php?rest_route=%2Fwp%2Fv2%2Fmedia&parent=1073"}],"wp:term":[{"taxonomy":"category","embeddable":true,"href":"https:\/\/bureau-heuchel-klag.de\/kunsthaus\/index.php?rest_route=%2Fwp%2Fv2%2Fcategories&post=1073"},{"taxonomy":"post_tag","embeddable":true,"href":"https:\/\/bureau-heuchel-klag.de\/kunsthaus\/index.php?rest_route=%2Fwp%2Fv2%2Ftags&post=1073"}],"curies":[{"name":"wp","href":"https:\/\/api.w.org\/{rel}","templated":true}]}}