{"id":1066,"date":"2004-06-28T12:22:32","date_gmt":"2004-06-28T12:22:32","guid":{"rendered":"http:\/\/www.bureau-heuchel-klag.de\/kunsthaus\/?p=1066"},"modified":"2012-06-21T12:27:15","modified_gmt":"2012-06-21T12:27:15","slug":"viva-competition-treviso","status":"publish","type":"post","link":"https:\/\/bureau-heuchel-klag.de\/kunsthaus\/?p=1066","title":{"rendered":"Viva Competition Treviso"},"content":{"rendered":"<p>mit Linn\u00e9a Saksi G\u00f6teborg<br \/>\n<a href=\"https:\/\/bureau-heuchel-klag.de\/kunsthaus\/wp-content\/uploads\/2012\/06\/viva-propeller.gif\"><img loading=\"lazy\" decoding=\"async\" class=\"alignnone size-thumbnail wp-image-1070\" title=\"viva-propeller\" src=\"https:\/\/bureau-heuchel-klag.de\/kunsthaus\/wp-content\/uploads\/2012\/06\/viva-propeller-150x150.gif\" alt=\"\" width=\"150\" height=\"150\" \/><\/a><a href=\"https:\/\/bureau-heuchel-klag.de\/kunsthaus\/wp-content\/uploads\/2012\/06\/viva-baumgruen.gif\"><img loading=\"lazy\" decoding=\"async\" class=\"alignnone size-thumbnail wp-image-1067\" title=\"viva-baumgruen\" src=\"https:\/\/bureau-heuchel-klag.de\/kunsthaus\/wp-content\/uploads\/2012\/06\/viva-baumgruen-150x150.gif\" alt=\"\" width=\"150\" height=\"150\" \/><\/a><br \/>\n<a href=\"https:\/\/bureau-heuchel-klag.de\/kunsthaus\/wp-content\/uploads\/2012\/06\/viva-cedruslibani_modern.jpg\"><img loading=\"lazy\" decoding=\"async\" class=\"alignnone size-thumbnail wp-image-1068\" title=\"viva-cedruslibani_modern\" src=\"https:\/\/bureau-heuchel-klag.de\/kunsthaus\/wp-content\/uploads\/2012\/06\/viva-cedruslibani_modern-150x150.jpg\" alt=\"\" width=\"150\" height=\"150\" \/><\/a><a href=\"https:\/\/bureau-heuchel-klag.de\/kunsthaus\/wp-content\/uploads\/2012\/06\/viva-foto.jpg\"><img loading=\"lazy\" decoding=\"async\" class=\"alignnone size-thumbnail wp-image-1069\" title=\"viva-foto\" src=\"https:\/\/bureau-heuchel-klag.de\/kunsthaus\/wp-content\/uploads\/2012\/06\/viva-foto-150x150.jpg\" alt=\"\" width=\"150\" height=\"150\" \/><\/a><br \/>\n<strong>Cedrus libani _ modern \u201cThe lebanese cedar has died. Long live the Lebanese cedar\u201d<\/strong><\/p>\n<p>K\u00fcnstliche Bl\u00e4tter ersetzen die verlorene Blattstruktur der Zeder. Die neuen Bl\u00e4tter imitieren das nat\u00fcrliche Rauschen des Windes. Sie spenden Schatten, verteilen den Wohlgeruch des Zedernholzes und machen den Baum wieder lebendig. Die k\u00fcnstlichen Bl\u00e4tter sind technische Einheiten in Form von schirmf\u00f6rmigen Paneelen. Sie werden aus einer gro\u00dfen Zahl von Mini- Ventilatoren zusammengebaut. Der Mini-Ventilator erzeugt einen k\u00fchlenden Luftstrom, der an hei\u00dfen Sommertagen angenehm erfrischt. Er besteht aus der sich bewegenden Propellereinheit und einer Ladestation. Zur Energieerzeugung werden entsprechende Solarzellen benutzt. Je nach Sonnenverlauf ver\u00e4ndert sich die Energieausbeute der Solarzelle. Das beruhigende Ger\u00e4usch der Propeller ist unter der Zeder zu h\u00f6ren. Es ver\u00e4ndert seine Lautst\u00e4rke im Laufe des Tages. Die Zeder \u201eatmet\u201c wieder. Die Einzelelemente &#8211; Ventilator und Solarzelle &#8211; werden zu fl\u00e4chigen Blatteinheiten verdichtet. Sie bedecken die vorhandene Baumstruktur. Die k\u00fcnstlichen Bl\u00e4tter werden an das vorhandene Astwerk angepasst und dort befestigt.<\/p>\n<!-- PHP 5.x -->","protected":false},"excerpt":{"rendered":"<p>Viva Competition Treviso &#8211; Cedrus libani _ modern \u201cThe lebanese cedar has died. Long live the Lebanese cedar\u201d &#8211; K\u00fcnstliche Bl\u00e4tter ersetzen die verlorene Blattstruktur der Zeder. Die neuen Bl\u00e4tter imitieren das nat\u00fcrliche Rauschen des Windes. Sie spenden Schatten, verteilen den Wohlgeruch des Zedernholzes und machen den Baum wieder lebendig. &#8230;<\/p>\n","protected":false},"author":1,"featured_media":0,"comment_status":"closed","ping_status":"closed","sticky":false,"template":"","format":"standard","meta":{"footnotes":""},"categories":[1,4],"tags":[],"class_list":["post-1066","post","type-post","status-publish","format-standard","hentry","category-alle-beitraege","category-kunst-am-bau"],"_links":{"self":[{"href":"https:\/\/bureau-heuchel-klag.de\/kunsthaus\/index.php?rest_route=\/wp\/v2\/posts\/1066","targetHints":{"allow":["GET"]}}],"collection":[{"href":"https:\/\/bureau-heuchel-klag.de\/kunsthaus\/index.php?rest_route=\/wp\/v2\/posts"}],"about":[{"href":"https:\/\/bureau-heuchel-klag.de\/kunsthaus\/index.php?rest_route=\/wp\/v2\/types\/post"}],"author":[{"embeddable":true,"href":"https:\/\/bureau-heuchel-klag.de\/kunsthaus\/index.php?rest_route=\/wp\/v2\/users\/1"}],"replies":[{"embeddable":true,"href":"https:\/\/bureau-heuchel-klag.de\/kunsthaus\/index.php?rest_route=%2Fwp%2Fv2%2Fcomments&post=1066"}],"version-history":[{"count":2,"href":"https:\/\/bureau-heuchel-klag.de\/kunsthaus\/index.php?rest_route=\/wp\/v2\/posts\/1066\/revisions"}],"predecessor-version":[{"id":1072,"href":"https:\/\/bureau-heuchel-klag.de\/kunsthaus\/index.php?rest_route=\/wp\/v2\/posts\/1066\/revisions\/1072"}],"wp:attachment":[{"href":"https:\/\/bureau-heuchel-klag.de\/kunsthaus\/index.php?rest_route=%2Fwp%2Fv2%2Fmedia&parent=1066"}],"wp:term":[{"taxonomy":"category","embeddable":true,"href":"https:\/\/bureau-heuchel-klag.de\/kunsthaus\/index.php?rest_route=%2Fwp%2Fv2%2Fcategories&post=1066"},{"taxonomy":"post_tag","embeddable":true,"href":"https:\/\/bureau-heuchel-klag.de\/kunsthaus\/index.php?rest_route=%2Fwp%2Fv2%2Ftags&post=1066"}],"curies":[{"name":"wp","href":"https:\/\/api.w.org\/{rel}","templated":true}]}}