{"id":1016,"date":"2009-02-14T11:29:23","date_gmt":"2009-02-14T11:29:23","guid":{"rendered":"http:\/\/www.bureau-heuchel-klag.de\/kunsthaus\/?p=1016"},"modified":"2012-10-09T16:52:19","modified_gmt":"2012-10-09T16:52:19","slug":"neue-bremm","status":"publish","type":"post","link":"https:\/\/bureau-heuchel-klag.de\/kunsthaus\/?p=1016","title":{"rendered":"Neue Bremm"},"content":{"rendered":"<p>Ideenwettbewerb \u201eKZ-Gedenkst\u00e4tte Neue Bremm\u201c in Saarbr\u00fccken<\/p>\n<p><a href=\"https:\/\/bureau-heuchel-klag.de\/kunsthaus\/wp-content\/uploads\/2009\/02\/neuebremm1.jpg\"><img loading=\"lazy\" decoding=\"async\" class=\"alignnone size-thumbnail wp-image-1019\" title=\"neuebremm1\" src=\"https:\/\/bureau-heuchel-klag.de\/kunsthaus\/wp-content\/uploads\/2009\/02\/neuebremm1-150x150.jpg\" alt=\"\" width=\"150\" height=\"150\" \/><\/a><a href=\"https:\/\/bureau-heuchel-klag.de\/kunsthaus\/wp-content\/uploads\/2009\/02\/neuebremm2.jpg\"><img loading=\"lazy\" decoding=\"async\" class=\"alignnone size-thumbnail wp-image-1020\" title=\"neuebremm2\" src=\"https:\/\/bureau-heuchel-klag.de\/kunsthaus\/wp-content\/uploads\/2009\/02\/neuebremm2-150x150.jpg\" alt=\"\" width=\"150\" height=\"150\" \/><\/a><a href=\"https:\/\/bureau-heuchel-klag.de\/kunsthaus\/wp-content\/uploads\/2009\/02\/neuebremm3.jpg\"><img loading=\"lazy\" decoding=\"async\" class=\"alignnone size-thumbnail wp-image-1021\" title=\"neuebremm3\" src=\"https:\/\/bureau-heuchel-klag.de\/kunsthaus\/wp-content\/uploads\/2009\/02\/neuebremm3-150x150.jpg\" alt=\"\" width=\"150\" height=\"150\" \/><\/a><\/p>\n<p>Eine Architekturform, die sich aus der vorhandenen Struktur herausarbeitet, stellt gro\u00dfr\u00e4umige Bez\u00fcge zum Umland her. Es entsteht ein weit sichtbares Zeichen, eine Irritation der Wahrnehmung. Ein schwebender, klarer K\u00f6rper nimmt die Gedenkst\u00e4tte auf. Er bietet Raum f\u00fcr neue Gedanken.<\/p>\n<!-- PHP 5.x -->","protected":false},"excerpt":{"rendered":"<p>Neue Bremm &#8211; Ideenwettbewerb \u201eKZ-Gedenkst\u00e4tte Neue Bremm\u201c in Saarbr\u00fccken &#8211; Eine Architekturform, die sich aus der vorhandenen Struktur herausarbeitet, stellt gro\u00dfr\u00e4umige Bez\u00fcge zum Umland her. Es entsteht ein weit sichtbares Zeichen, eine Irritation der Wahrnehmung. Ein schwebender, klarer K\u00f6rper nimmt die Gedenkst\u00e4tte auf. &#8230;<\/p>\n","protected":false},"author":1,"featured_media":0,"comment_status":"closed","ping_status":"closed","sticky":false,"template":"","format":"standard","meta":{"footnotes":""},"categories":[1,4],"tags":[],"class_list":["post-1016","post","type-post","status-publish","format-standard","hentry","category-alle-beitraege","category-kunst-am-bau"],"_links":{"self":[{"href":"https:\/\/bureau-heuchel-klag.de\/kunsthaus\/index.php?rest_route=\/wp\/v2\/posts\/1016","targetHints":{"allow":["GET"]}}],"collection":[{"href":"https:\/\/bureau-heuchel-klag.de\/kunsthaus\/index.php?rest_route=\/wp\/v2\/posts"}],"about":[{"href":"https:\/\/bureau-heuchel-klag.de\/kunsthaus\/index.php?rest_route=\/wp\/v2\/types\/post"}],"author":[{"embeddable":true,"href":"https:\/\/bureau-heuchel-klag.de\/kunsthaus\/index.php?rest_route=\/wp\/v2\/users\/1"}],"replies":[{"embeddable":true,"href":"https:\/\/bureau-heuchel-klag.de\/kunsthaus\/index.php?rest_route=%2Fwp%2Fv2%2Fcomments&post=1016"}],"version-history":[{"count":4,"href":"https:\/\/bureau-heuchel-klag.de\/kunsthaus\/index.php?rest_route=\/wp\/v2\/posts\/1016\/revisions"}],"predecessor-version":[{"id":1018,"href":"https:\/\/bureau-heuchel-klag.de\/kunsthaus\/index.php?rest_route=\/wp\/v2\/posts\/1016\/revisions\/1018"}],"wp:attachment":[{"href":"https:\/\/bureau-heuchel-klag.de\/kunsthaus\/index.php?rest_route=%2Fwp%2Fv2%2Fmedia&parent=1016"}],"wp:term":[{"taxonomy":"category","embeddable":true,"href":"https:\/\/bureau-heuchel-klag.de\/kunsthaus\/index.php?rest_route=%2Fwp%2Fv2%2Fcategories&post=1016"},{"taxonomy":"post_tag","embeddable":true,"href":"https:\/\/bureau-heuchel-klag.de\/kunsthaus\/index.php?rest_route=%2Fwp%2Fv2%2Ftags&post=1016"}],"curies":[{"name":"wp","href":"https:\/\/api.w.org\/{rel}","templated":true}]}}