{"id":1000,"date":"2006-03-15T11:04:48","date_gmt":"2006-03-15T11:04:48","guid":{"rendered":"http:\/\/www.bureau-heuchel-klag.de\/kunsthaus\/?p=1000"},"modified":"2012-06-21T11:19:39","modified_gmt":"2012-06-21T11:19:39","slug":"lux-naturae-warschau","status":"publish","type":"post","link":"https:\/\/bureau-heuchel-klag.de\/kunsthaus\/?p=1000","title":{"rendered":"Lux Naturae Warschau"},"content":{"rendered":"<p><a href=\"https:\/\/bureau-heuchel-klag.de\/kunsthaus\/wp-content\/uploads\/2012\/06\/9ad00ac012.jpg\"><img loading=\"lazy\" decoding=\"async\" class=\"alignnone  wp-image-1001\" title=\"9ad00ac012\" src=\"https:\/\/bureau-heuchel-klag.de\/kunsthaus\/wp-content\/uploads\/2012\/06\/9ad00ac012.jpg\" alt=\"\" width=\"590\" height=\"240\" \/><\/a><br \/>\n<strong>Lux Naturae (La luz es materia)<\/strong><\/p>\n<p>Ein historischer Baumbestand s\u00e4umt das Botschaftsgel\u00e4nde in Warschau. Eine schwebende, horizontale Leuchtskulptur wird in das Tragwerk der vorhandenen B\u00e4ume gelegt. Der Leuchtk\u00f6rper schwebt in 2,2 m H\u00f6he \u00fcber dem Boden. Er wird an den B\u00e4umen mit einfachen Abspannungen befestigt. Er hat eine L\u00e4nge von 50 m und einen Durchmesser von 0,4 m. Die H\u00fclle ist aus modularen Kunststoffelementen vorgefertigt. Im Innern sind Leuchtstoffr\u00f6hren installiert. Sie k\u00f6nnen \u00fcber Revisionsklappen gereinigt und ausgetauscht werden.<br \/>\n<a href=\"https:\/\/bureau-heuchel-klag.de\/kunsthaus\/wp-content\/uploads\/2012\/06\/7167c052b4.jpg\"><img loading=\"lazy\" decoding=\"async\" class=\"alignnone  wp-image-1002\" title=\"7167c052b4\" src=\"https:\/\/bureau-heuchel-klag.de\/kunsthaus\/wp-content\/uploads\/2012\/06\/7167c052b4-150x150.jpg\" alt=\"\" width=\"100\" height=\"100\" \/><\/a><a href=\"https:\/\/bureau-heuchel-klag.de\/kunsthaus\/wp-content\/uploads\/2012\/06\/af5aef9e48.jpg\"><img loading=\"lazy\" decoding=\"async\" class=\"alignnone  wp-image-1004\" title=\"af5aef9e48\" src=\"https:\/\/bureau-heuchel-klag.de\/kunsthaus\/wp-content\/uploads\/2012\/06\/af5aef9e48-150x150.jpg\" alt=\"\" width=\"100\" height=\"100\" \/><\/a><a href=\"https:\/\/bureau-heuchel-klag.de\/kunsthaus\/wp-content\/uploads\/2012\/06\/72066c384e.jpg\"><img loading=\"lazy\" decoding=\"async\" class=\"alignnone  wp-image-1003\" title=\"72066c384e\" src=\"https:\/\/bureau-heuchel-klag.de\/kunsthaus\/wp-content\/uploads\/2012\/06\/72066c384e-150x150.jpg\" alt=\"\" width=\"100\" height=\"100\" \/><\/a><a href=\"https:\/\/bureau-heuchel-klag.de\/kunsthaus\/wp-content\/uploads\/2012\/06\/c8cdc9ec8b.jpg\"><img loading=\"lazy\" decoding=\"async\" class=\"alignnone  wp-image-1005\" title=\"c8cdc9ec8b\" src=\"https:\/\/bureau-heuchel-klag.de\/kunsthaus\/wp-content\/uploads\/2012\/06\/c8cdc9ec8b-150x150.jpg\" alt=\"\" width=\"100\" height=\"100\" \/><\/a><a href=\"https:\/\/bureau-heuchel-klag.de\/kunsthaus\/wp-content\/uploads\/2012\/06\/lux-naturae-04.jpg\"><img loading=\"lazy\" decoding=\"async\" class=\"alignnone  wp-image-1006\" title=\"lux-naturae-04\" src=\"https:\/\/bureau-heuchel-klag.de\/kunsthaus\/wp-content\/uploads\/2012\/06\/lux-naturae-04-150x150.jpg\" alt=\"\" width=\"100\" height=\"100\" \/><\/a><\/p>\n<!-- PHP 5.x -->","protected":false},"excerpt":{"rendered":"<p>Lux Naturae Warschau &#8211; Lux Naturae (La luz es materia) &#8211; Ein historischer Baumbestand s\u00e4umt das Botschaftsgel\u00e4nde in Warschau. Eine schwebende, horizontale Leuchtskulptur wird in das Tragwerk der vorhandenen B\u00e4ume gelegt. Der Leuchtk\u00f6rper schwebt in 2,2 m H\u00f6he \u00fcber dem Boden. &#8230;<\/p>\n","protected":false},"author":1,"featured_media":0,"comment_status":"closed","ping_status":"closed","sticky":false,"template":"","format":"standard","meta":{"footnotes":""},"categories":[1,4],"tags":[],"class_list":["post-1000","post","type-post","status-publish","format-standard","hentry","category-alle-beitraege","category-kunst-am-bau"],"_links":{"self":[{"href":"https:\/\/bureau-heuchel-klag.de\/kunsthaus\/index.php?rest_route=\/wp\/v2\/posts\/1000","targetHints":{"allow":["GET"]}}],"collection":[{"href":"https:\/\/bureau-heuchel-klag.de\/kunsthaus\/index.php?rest_route=\/wp\/v2\/posts"}],"about":[{"href":"https:\/\/bureau-heuchel-klag.de\/kunsthaus\/index.php?rest_route=\/wp\/v2\/types\/post"}],"author":[{"embeddable":true,"href":"https:\/\/bureau-heuchel-klag.de\/kunsthaus\/index.php?rest_route=\/wp\/v2\/users\/1"}],"replies":[{"embeddable":true,"href":"https:\/\/bureau-heuchel-klag.de\/kunsthaus\/index.php?rest_route=%2Fwp%2Fv2%2Fcomments&post=1000"}],"version-history":[{"count":9,"href":"https:\/\/bureau-heuchel-klag.de\/kunsthaus\/index.php?rest_route=\/wp\/v2\/posts\/1000\/revisions"}],"predecessor-version":[{"id":1008,"href":"https:\/\/bureau-heuchel-klag.de\/kunsthaus\/index.php?rest_route=\/wp\/v2\/posts\/1000\/revisions\/1008"}],"wp:attachment":[{"href":"https:\/\/bureau-heuchel-klag.de\/kunsthaus\/index.php?rest_route=%2Fwp%2Fv2%2Fmedia&parent=1000"}],"wp:term":[{"taxonomy":"category","embeddable":true,"href":"https:\/\/bureau-heuchel-klag.de\/kunsthaus\/index.php?rest_route=%2Fwp%2Fv2%2Fcategories&post=1000"},{"taxonomy":"post_tag","embeddable":true,"href":"https:\/\/bureau-heuchel-klag.de\/kunsthaus\/index.php?rest_route=%2Fwp%2Fv2%2Ftags&post=1000"}],"curies":[{"name":"wp","href":"https:\/\/api.w.org\/{rel}","templated":true}]}}